{"id":100,"date":"2016-11-27T19:54:16","date_gmt":"2016-11-27T18:54:16","guid":{"rendered":"https:\/\/amdg.ffdi.hr\/?p=100"},"modified":"2020-09-27T09:56:49","modified_gmt":"2020-09-27T07:56:49","slug":"strucni-radovi","status":"publish","type":"post","link":"https:\/\/amdg.ffrz.hr\/?p=100","title":{"rendered":"Stru\u010dni radovi"},"content":{"rendered":"<h2>c) Stru\u010dni radovi<\/h2>\n<p>&#8220;Sv. Pavao \u2013 u\u010denik i u\u010ditelj Rije\u010di. Duhovnost Apostola narod\u00e2 i redovni\u010dki odgoj&#8221; <strong>stru\u010dni rad<\/strong> u <em>Posve\u0107eni \u017eivot. Prinosi redovni\u010dkoj obnovi<\/em> (<strong>ISSN 1846-7180<\/strong>), god. XIV., br. 25-26 (1-2), Zagreb 2009., str. 63-72.<br \/>\n<a href=\"https:\/\/amdg.ffrz.hr\/pavao\/pavao_vijecanje.html\">e-izdanje<\/a><\/p>\n<p>&#8220;Bit \u0107e\u0161 Bog moj (usp. Post 28,1). Zavjetovanje i posve\u0107eni \u017eivot u Svetom pismu&#8221; <strong>stru\u010dni rad<\/strong> u <em>Posve\u0107eni \u017eivot <\/em>(<strong>ISSN 1846-7180<\/strong>), br 1 i 2 (29 i 30), god. 15, Zagreb 2011., str. 7\u201320.<\/p>\n<h3>c1) Brak i obitelj u Svetom pismu (Teologija obitelji)<\/h3>\n<p><a href=\"https:\/\/amdg.ffrz.hr\/obiteljska\/31mladi.php\">\u201eMladi u Objavi\u201d, 31. Obiteljska ljetna \u0161kola FTI, Zagreb, Fratrovac, 2002.<\/a><\/p>\n<p><a href=\"https:\/\/amdg.ffrz.hr\/obiteljska\/32brakiobiteljSZ.php\">&#8220;Brak i obitelj u Svetom pismu (SZ)&#8221;, 32. Obiteljska ljetna \u0161kola FTI, Fratrovac 2003.<\/a><\/p>\n<p><a href=\"https:\/\/amdg.ffrz.hr\/obiteljska\/33solidarnost.php\">\u201eSolidarnost me\u0111u obiteljima u iskustvu Prve Crkve\u201d, 33. Obiteljska ljetna \u0161kola FTI, Fratrovac, 26. kolovoza 2004.<\/a><\/p>\n<p><a href=\"https:\/\/amdg.ffrz.hr\/obiteljska\/35dijalog.php\">\u201eObiteljski dijalog u Svetom pismu. Slike iz \u017eivota praoca Jakova\u201d, 35. Obiteljska ljetna \u0161kola FTI, Jordanovac, 24. kolovoza 2006.<\/a><\/p>\n<p><a href=\"https:\/\/amdg.ffrz.hr\/obiteljska\/36vrednote.php\">\u201eVrednote u objavi. Obitelj kao \u0161kola vrednota u Svetom pismu i u iskustvu Crkve\u201d, 36. Obiteljska ljetna \u0161kola FTI, Jordanovac, 24. kolovoza 2007.<\/a><\/p>\n<p><a href=\"https:\/\/amdg.ffrz.hr\/obiteljska\/37odgovornost.php\">&#8220;Odgovornost u Objavi&#8221;, izlaganje na 37. Obiteljskoj ljetnoj \u0161koli FTI, Jordanovac, 28. kolovoza 2008.<\/a><\/p>\n<p><a href=\"https:\/\/amdg.ffrz.hr\/obiteljska\/39identitet.php\">&#8220;Temelji obiteljskoga identiteta u Bibliji&#8221;, 39. Obiteljska ljetna \u0161kola FTI, Zagreb, 27. kolovoza 2010.<\/a><\/p>\n<p><a href=\"https:\/\/amdg.ffrz.hr\/40konflikti.php\">&#8220;Obiteljski konflikti u biblijskoj povijesti. Svetopisamski pogled na upravljanje konfliktima u obitelji kao prevencija nasilju&#8221; 40. obiteljska ljetna \u0161kola FTI, Jordanovac \u2013 Zagreb, 26. kolovoza 2011. <\/a><\/p>\n<p><a href=\"https:\/\/amdg.eu\/2012\/08\/uzad-podzemlja-sputise-mene\/\"><em>\u201cU\u017ead Podzemlja sputi\u0161e mene\u201d (Ps 18,6) \u2013 Biblija i problem ovisnosti<\/em>, 24.08.2012. na 41. obiteljskoj ljetnoj \u0161koli Obiteljskoga centra Filozofsko-teolo\u0161koga instituta DI u Zagrebu: \u201cOvisnosti u obitelji \u2013 njihovo prepoznavanje i pristup\u201d<\/a><\/p>\n<p><a href=\"https:\/\/amdg.eu\/2013\/11\/cjeloviti-odgoj-u-inspiraciji-svetoga-pisma\/\">&#8220;Cjeloviti odgoj u inspiraciji Svetoga pisma&#8221;, 42. obiteljska ljetna \u0161kola Obiteljskoga centra Filozofsko-teolo\u0161koga instituta Dru\u017ebe Isusove: \u201cObitelj \u2013 mjesto cjelovitog odgoja\u201d; 29.08. do 01.09. 2013. u dvorani Peter-Hans Kolvenbach na FFDI, Zagreb<\/a><\/p>\n<p><a href=\"https:\/\/amdg.eu\/2014\/09\/43-obiteljska-ljetna-skola\/\">\u201cObiteljsko zajedni\u0161tvo u svjetlu i snazi Objave\u201d, 43. obiteljska ljetna \u0161kola Obiteljskoga centra, petak 29. kolovoza 2014. na Filozofskom fakultetu Dru\u017ebe Isusve, Zagreb &#8211; audio<\/a><\/p>\n<p><a href=\"https:\/\/amdg.eu\/2015\/08\/strah-i-povjerenje-u-biblijskim-obiteljima\/\">&#8220;Strah i povjerenje u biblijskim obiteljima&#8221;, 44. obiteljska ljetna \u0161kola Obiteljskoga centra, subota, 29. kolovoza 2015. na Filozofskom fakultetu Dru\u017ebe Isusove, Zagreb.<\/a><\/p>\n<p><a href=\"https:\/\/amdg.eu\/2017\/08\/vrijeme-za-obitelj\/\">&#8220;Vrijeme za obitelj u Bibliji&#8221;, 46. obiteljska ljetna \u0161kola, petak, 25. kolovoza 2018., FFRZ, Zagreb.<\/a><\/p>\n<h3>c2) Religija i \u0161port<\/h3>\n<p>\u201eDobar boj\u201d u:<em> Olimp. Magazin Hrvatskog olimpijskog odbora <\/em>(ISSN 1331-9523), 22 (2007), 16\u201317. CROSBI 600524<\/p>\n<p>\u201eBorba za blagoslov\u201d, Olimp. Magazin Hrvatskog olimpijskog odbora (ISSN 1331-9523), 23 (2007), 16-17.<\/p>\n<p>\u201eSamo siloviti\u201d, <em>Olimp. Magazin Hrvatskog olimpijskog odbora<\/em> (ISSN 1331-9523), 24 (2007), 16-17.<\/p>\n<p>\u201eNe\u0107u zadrhtati\u201c, <em>Olimp. Magazin Hrvatskog olimpijskog odbora<\/em> (ISSN 1331-9523), 25 (2007), 18-19.<\/p>\n<p>\u201eKamo to vodi?\u201c, <em>Olimp. Magazin Hrvatskog olimpijskog odbora<\/em> (ISSN 1331-9523), 26 (2008), 16-17.<\/p>\n<p>\u201eIdem s tobom\u201c, <em>Olimp. Magazin Hrvatskog olimpijskog odbora <\/em>(ISSN 1331-9523)<em>, <\/em>27 (2008), 16-17.<\/p>\n<p>\u201eReligija tijela\u201c, <em>Olimp. Magazin Hrvatskog olimpijskog odbora <\/em>(ISSN 1331-9523)<em>, <\/em>28 (2008), 16-17.<\/p>\n<p>\u201eU visinama\u201c <em>Olimp. Magazin Hrvatskog olimpijskog odbora <\/em>(ISSN 1331-9523)<em>, <\/em>29 (2008), str 18-19.<\/p>\n<p>\u201ePobijedi Golijata!\u201c <em>Olimp. Magazin Hrvatskog olimpijskog odbora <\/em>(ISSN 1331-9523)<em>, <\/em>30 (2009), str. 16-17.<\/p>\n<p>\u201eRatnik i molitelj\u201c, <em>Olimp. Magazin Hrvatskog olimpijskog odbora <\/em>(ISSN 1331-9523)<em>, <\/em>30 (lipanj 2009), str. 16-17.<\/p>\n<p>\u201e\u017denska ruka\u201c, <em>Olimp. Magazin Hrvatskog olimpijskog odbora <\/em>(ISSN 1331-9523)<em>, <\/em>31 (rujan 2009), str. 16-17.<\/p>\n<p>\u201eSudbonosno koplje\u201c, <em>Olimp. Magazin Hrvatskog olimpijskog odbora <\/em>(ISSN 1331-9523)<em>, <\/em>32 (prosinac 2009), str. 16-17.<\/p>\n","protected":false},"excerpt":{"rendered":"<p>c) Stru\u010dni radovi &#8220;Sv. Pavao \u2013 u\u010denik i u\u010ditelj Rije\u010di. Duhovnost Apostola narod\u00e2 i redovni\u010dki odgoj&#8221; stru\u010dni rad u Posve\u0107eni \u017eivot. Prinosi redovni\u010dkoj obnovi (ISSN 1846-7180), god. XIV., br. 25-26 (1-2), Zagreb 2009., str. 63-72. e-izdanje &#8220;Bit \u0107e\u0161 Bog moj (usp. Post 28,1). Zavjetovanje i posve\u0107eni \u017eivot u Svetom pismu&#8221; stru\u010dni rad u Posve\u0107eni \u017eivot [&hellip;]<\/p>\n","protected":false},"author":1,"featured_media":0,"comment_status":"closed","ping_status":"closed","sticky":false,"template":"","format":"standard","meta":{"footnotes":""},"categories":[1],"tags":[],"class_list":["post-100","post","type-post","status-publish","format-standard","hentry","category-nekategorizirano"],"yoast_head":"<!-- This site is optimized with the Yoast SEO plugin v26.0 - https:\/\/yoast.com\/wordpress\/plugins\/seo\/ -->\n<title>Stru\u010dni radovi - Ad maiorem Dei gloriam<\/title>\n<meta name=\"robots\" content=\"index, follow, max-snippet:-1, max-image-preview:large, max-video-preview:-1\" \/>\n<link rel=\"canonical\" href=\"https:\/\/amdg.ffrz.hr\/?p=100\" \/>\n<meta property=\"og:locale\" content=\"hr_HR\" \/>\n<meta property=\"og:type\" content=\"article\" \/>\n<meta property=\"og:title\" content=\"Stru\u010dni radovi - Ad maiorem Dei gloriam\" \/>\n<meta property=\"og:description\" content=\"c) Stru\u010dni radovi &#8220;Sv. Pavao \u2013 u\u010denik i u\u010ditelj Rije\u010di. Duhovnost Apostola narod\u00e2 i redovni\u010dki odgoj&#8221; stru\u010dni rad u Posve\u0107eni \u017eivot. Prinosi redovni\u010dkoj obnovi (ISSN 1846-7180), god. XIV., br. 25-26 (1-2), Zagreb 2009., str. 63-72. e-izdanje &#8220;Bit \u0107e\u0161 Bog moj (usp. Post 28,1). Zavjetovanje i posve\u0107eni \u017eivot u Svetom pismu&#8221; stru\u010dni rad u Posve\u0107eni \u017eivot [&hellip;]\" \/>\n<meta property=\"og:url\" content=\"https:\/\/amdg.ffrz.hr\/?p=100\" \/>\n<meta property=\"og:site_name\" content=\"Ad maiorem Dei gloriam\" \/>\n<meta property=\"article:publisher\" content=\"https:\/\/www.facebook.com\/paterniko\" \/>\n<meta property=\"article:author\" content=\"https:\/\/www.facebook.com\/paterniko\" \/>\n<meta property=\"article:published_time\" content=\"2016-11-27T18:54:16+00:00\" \/>\n<meta property=\"article:modified_time\" content=\"2020-09-27T07:56:49+00:00\" \/>\n<meta name=\"author\" content=\"Niko Bili\u0107 SJ\" \/>\n<meta name=\"twitter:card\" content=\"summary_large_image\" \/>\n<meta name=\"twitter:label1\" content=\"Napisao\/la\" \/>\n\t<meta name=\"twitter:data1\" content=\"Niko Bili\u0107 SJ\" \/>\n\t<meta name=\"twitter:label2\" content=\"Procijenjeno vrijeme \u010ditanja\" \/>\n\t<meta name=\"twitter:data2\" content=\"2 minute\" \/>\n<script type=\"application\/ld+json\" class=\"yoast-schema-graph\">{\"@context\":\"https:\/\/schema.org\",\"@graph\":[{\"@type\":\"Article\",\"@id\":\"https:\/\/amdg.ffrz.hr\/?p=100#article\",\"isPartOf\":{\"@id\":\"https:\/\/amdg.ffrz.hr\/?p=100\"},\"author\":{\"name\":\"Niko Bili\u0107 SJ\",\"@id\":\"https:\/\/amdg.ffrz.hr\/#\/schema\/person\/a3d4a18838314f7054f7cdc4f4d45f4a\"},\"headline\":\"Stru\u010dni radovi\",\"datePublished\":\"2016-11-27T18:54:16+00:00\",\"dateModified\":\"2020-09-27T07:56:49+00:00\",\"mainEntityOfPage\":{\"@id\":\"https:\/\/amdg.ffrz.hr\/?p=100\"},\"wordCount\":451,\"publisher\":{\"@id\":\"https:\/\/amdg.ffrz.hr\/#\/schema\/person\/a3d4a18838314f7054f7cdc4f4d45f4a\"},\"inLanguage\":\"hr\"},{\"@type\":\"WebPage\",\"@id\":\"https:\/\/amdg.ffrz.hr\/?p=100\",\"url\":\"https:\/\/amdg.ffrz.hr\/?p=100\",\"name\":\"Stru\u010dni radovi - Ad maiorem Dei gloriam\",\"isPartOf\":{\"@id\":\"https:\/\/amdg.ffrz.hr\/#website\"},\"datePublished\":\"2016-11-27T18:54:16+00:00\",\"dateModified\":\"2020-09-27T07:56:49+00:00\",\"breadcrumb\":{\"@id\":\"https:\/\/amdg.ffrz.hr\/?p=100#breadcrumb\"},\"inLanguage\":\"hr\",\"potentialAction\":[{\"@type\":\"ReadAction\",\"target\":[\"https:\/\/amdg.ffrz.hr\/?p=100\"]}]},{\"@type\":\"BreadcrumbList\",\"@id\":\"https:\/\/amdg.ffrz.hr\/?p=100#breadcrumb\",\"itemListElement\":[{\"@type\":\"ListItem\",\"position\":1,\"name\":\"Po\u010detna stranica\",\"item\":\"https:\/\/amdg.ffrz.hr\/\"},{\"@type\":\"ListItem\",\"position\":2,\"name\":\"Stru\u010dni radovi\"}]},{\"@type\":\"WebSite\",\"@id\":\"https:\/\/amdg.ffrz.hr\/#website\",\"url\":\"https:\/\/amdg.ffrz.hr\/\",\"name\":\"Ad maiorem Dei gloriam\",\"description\":\"doc. dr. sc. Niko Bili\u0107:  nastava, duhovnost i cjelo\u017eivotno u\u010denje\",\"publisher\":{\"@id\":\"https:\/\/amdg.ffrz.hr\/#\/schema\/person\/a3d4a18838314f7054f7cdc4f4d45f4a\"},\"potentialAction\":[{\"@type\":\"SearchAction\",\"target\":{\"@type\":\"EntryPoint\",\"urlTemplate\":\"https:\/\/amdg.ffrz.hr\/?s={search_term_string}\"},\"query-input\":{\"@type\":\"PropertyValueSpecification\",\"valueRequired\":true,\"valueName\":\"search_term_string\"}}],\"inLanguage\":\"hr\"},{\"@type\":[\"Person\",\"Organization\"],\"@id\":\"https:\/\/amdg.ffrz.hr\/#\/schema\/person\/a3d4a18838314f7054f7cdc4f4d45f4a\",\"name\":\"Niko Bili\u0107 SJ\",\"image\":{\"@type\":\"ImageObject\",\"inLanguage\":\"hr\",\"@id\":\"https:\/\/amdg.ffrz.hr\/#\/schema\/person\/image\/\",\"url\":\"https:\/\/secure.gravatar.com\/avatar\/14c6ebb29114394312c36c8ab93231d11917870146d266275d4470c0b6c44b88?s=96&d=blank&r=g\",\"contentUrl\":\"https:\/\/secure.gravatar.com\/avatar\/14c6ebb29114394312c36c8ab93231d11917870146d266275d4470c0b6c44b88?s=96&d=blank&r=g\",\"caption\":\"Niko Bili\u0107 SJ\"},\"logo\":{\"@id\":\"https:\/\/amdg.ffrz.hr\/#\/schema\/person\/image\/\"},\"sameAs\":[\"https:\/\/amdg.ffrz.hr\",\"https:\/\/www.facebook.com\/paterniko\",\"https:\/\/www.youtube.com\/user\/paterniko\"]}]}<\/script>\n<!-- \/ Yoast SEO plugin. -->","yoast_head_json":{"title":"Stru\u010dni radovi - Ad maiorem Dei gloriam","robots":{"index":"index","follow":"follow","max-snippet":"max-snippet:-1","max-image-preview":"max-image-preview:large","max-video-preview":"max-video-preview:-1"},"canonical":"https:\/\/amdg.ffrz.hr\/?p=100","og_locale":"hr_HR","og_type":"article","og_title":"Stru\u010dni radovi - Ad maiorem Dei gloriam","og_description":"c) Stru\u010dni radovi &#8220;Sv. Pavao \u2013 u\u010denik i u\u010ditelj Rije\u010di. Duhovnost Apostola narod\u00e2 i redovni\u010dki odgoj&#8221; stru\u010dni rad u Posve\u0107eni \u017eivot. Prinosi redovni\u010dkoj obnovi (ISSN 1846-7180), god. XIV., br. 25-26 (1-2), Zagreb 2009., str. 63-72. e-izdanje &#8220;Bit \u0107e\u0161 Bog moj (usp. Post 28,1). Zavjetovanje i posve\u0107eni \u017eivot u Svetom pismu&#8221; stru\u010dni rad u Posve\u0107eni \u017eivot [&hellip;]","og_url":"https:\/\/amdg.ffrz.hr\/?p=100","og_site_name":"Ad maiorem Dei gloriam","article_publisher":"https:\/\/www.facebook.com\/paterniko","article_author":"https:\/\/www.facebook.com\/paterniko","article_published_time":"2016-11-27T18:54:16+00:00","article_modified_time":"2020-09-27T07:56:49+00:00","author":"Niko Bili\u0107 SJ","twitter_card":"summary_large_image","twitter_misc":{"Napisao\/la":"Niko Bili\u0107 SJ","Procijenjeno vrijeme \u010ditanja":"2 minute"},"schema":{"@context":"https:\/\/schema.org","@graph":[{"@type":"Article","@id":"https:\/\/amdg.ffrz.hr\/?p=100#article","isPartOf":{"@id":"https:\/\/amdg.ffrz.hr\/?p=100"},"author":{"name":"Niko Bili\u0107 SJ","@id":"https:\/\/amdg.ffrz.hr\/#\/schema\/person\/a3d4a18838314f7054f7cdc4f4d45f4a"},"headline":"Stru\u010dni radovi","datePublished":"2016-11-27T18:54:16+00:00","dateModified":"2020-09-27T07:56:49+00:00","mainEntityOfPage":{"@id":"https:\/\/amdg.ffrz.hr\/?p=100"},"wordCount":451,"publisher":{"@id":"https:\/\/amdg.ffrz.hr\/#\/schema\/person\/a3d4a18838314f7054f7cdc4f4d45f4a"},"inLanguage":"hr"},{"@type":"WebPage","@id":"https:\/\/amdg.ffrz.hr\/?p=100","url":"https:\/\/amdg.ffrz.hr\/?p=100","name":"Stru\u010dni radovi - Ad maiorem Dei gloriam","isPartOf":{"@id":"https:\/\/amdg.ffrz.hr\/#website"},"datePublished":"2016-11-27T18:54:16+00:00","dateModified":"2020-09-27T07:56:49+00:00","breadcrumb":{"@id":"https:\/\/amdg.ffrz.hr\/?p=100#breadcrumb"},"inLanguage":"hr","potentialAction":[{"@type":"ReadAction","target":["https:\/\/amdg.ffrz.hr\/?p=100"]}]},{"@type":"BreadcrumbList","@id":"https:\/\/amdg.ffrz.hr\/?p=100#breadcrumb","itemListElement":[{"@type":"ListItem","position":1,"name":"Po\u010detna stranica","item":"https:\/\/amdg.ffrz.hr\/"},{"@type":"ListItem","position":2,"name":"Stru\u010dni radovi"}]},{"@type":"WebSite","@id":"https:\/\/amdg.ffrz.hr\/#website","url":"https:\/\/amdg.ffrz.hr\/","name":"Ad maiorem Dei gloriam","description":"doc. dr. sc. Niko Bili\u0107:  nastava, duhovnost i cjelo\u017eivotno u\u010denje","publisher":{"@id":"https:\/\/amdg.ffrz.hr\/#\/schema\/person\/a3d4a18838314f7054f7cdc4f4d45f4a"},"potentialAction":[{"@type":"SearchAction","target":{"@type":"EntryPoint","urlTemplate":"https:\/\/amdg.ffrz.hr\/?s={search_term_string}"},"query-input":{"@type":"PropertyValueSpecification","valueRequired":true,"valueName":"search_term_string"}}],"inLanguage":"hr"},{"@type":["Person","Organization"],"@id":"https:\/\/amdg.ffrz.hr\/#\/schema\/person\/a3d4a18838314f7054f7cdc4f4d45f4a","name":"Niko Bili\u0107 SJ","image":{"@type":"ImageObject","inLanguage":"hr","@id":"https:\/\/amdg.ffrz.hr\/#\/schema\/person\/image\/","url":"https:\/\/secure.gravatar.com\/avatar\/14c6ebb29114394312c36c8ab93231d11917870146d266275d4470c0b6c44b88?s=96&d=blank&r=g","contentUrl":"https:\/\/secure.gravatar.com\/avatar\/14c6ebb29114394312c36c8ab93231d11917870146d266275d4470c0b6c44b88?s=96&d=blank&r=g","caption":"Niko Bili\u0107 SJ"},"logo":{"@id":"https:\/\/amdg.ffrz.hr\/#\/schema\/person\/image\/"},"sameAs":["https:\/\/amdg.ffrz.hr","https:\/\/www.facebook.com\/paterniko","https:\/\/www.youtube.com\/user\/paterniko"]}]}},"_links":{"self":[{"href":"https:\/\/amdg.ffrz.hr\/index.php?rest_route=\/wp\/v2\/posts\/100","targetHints":{"allow":["GET"]}}],"collection":[{"href":"https:\/\/amdg.ffrz.hr\/index.php?rest_route=\/wp\/v2\/posts"}],"about":[{"href":"https:\/\/amdg.ffrz.hr\/index.php?rest_route=\/wp\/v2\/types\/post"}],"author":[{"embeddable":true,"href":"https:\/\/amdg.ffrz.hr\/index.php?rest_route=\/wp\/v2\/users\/1"}],"replies":[{"embeddable":true,"href":"https:\/\/amdg.ffrz.hr\/index.php?rest_route=%2Fwp%2Fv2%2Fcomments&post=100"}],"version-history":[{"count":8,"href":"https:\/\/amdg.ffrz.hr\/index.php?rest_route=\/wp\/v2\/posts\/100\/revisions"}],"predecessor-version":[{"id":3628,"href":"https:\/\/amdg.ffrz.hr\/index.php?rest_route=\/wp\/v2\/posts\/100\/revisions\/3628"}],"wp:attachment":[{"href":"https:\/\/amdg.ffrz.hr\/index.php?rest_route=%2Fwp%2Fv2%2Fmedia&parent=100"}],"wp:term":[{"taxonomy":"category","embeddable":true,"href":"https:\/\/amdg.ffrz.hr\/index.php?rest_route=%2Fwp%2Fv2%2Fcategories&post=100"},{"taxonomy":"post_tag","embeddable":true,"href":"https:\/\/amdg.ffrz.hr\/index.php?rest_route=%2Fwp%2Fv2%2Ftags&post=100"}],"curies":[{"name":"wp","href":"https:\/\/api.w.org\/{rel}","templated":true}]}}