{"id":1132,"date":"2018-10-01T09:57:58","date_gmt":"2018-10-01T07:57:58","guid":{"rendered":"https:\/\/amdg.ffrz.hr\/?p=1132"},"modified":"2018-10-01T09:58:34","modified_gmt":"2018-10-01T07:58:34","slug":"posalji-duha-svojega","status":"publish","type":"post","link":"https:\/\/amdg.ffrz.hr\/?p=1132","title":{"rendered":"Po\u0161alji Duha svojega"},"content":{"rendered":"<p><em> 1. O\u010de svjetlosti, Stvoritelju vjekova, Bo\u017ee koji jesi! Povedi na\u0161e misli na sveti po\u010detak. Privuci nam srca tajni svoje stvarala\u010dke ljubavi i smiri o\u010di na\u0161e du\u0161e pred Duhom dok je lebdio nad vodama, kao \u0161to \u0107e si\u0107i na Krista kod kr\u0161tenja. Mi smo kr\u0161teni od vode i Duha. Duh je prisutan dok stvara\u0161 svjetove i \u010dini\u0161 svoja djela, Duh tvoj zaustavlja progonitelja i ispunja svetim strahom tvoje vjerne. Duh je sveto odijelo za tvoje junake. Po\u0161alji nam Duha koji je tvojega proroka podigao i odnio kamo ga ti \u0161alje\u0161. Ispuni nas Duhom koji od suhih kostiju stvara vojsku \u017eivih ljudi.<\/em><\/p>\n<p><em>2. Po\u0161alji nam Duha po kojemu je tvoj Sin, na\u0161 U\u010ditelj i Spasitelj, zapo\u010deo svoj zemaljski \u017eivot, postao je Bog s nama. Daruj nam Duha, svoju silu, Svevi\u0161nji, koji je si\u0161ao na Djevicu u skrovitosti nazaretskoga doma da Rije\u010d tijelom postane i u sve dane bude me\u0111u nama.<\/em><\/p>\n<p><em>Daruj nam snagu koju Krstitelj navije\u0161ta: \u201cDo\u0107i \u0107e onaj koji krsti Duhom Svetim\u201d (Mk 1,8). Daj nam osjetiti snagu toga kr\u0161tenja. O\u010de nebeski, po\u0161alji nam Duha u kojemu si potvrdio dostojanstvo svojega Sina kad je si\u0161ao na nj u liku golubice. U Duhu on je tvoj Sin ljubljeni, u njemu je tvoja milina.<\/em><\/p>\n<p><em>Daruj nam Duha u kojem \u0107emo osjetiti vlastitu vrijednost. Probudi u nama samopouzdanje i odva\u017enost. Daj nam da do kraja shvatimo tko smo i tako \u0107emo najbolje znati koje je na\u0161e poslanje.<\/em><\/p>\n<p><em>3. Po\u0161alji nam Duha koji je vodio tvojega Sina i onda kada je i\u0161ao u pustinju i kad se izravno imao suo\u010diti s ocem la\u017ei i ubojicom ljudi otpo\u010detka. Ispuni nas Duhom u kojem je Isus dobro znao da je Bo\u017eji Sin te ni sam Sotona svojim podlim izazivanjem: \u201eAko si Sin Bo\u017eji\u2026!?\u201c nije mogao tu svetu vezu s Ocem pokolebati i uzdrmati.<\/em><\/p>\n<p><em>Bo\u017ee, O\u010de na\u0161, po\u0161alji nam Duha istine koji \u0107e nas uvesti u svu istinu o nama i o svijetu u kojemu \u017eivimo. Ispuni nas Duhom koji \u0107e probuditi na\u0161e sje\u0107anje i dozvati nam u pamet rije\u010di koje nam je Isus, na\u0161 Spasitelj i U\u010ditelj, govorio.<\/em><\/p>\n<p><em>4. Po\u0161alji nam Branitelja, koji se odaziva na na\u0161 vapaj i pritje\u010de upomo\u0107 u na\u0161oj ljudskoj nevolji. Ispuni nas svojom svetom Utjehom. Daj nam Duha koji \u0107e nas braniti od bolesti i prirodnih nevolja, od gladi i ne\u010distih duhova, od grijeha i smrti, kao \u0161to je Isus svoje \u010duvao.<\/em><\/p>\n<p><em>Daj nam Svetoga Duha kojega je Raspeti tebi, O\u010de, predao. Po\u0161alji nam Duha koji je sveto tijelo opet ispunio i o\u017eivio. Udahni u nas Duha kojeg je Uskrsli Spasitelj svojim dahom dao apostolima da navije\u0161tamo tvoja djela, da razumijemo jedni druge, da donosimo tvoje opro\u0161tenje. Amen.<\/em><\/p>\n","protected":false},"excerpt":{"rendered":"<p>1. O\u010de svjetlosti, Stvoritelju vjekova, Bo\u017ee koji jesi! Povedi na\u0161e misli na sveti po\u010detak. Privuci nam srca tajni svoje stvarala\u010dke ljubavi i smiri o\u010di na\u0161e du\u0161e pred Duhom dok je lebdio nad vodama, kao \u0161to \u0107e si\u0107i na Krista kod kr\u0161tenja. Mi smo kr\u0161teni od vode i Duha. Duh je prisutan dok stvara\u0161 svjetove i [&hellip;]<\/p>\n","protected":false},"author":1,"featured_media":0,"comment_status":"closed","ping_status":"closed","sticky":false,"template":"","format":"standard","meta":{"footnotes":""},"categories":[5],"tags":[],"class_list":["post-1132","post","type-post","status-publish","format-standard","hentry","category-duhovnost"],"yoast_head":"<!-- This site is optimized with the Yoast SEO plugin v26.0 - https:\/\/yoast.com\/wordpress\/plugins\/seo\/ -->\n<title>Po\u0161alji Duha svojega - Ad maiorem Dei gloriam<\/title>\n<meta name=\"robots\" content=\"index, follow, max-snippet:-1, max-image-preview:large, max-video-preview:-1\" \/>\n<link rel=\"canonical\" href=\"https:\/\/amdg.ffrz.hr\/?p=1132\" \/>\n<meta property=\"og:locale\" content=\"hr_HR\" \/>\n<meta property=\"og:type\" content=\"article\" \/>\n<meta property=\"og:title\" content=\"Po\u0161alji Duha svojega - Ad maiorem Dei gloriam\" \/>\n<meta property=\"og:description\" content=\"1. O\u010de svjetlosti, Stvoritelju vjekova, Bo\u017ee koji jesi! Povedi na\u0161e misli na sveti po\u010detak. Privuci nam srca tajni svoje stvarala\u010dke ljubavi i smiri o\u010di na\u0161e du\u0161e pred Duhom dok je lebdio nad vodama, kao \u0161to \u0107e si\u0107i na Krista kod kr\u0161tenja. Mi smo kr\u0161teni od vode i Duha. Duh je prisutan dok stvara\u0161 svjetove i [&hellip;]\" \/>\n<meta property=\"og:url\" content=\"https:\/\/amdg.ffrz.hr\/?p=1132\" \/>\n<meta property=\"og:site_name\" content=\"Ad maiorem Dei gloriam\" \/>\n<meta property=\"article:publisher\" content=\"https:\/\/www.facebook.com\/paterniko\" \/>\n<meta property=\"article:author\" content=\"https:\/\/www.facebook.com\/paterniko\" \/>\n<meta property=\"article:published_time\" content=\"2018-10-01T07:57:58+00:00\" \/>\n<meta property=\"article:modified_time\" content=\"2018-10-01T07:58:34+00:00\" \/>\n<meta name=\"author\" content=\"Niko Bili\u0107 SJ\" \/>\n<meta name=\"twitter:card\" content=\"summary_large_image\" \/>\n<meta name=\"twitter:label1\" content=\"Napisao\/la\" \/>\n\t<meta name=\"twitter:data1\" content=\"Niko Bili\u0107 SJ\" \/>\n\t<meta name=\"twitter:label2\" content=\"Procijenjeno vrijeme \u010ditanja\" \/>\n\t<meta name=\"twitter:data2\" content=\"2 minute\" \/>\n<script type=\"application\/ld+json\" class=\"yoast-schema-graph\">{\"@context\":\"https:\/\/schema.org\",\"@graph\":[{\"@type\":\"Article\",\"@id\":\"https:\/\/amdg.ffrz.hr\/?p=1132#article\",\"isPartOf\":{\"@id\":\"https:\/\/amdg.ffrz.hr\/?p=1132\"},\"author\":{\"name\":\"Niko Bili\u0107 SJ\",\"@id\":\"https:\/\/amdg.ffrz.hr\/#\/schema\/person\/a3d4a18838314f7054f7cdc4f4d45f4a\"},\"headline\":\"Po\u0161alji Duha svojega\",\"datePublished\":\"2018-10-01T07:57:58+00:00\",\"dateModified\":\"2018-10-01T07:58:34+00:00\",\"mainEntityOfPage\":{\"@id\":\"https:\/\/amdg.ffrz.hr\/?p=1132\"},\"wordCount\":484,\"publisher\":{\"@id\":\"https:\/\/amdg.ffrz.hr\/#\/schema\/person\/a3d4a18838314f7054f7cdc4f4d45f4a\"},\"articleSection\":[\"Duhovnost\"],\"inLanguage\":\"hr\"},{\"@type\":\"WebPage\",\"@id\":\"https:\/\/amdg.ffrz.hr\/?p=1132\",\"url\":\"https:\/\/amdg.ffrz.hr\/?p=1132\",\"name\":\"Po\u0161alji Duha svojega - Ad maiorem Dei gloriam\",\"isPartOf\":{\"@id\":\"https:\/\/amdg.ffrz.hr\/#website\"},\"datePublished\":\"2018-10-01T07:57:58+00:00\",\"dateModified\":\"2018-10-01T07:58:34+00:00\",\"breadcrumb\":{\"@id\":\"https:\/\/amdg.ffrz.hr\/?p=1132#breadcrumb\"},\"inLanguage\":\"hr\",\"potentialAction\":[{\"@type\":\"ReadAction\",\"target\":[\"https:\/\/amdg.ffrz.hr\/?p=1132\"]}]},{\"@type\":\"BreadcrumbList\",\"@id\":\"https:\/\/amdg.ffrz.hr\/?p=1132#breadcrumb\",\"itemListElement\":[{\"@type\":\"ListItem\",\"position\":1,\"name\":\"Po\u010detna stranica\",\"item\":\"https:\/\/amdg.ffrz.hr\/\"},{\"@type\":\"ListItem\",\"position\":2,\"name\":\"Po\u0161alji Duha svojega\"}]},{\"@type\":\"WebSite\",\"@id\":\"https:\/\/amdg.ffrz.hr\/#website\",\"url\":\"https:\/\/amdg.ffrz.hr\/\",\"name\":\"Ad maiorem Dei gloriam\",\"description\":\"doc. dr. sc. Niko Bili\u0107:  nastava, duhovnost i cjelo\u017eivotno u\u010denje\",\"publisher\":{\"@id\":\"https:\/\/amdg.ffrz.hr\/#\/schema\/person\/a3d4a18838314f7054f7cdc4f4d45f4a\"},\"potentialAction\":[{\"@type\":\"SearchAction\",\"target\":{\"@type\":\"EntryPoint\",\"urlTemplate\":\"https:\/\/amdg.ffrz.hr\/?s={search_term_string}\"},\"query-input\":{\"@type\":\"PropertyValueSpecification\",\"valueRequired\":true,\"valueName\":\"search_term_string\"}}],\"inLanguage\":\"hr\"},{\"@type\":[\"Person\",\"Organization\"],\"@id\":\"https:\/\/amdg.ffrz.hr\/#\/schema\/person\/a3d4a18838314f7054f7cdc4f4d45f4a\",\"name\":\"Niko Bili\u0107 SJ\",\"image\":{\"@type\":\"ImageObject\",\"inLanguage\":\"hr\",\"@id\":\"https:\/\/amdg.ffrz.hr\/#\/schema\/person\/image\/\",\"url\":\"https:\/\/secure.gravatar.com\/avatar\/14c6ebb29114394312c36c8ab93231d11917870146d266275d4470c0b6c44b88?s=96&d=blank&r=g\",\"contentUrl\":\"https:\/\/secure.gravatar.com\/avatar\/14c6ebb29114394312c36c8ab93231d11917870146d266275d4470c0b6c44b88?s=96&d=blank&r=g\",\"caption\":\"Niko Bili\u0107 SJ\"},\"logo\":{\"@id\":\"https:\/\/amdg.ffrz.hr\/#\/schema\/person\/image\/\"},\"sameAs\":[\"https:\/\/amdg.ffrz.hr\",\"https:\/\/www.facebook.com\/paterniko\",\"https:\/\/www.youtube.com\/user\/paterniko\"]}]}<\/script>\n<!-- \/ Yoast SEO plugin. -->","yoast_head_json":{"title":"Po\u0161alji Duha svojega - Ad maiorem Dei gloriam","robots":{"index":"index","follow":"follow","max-snippet":"max-snippet:-1","max-image-preview":"max-image-preview:large","max-video-preview":"max-video-preview:-1"},"canonical":"https:\/\/amdg.ffrz.hr\/?p=1132","og_locale":"hr_HR","og_type":"article","og_title":"Po\u0161alji Duha svojega - Ad maiorem Dei gloriam","og_description":"1. O\u010de svjetlosti, Stvoritelju vjekova, Bo\u017ee koji jesi! Povedi na\u0161e misli na sveti po\u010detak. Privuci nam srca tajni svoje stvarala\u010dke ljubavi i smiri o\u010di na\u0161e du\u0161e pred Duhom dok je lebdio nad vodama, kao \u0161to \u0107e si\u0107i na Krista kod kr\u0161tenja. Mi smo kr\u0161teni od vode i Duha. Duh je prisutan dok stvara\u0161 svjetove i [&hellip;]","og_url":"https:\/\/amdg.ffrz.hr\/?p=1132","og_site_name":"Ad maiorem Dei gloriam","article_publisher":"https:\/\/www.facebook.com\/paterniko","article_author":"https:\/\/www.facebook.com\/paterniko","article_published_time":"2018-10-01T07:57:58+00:00","article_modified_time":"2018-10-01T07:58:34+00:00","author":"Niko Bili\u0107 SJ","twitter_card":"summary_large_image","twitter_misc":{"Napisao\/la":"Niko Bili\u0107 SJ","Procijenjeno vrijeme \u010ditanja":"2 minute"},"schema":{"@context":"https:\/\/schema.org","@graph":[{"@type":"Article","@id":"https:\/\/amdg.ffrz.hr\/?p=1132#article","isPartOf":{"@id":"https:\/\/amdg.ffrz.hr\/?p=1132"},"author":{"name":"Niko Bili\u0107 SJ","@id":"https:\/\/amdg.ffrz.hr\/#\/schema\/person\/a3d4a18838314f7054f7cdc4f4d45f4a"},"headline":"Po\u0161alji Duha svojega","datePublished":"2018-10-01T07:57:58+00:00","dateModified":"2018-10-01T07:58:34+00:00","mainEntityOfPage":{"@id":"https:\/\/amdg.ffrz.hr\/?p=1132"},"wordCount":484,"publisher":{"@id":"https:\/\/amdg.ffrz.hr\/#\/schema\/person\/a3d4a18838314f7054f7cdc4f4d45f4a"},"articleSection":["Duhovnost"],"inLanguage":"hr"},{"@type":"WebPage","@id":"https:\/\/amdg.ffrz.hr\/?p=1132","url":"https:\/\/amdg.ffrz.hr\/?p=1132","name":"Po\u0161alji Duha svojega - Ad maiorem Dei gloriam","isPartOf":{"@id":"https:\/\/amdg.ffrz.hr\/#website"},"datePublished":"2018-10-01T07:57:58+00:00","dateModified":"2018-10-01T07:58:34+00:00","breadcrumb":{"@id":"https:\/\/amdg.ffrz.hr\/?p=1132#breadcrumb"},"inLanguage":"hr","potentialAction":[{"@type":"ReadAction","target":["https:\/\/amdg.ffrz.hr\/?p=1132"]}]},{"@type":"BreadcrumbList","@id":"https:\/\/amdg.ffrz.hr\/?p=1132#breadcrumb","itemListElement":[{"@type":"ListItem","position":1,"name":"Po\u010detna stranica","item":"https:\/\/amdg.ffrz.hr\/"},{"@type":"ListItem","position":2,"name":"Po\u0161alji Duha svojega"}]},{"@type":"WebSite","@id":"https:\/\/amdg.ffrz.hr\/#website","url":"https:\/\/amdg.ffrz.hr\/","name":"Ad maiorem Dei gloriam","description":"doc. dr. sc. Niko Bili\u0107:  nastava, duhovnost i cjelo\u017eivotno u\u010denje","publisher":{"@id":"https:\/\/amdg.ffrz.hr\/#\/schema\/person\/a3d4a18838314f7054f7cdc4f4d45f4a"},"potentialAction":[{"@type":"SearchAction","target":{"@type":"EntryPoint","urlTemplate":"https:\/\/amdg.ffrz.hr\/?s={search_term_string}"},"query-input":{"@type":"PropertyValueSpecification","valueRequired":true,"valueName":"search_term_string"}}],"inLanguage":"hr"},{"@type":["Person","Organization"],"@id":"https:\/\/amdg.ffrz.hr\/#\/schema\/person\/a3d4a18838314f7054f7cdc4f4d45f4a","name":"Niko Bili\u0107 SJ","image":{"@type":"ImageObject","inLanguage":"hr","@id":"https:\/\/amdg.ffrz.hr\/#\/schema\/person\/image\/","url":"https:\/\/secure.gravatar.com\/avatar\/14c6ebb29114394312c36c8ab93231d11917870146d266275d4470c0b6c44b88?s=96&d=blank&r=g","contentUrl":"https:\/\/secure.gravatar.com\/avatar\/14c6ebb29114394312c36c8ab93231d11917870146d266275d4470c0b6c44b88?s=96&d=blank&r=g","caption":"Niko Bili\u0107 SJ"},"logo":{"@id":"https:\/\/amdg.ffrz.hr\/#\/schema\/person\/image\/"},"sameAs":["https:\/\/amdg.ffrz.hr","https:\/\/www.facebook.com\/paterniko","https:\/\/www.youtube.com\/user\/paterniko"]}]}},"_links":{"self":[{"href":"https:\/\/amdg.ffrz.hr\/index.php?rest_route=\/wp\/v2\/posts\/1132","targetHints":{"allow":["GET"]}}],"collection":[{"href":"https:\/\/amdg.ffrz.hr\/index.php?rest_route=\/wp\/v2\/posts"}],"about":[{"href":"https:\/\/amdg.ffrz.hr\/index.php?rest_route=\/wp\/v2\/types\/post"}],"author":[{"embeddable":true,"href":"https:\/\/amdg.ffrz.hr\/index.php?rest_route=\/wp\/v2\/users\/1"}],"replies":[{"embeddable":true,"href":"https:\/\/amdg.ffrz.hr\/index.php?rest_route=%2Fwp%2Fv2%2Fcomments&post=1132"}],"version-history":[{"count":1,"href":"https:\/\/amdg.ffrz.hr\/index.php?rest_route=\/wp\/v2\/posts\/1132\/revisions"}],"predecessor-version":[{"id":1134,"href":"https:\/\/amdg.ffrz.hr\/index.php?rest_route=\/wp\/v2\/posts\/1132\/revisions\/1134"}],"wp:attachment":[{"href":"https:\/\/amdg.ffrz.hr\/index.php?rest_route=%2Fwp%2Fv2%2Fmedia&parent=1132"}],"wp:term":[{"taxonomy":"category","embeddable":true,"href":"https:\/\/amdg.ffrz.hr\/index.php?rest_route=%2Fwp%2Fv2%2Fcategories&post=1132"},{"taxonomy":"post_tag","embeddable":true,"href":"https:\/\/amdg.ffrz.hr\/index.php?rest_route=%2Fwp%2Fv2%2Ftags&post=1132"}],"curies":[{"name":"wp","href":"https:\/\/api.w.org\/{rel}","templated":true}]}}