{"id":1135,"date":"2018-10-01T09:59:18","date_gmt":"2018-10-01T07:59:18","guid":{"rendered":"https:\/\/amdg.ffrz.hr\/?p=1135"},"modified":"2022-03-30T10:06:45","modified_gmt":"2022-03-30T08:06:45","slug":"molitva-za-lice","status":"publish","type":"post","link":"https:\/\/amdg.ffrz.hr\/?p=1135","title":{"rendered":"Molitva za lice"},"content":{"rendered":"\n<p>Gospodine, prikazujem ti danas svoje lice koje si mi dao. Ovo je moje lice. Gotovo svaki njegov djeli\u0107 mogu osjetiti, mogu mu svoju pozornost posvetiti, usmjeriti svoj osje\u0107aj na nj, iako redovito ne mislim na njega. Na mojem licu vidi se \u0161to u du\u0161i nosim, na svojem licu osje\u0107am \u0161to je u meni. Mi\u0161i\u0107i na njemu pokazuju koliko mi je du\u0161a napeta ili pak koliko je spokojna.<\/p>\n\n\n\n<p>\u017delim sada smiriti svoje lice pred tvojim licem. Ovdje su moji obrazi preko kojih su suze tekle \u2013 od \u017ealosti i boli, od radosti i ushita. Ti zna\u0161.<br>Ovdje je moje \u010delo koje me je vedro i uzdignuto vodilo tvojim putovima, koje je spu\u0161teno i namrgo\u0111eno osje\u0107alo svu te\u017einu krivnje.<br>Moje lice bilo je ozareno vedrim osmjehom, bilo je stisnuto u gr\u010du od straha i muke; bilo je strogo i kruto, bilo je vedro i puno i\u0161\u010dekivanja.<\/p>\n\n\n\n<p>Sada je moje lice ovdje pred tobom. Neka tvoj bo\u017eanski pogled zastane na svakom djeli\u0107u mojega lica. Tvoj je to dar, Stvoritelju moj. Okrijepi danas moje lice svojom blizinom da poput Mojsijeva sjaji tvojim sjajem.<\/p>\n\n\n\n<p>Gospodine Isuse tvoje je lice blistalo na Gori preobra\u017eenja. Crtama svojega svetoga lica izlije\u010di, obnovi, oblikuj moje lice da u svemu bude tvoje!<\/p>\n\n\n\n<p>Gospodine, ovo je moje lice koje si mi dao. Tebi ga prikazujem, tebi ga posve\u0107ujem.<\/p>\n","protected":false},"excerpt":{"rendered":"<p>Gospodine, prikazujem ti danas svoje lice koje si mi dao. Ovo je moje lice. Gotovo svaki njegov djeli\u0107 mogu osjetiti, mogu mu svoju pozornost posvetiti, usmjeriti svoj osje\u0107aj na nj, iako redovito ne mislim na njega. Na mojem licu vidi se \u0161to u du\u0161i nosim, na svojem licu osje\u0107am \u0161to je u meni. Mi\u0161i\u0107i na [&hellip;]<\/p>\n","protected":false},"author":1,"featured_media":0,"comment_status":"closed","ping_status":"closed","sticky":false,"template":"","format":"standard","meta":{"footnotes":""},"categories":[5],"tags":[],"class_list":["post-1135","post","type-post","status-publish","format-standard","hentry","category-duhovnost"],"yoast_head":"<!-- This site is optimized with the Yoast SEO plugin v26.0 - https:\/\/yoast.com\/wordpress\/plugins\/seo\/ -->\n<title>Molitva za lice - Ad maiorem Dei gloriam<\/title>\n<meta name=\"robots\" content=\"index, follow, max-snippet:-1, max-image-preview:large, max-video-preview:-1\" \/>\n<link rel=\"canonical\" href=\"https:\/\/amdg.ffrz.hr\/?p=1135\" \/>\n<meta property=\"og:locale\" content=\"hr_HR\" \/>\n<meta property=\"og:type\" content=\"article\" \/>\n<meta property=\"og:title\" content=\"Molitva za lice - Ad maiorem Dei gloriam\" \/>\n<meta property=\"og:description\" content=\"Gospodine, prikazujem ti danas svoje lice koje si mi dao. Ovo je moje lice. Gotovo svaki njegov djeli\u0107 mogu osjetiti, mogu mu svoju pozornost posvetiti, usmjeriti svoj osje\u0107aj na nj, iako redovito ne mislim na njega. Na mojem licu vidi se \u0161to u du\u0161i nosim, na svojem licu osje\u0107am \u0161to je u meni. Mi\u0161i\u0107i na [&hellip;]\" \/>\n<meta property=\"og:url\" content=\"https:\/\/amdg.ffrz.hr\/?p=1135\" \/>\n<meta property=\"og:site_name\" content=\"Ad maiorem Dei gloriam\" \/>\n<meta property=\"article:publisher\" content=\"https:\/\/www.facebook.com\/paterniko\" \/>\n<meta property=\"article:author\" content=\"https:\/\/www.facebook.com\/paterniko\" \/>\n<meta property=\"article:published_time\" content=\"2018-10-01T07:59:18+00:00\" \/>\n<meta property=\"article:modified_time\" content=\"2022-03-30T08:06:45+00:00\" \/>\n<meta name=\"author\" content=\"Niko Bili\u0107 SJ\" \/>\n<meta name=\"twitter:card\" content=\"summary_large_image\" \/>\n<meta name=\"twitter:label1\" content=\"Napisao\/la\" \/>\n\t<meta name=\"twitter:data1\" content=\"Niko Bili\u0107 SJ\" \/>\n\t<meta name=\"twitter:label2\" content=\"Procijenjeno vrijeme \u010ditanja\" \/>\n\t<meta name=\"twitter:data2\" content=\"2 minute\" \/>\n<script type=\"application\/ld+json\" class=\"yoast-schema-graph\">{\"@context\":\"https:\/\/schema.org\",\"@graph\":[{\"@type\":\"Article\",\"@id\":\"https:\/\/amdg.ffrz.hr\/?p=1135#article\",\"isPartOf\":{\"@id\":\"https:\/\/amdg.ffrz.hr\/?p=1135\"},\"author\":{\"name\":\"Niko Bili\u0107 SJ\",\"@id\":\"https:\/\/amdg.ffrz.hr\/#\/schema\/person\/a3d4a18838314f7054f7cdc4f4d45f4a\"},\"headline\":\"Molitva za lice\",\"datePublished\":\"2018-10-01T07:59:18+00:00\",\"dateModified\":\"2022-03-30T08:06:45+00:00\",\"mainEntityOfPage\":{\"@id\":\"https:\/\/amdg.ffrz.hr\/?p=1135\"},\"wordCount\":236,\"publisher\":{\"@id\":\"https:\/\/amdg.ffrz.hr\/#\/schema\/person\/a3d4a18838314f7054f7cdc4f4d45f4a\"},\"articleSection\":[\"Duhovnost\"],\"inLanguage\":\"hr\"},{\"@type\":\"WebPage\",\"@id\":\"https:\/\/amdg.ffrz.hr\/?p=1135\",\"url\":\"https:\/\/amdg.ffrz.hr\/?p=1135\",\"name\":\"Molitva za lice - Ad maiorem Dei gloriam\",\"isPartOf\":{\"@id\":\"https:\/\/amdg.ffrz.hr\/#website\"},\"datePublished\":\"2018-10-01T07:59:18+00:00\",\"dateModified\":\"2022-03-30T08:06:45+00:00\",\"breadcrumb\":{\"@id\":\"https:\/\/amdg.ffrz.hr\/?p=1135#breadcrumb\"},\"inLanguage\":\"hr\",\"potentialAction\":[{\"@type\":\"ReadAction\",\"target\":[\"https:\/\/amdg.ffrz.hr\/?p=1135\"]}]},{\"@type\":\"BreadcrumbList\",\"@id\":\"https:\/\/amdg.ffrz.hr\/?p=1135#breadcrumb\",\"itemListElement\":[{\"@type\":\"ListItem\",\"position\":1,\"name\":\"Po\u010detna stranica\",\"item\":\"https:\/\/amdg.ffrz.hr\/\"},{\"@type\":\"ListItem\",\"position\":2,\"name\":\"Molitva za lice\"}]},{\"@type\":\"WebSite\",\"@id\":\"https:\/\/amdg.ffrz.hr\/#website\",\"url\":\"https:\/\/amdg.ffrz.hr\/\",\"name\":\"Ad maiorem Dei gloriam\",\"description\":\"doc. dr. sc. Niko Bili\u0107:  nastava, duhovnost i cjelo\u017eivotno u\u010denje\",\"publisher\":{\"@id\":\"https:\/\/amdg.ffrz.hr\/#\/schema\/person\/a3d4a18838314f7054f7cdc4f4d45f4a\"},\"potentialAction\":[{\"@type\":\"SearchAction\",\"target\":{\"@type\":\"EntryPoint\",\"urlTemplate\":\"https:\/\/amdg.ffrz.hr\/?s={search_term_string}\"},\"query-input\":{\"@type\":\"PropertyValueSpecification\",\"valueRequired\":true,\"valueName\":\"search_term_string\"}}],\"inLanguage\":\"hr\"},{\"@type\":[\"Person\",\"Organization\"],\"@id\":\"https:\/\/amdg.ffrz.hr\/#\/schema\/person\/a3d4a18838314f7054f7cdc4f4d45f4a\",\"name\":\"Niko Bili\u0107 SJ\",\"image\":{\"@type\":\"ImageObject\",\"inLanguage\":\"hr\",\"@id\":\"https:\/\/amdg.ffrz.hr\/#\/schema\/person\/image\/\",\"url\":\"https:\/\/secure.gravatar.com\/avatar\/14c6ebb29114394312c36c8ab93231d11917870146d266275d4470c0b6c44b88?s=96&d=blank&r=g\",\"contentUrl\":\"https:\/\/secure.gravatar.com\/avatar\/14c6ebb29114394312c36c8ab93231d11917870146d266275d4470c0b6c44b88?s=96&d=blank&r=g\",\"caption\":\"Niko Bili\u0107 SJ\"},\"logo\":{\"@id\":\"https:\/\/amdg.ffrz.hr\/#\/schema\/person\/image\/\"},\"sameAs\":[\"https:\/\/amdg.ffrz.hr\",\"https:\/\/www.facebook.com\/paterniko\",\"https:\/\/www.youtube.com\/user\/paterniko\"]}]}<\/script>\n<!-- \/ Yoast SEO plugin. -->","yoast_head_json":{"title":"Molitva za lice - Ad maiorem Dei gloriam","robots":{"index":"index","follow":"follow","max-snippet":"max-snippet:-1","max-image-preview":"max-image-preview:large","max-video-preview":"max-video-preview:-1"},"canonical":"https:\/\/amdg.ffrz.hr\/?p=1135","og_locale":"hr_HR","og_type":"article","og_title":"Molitva za lice - Ad maiorem Dei gloriam","og_description":"Gospodine, prikazujem ti danas svoje lice koje si mi dao. Ovo je moje lice. Gotovo svaki njegov djeli\u0107 mogu osjetiti, mogu mu svoju pozornost posvetiti, usmjeriti svoj osje\u0107aj na nj, iako redovito ne mislim na njega. Na mojem licu vidi se \u0161to u du\u0161i nosim, na svojem licu osje\u0107am \u0161to je u meni. Mi\u0161i\u0107i na [&hellip;]","og_url":"https:\/\/amdg.ffrz.hr\/?p=1135","og_site_name":"Ad maiorem Dei gloriam","article_publisher":"https:\/\/www.facebook.com\/paterniko","article_author":"https:\/\/www.facebook.com\/paterniko","article_published_time":"2018-10-01T07:59:18+00:00","article_modified_time":"2022-03-30T08:06:45+00:00","author":"Niko Bili\u0107 SJ","twitter_card":"summary_large_image","twitter_misc":{"Napisao\/la":"Niko Bili\u0107 SJ","Procijenjeno vrijeme \u010ditanja":"2 minute"},"schema":{"@context":"https:\/\/schema.org","@graph":[{"@type":"Article","@id":"https:\/\/amdg.ffrz.hr\/?p=1135#article","isPartOf":{"@id":"https:\/\/amdg.ffrz.hr\/?p=1135"},"author":{"name":"Niko Bili\u0107 SJ","@id":"https:\/\/amdg.ffrz.hr\/#\/schema\/person\/a3d4a18838314f7054f7cdc4f4d45f4a"},"headline":"Molitva za lice","datePublished":"2018-10-01T07:59:18+00:00","dateModified":"2022-03-30T08:06:45+00:00","mainEntityOfPage":{"@id":"https:\/\/amdg.ffrz.hr\/?p=1135"},"wordCount":236,"publisher":{"@id":"https:\/\/amdg.ffrz.hr\/#\/schema\/person\/a3d4a18838314f7054f7cdc4f4d45f4a"},"articleSection":["Duhovnost"],"inLanguage":"hr"},{"@type":"WebPage","@id":"https:\/\/amdg.ffrz.hr\/?p=1135","url":"https:\/\/amdg.ffrz.hr\/?p=1135","name":"Molitva za lice - Ad maiorem Dei gloriam","isPartOf":{"@id":"https:\/\/amdg.ffrz.hr\/#website"},"datePublished":"2018-10-01T07:59:18+00:00","dateModified":"2022-03-30T08:06:45+00:00","breadcrumb":{"@id":"https:\/\/amdg.ffrz.hr\/?p=1135#breadcrumb"},"inLanguage":"hr","potentialAction":[{"@type":"ReadAction","target":["https:\/\/amdg.ffrz.hr\/?p=1135"]}]},{"@type":"BreadcrumbList","@id":"https:\/\/amdg.ffrz.hr\/?p=1135#breadcrumb","itemListElement":[{"@type":"ListItem","position":1,"name":"Po\u010detna stranica","item":"https:\/\/amdg.ffrz.hr\/"},{"@type":"ListItem","position":2,"name":"Molitva za lice"}]},{"@type":"WebSite","@id":"https:\/\/amdg.ffrz.hr\/#website","url":"https:\/\/amdg.ffrz.hr\/","name":"Ad maiorem Dei gloriam","description":"doc. dr. sc. Niko Bili\u0107:  nastava, duhovnost i cjelo\u017eivotno u\u010denje","publisher":{"@id":"https:\/\/amdg.ffrz.hr\/#\/schema\/person\/a3d4a18838314f7054f7cdc4f4d45f4a"},"potentialAction":[{"@type":"SearchAction","target":{"@type":"EntryPoint","urlTemplate":"https:\/\/amdg.ffrz.hr\/?s={search_term_string}"},"query-input":{"@type":"PropertyValueSpecification","valueRequired":true,"valueName":"search_term_string"}}],"inLanguage":"hr"},{"@type":["Person","Organization"],"@id":"https:\/\/amdg.ffrz.hr\/#\/schema\/person\/a3d4a18838314f7054f7cdc4f4d45f4a","name":"Niko Bili\u0107 SJ","image":{"@type":"ImageObject","inLanguage":"hr","@id":"https:\/\/amdg.ffrz.hr\/#\/schema\/person\/image\/","url":"https:\/\/secure.gravatar.com\/avatar\/14c6ebb29114394312c36c8ab93231d11917870146d266275d4470c0b6c44b88?s=96&d=blank&r=g","contentUrl":"https:\/\/secure.gravatar.com\/avatar\/14c6ebb29114394312c36c8ab93231d11917870146d266275d4470c0b6c44b88?s=96&d=blank&r=g","caption":"Niko Bili\u0107 SJ"},"logo":{"@id":"https:\/\/amdg.ffrz.hr\/#\/schema\/person\/image\/"},"sameAs":["https:\/\/amdg.ffrz.hr","https:\/\/www.facebook.com\/paterniko","https:\/\/www.youtube.com\/user\/paterniko"]}]}},"_links":{"self":[{"href":"https:\/\/amdg.ffrz.hr\/index.php?rest_route=\/wp\/v2\/posts\/1135","targetHints":{"allow":["GET"]}}],"collection":[{"href":"https:\/\/amdg.ffrz.hr\/index.php?rest_route=\/wp\/v2\/posts"}],"about":[{"href":"https:\/\/amdg.ffrz.hr\/index.php?rest_route=\/wp\/v2\/types\/post"}],"author":[{"embeddable":true,"href":"https:\/\/amdg.ffrz.hr\/index.php?rest_route=\/wp\/v2\/users\/1"}],"replies":[{"embeddable":true,"href":"https:\/\/amdg.ffrz.hr\/index.php?rest_route=%2Fwp%2Fv2%2Fcomments&post=1135"}],"version-history":[{"count":2,"href":"https:\/\/amdg.ffrz.hr\/index.php?rest_route=\/wp\/v2\/posts\/1135\/revisions"}],"predecessor-version":[{"id":5235,"href":"https:\/\/amdg.ffrz.hr\/index.php?rest_route=\/wp\/v2\/posts\/1135\/revisions\/5235"}],"wp:attachment":[{"href":"https:\/\/amdg.ffrz.hr\/index.php?rest_route=%2Fwp%2Fv2%2Fmedia&parent=1135"}],"wp:term":[{"taxonomy":"category","embeddable":true,"href":"https:\/\/amdg.ffrz.hr\/index.php?rest_route=%2Fwp%2Fv2%2Fcategories&post=1135"},{"taxonomy":"post_tag","embeddable":true,"href":"https:\/\/amdg.ffrz.hr\/index.php?rest_route=%2Fwp%2Fv2%2Ftags&post=1135"}],"curies":[{"name":"wp","href":"https:\/\/api.w.org\/{rel}","templated":true}]}}