{"id":1347,"date":"2018-11-14T09:19:33","date_gmt":"2018-11-14T08:19:33","guid":{"rendered":"https:\/\/amdg.ffrz.hr\/?p=1347"},"modified":"2024-11-25T09:09:37","modified_gmt":"2024-11-25T08:09:37","slug":"evandeoska-udovica-audio","status":"publish","type":"post","link":"https:\/\/amdg.ffrz.hr\/?p=1347","title":{"rendered":"Evan\u0111eoska udovica"},"content":{"rendered":"<div class=\"wp-block-image\">\n<figure class=\"aligncenter size-large\"><a href=\"https:\/\/amdg.ffrz.hr\/wp-content\/uploads\/widow-2-mites.webp\"><img loading=\"lazy\" decoding=\"async\" width=\"1024\" height=\"683\" src=\"https:\/\/amdg.ffrz.hr\/wp-content\/uploads\/widow-2-mites-1024x683.webp\" alt=\"\" class=\"wp-image-6137\" srcset=\"https:\/\/amdg.ffrz.hr\/wp-content\/uploads\/widow-2-mites-1024x683.webp 1024w, https:\/\/amdg.ffrz.hr\/wp-content\/uploads\/widow-2-mites-300x200.webp 300w, https:\/\/amdg.ffrz.hr\/wp-content\/uploads\/widow-2-mites-768x512.webp 768w, https:\/\/amdg.ffrz.hr\/wp-content\/uploads\/widow-2-mites.webp 1200w\" sizes=\"auto, (max-width: 1024px) 100vw, 1024px\" \/><\/a><figcaption class=\"wp-element-caption\">Udovi\u010din nov\u010di\u0107 (<a href=\"https:\/\/bibleask.org\/\" target=\"_blank\" rel=\"noreferrer noopener\">BibleAsk<\/a>)<\/figcaption><\/figure>\n<\/div>\n\n\n<p>Ovako smo na 32. nedjelju u crkvenoj godini B (<a href=\"https:\/\/www.hilp.hr\/liturgija-dana\/?god=2018&amp;mj=11&amp;dan=11\">1 Kr 17,10-16; Heb 9,24-28; Mk 12,38-44<\/a>), 11. studenoga 2018. uve\u010der, razmi\u0161ljali o izobilju i o oskudici.<\/p>\n\n\n\n<p class=\"has-normal-font-size\"><a href=\"https:\/\/audio.com\/niko-bilic\/b32-udovica11112018edit\" target=\"_blank\" rel=\"noreferrer noopener\"><strong>Poslu\u0161ajte, preuzmite na Audio.com<\/strong><\/a><\/p>\n\n\n\n<figure class=\"wp-block-audio\"><audio controls src=\"https:\/\/amdg.ffrz.hr\/amdg_aiv\/propovijedi\/B32_udovica11112018.mp3\"><\/audio><\/figure>\n\n\n\n<blockquote class=\"wp-block-quote is-layout-flow wp-block-quote-is-layout-flow\">\n<p><em>Gospodine Isuse, u\u010ditelju sveti! Hvala ti \u0161to si dao mudar, dubok i dalekose\u017ean odgovor onima koji te pitahu je li dopu\u0161teno pla\u0107ati porez caru. Tra\u017eio si i svima pokazao carevu sliku na novcu. Propisao si: &#8220;Carevo dajte caru!&#8221; A onda si pridodao glavni, velik zahtjev, \u017eivotni program: &#8220;Ono gdje je Bo\u017eja slika, dajte Bogu! \u010covje\u010de, na Bo\u017eju sliku stvoreni, podaj se njemu! U tebi je slika Bo\u017eja, sebe Bogu daj &#8211; ba\u0161 kao \u0161to je to u\u010dinila siroma\u0161na udovica.&#8221;<br>Onako kako \u0107e\u0161 ti sam, Gospodine, to u\u010diniti za nas!<\/em><\/p>\n<\/blockquote>\n\n\n\n<p>Predraga bra\u0107o i sestre u Kristu, dobro do\u0161li u ovaj novozavjetni hram u kojemu nas sam Gospodin sa svojim Srcem i\u0161\u010dekuje i danas nas posebno poziva, kao i svoje u\u010denike, da bi nam pokazao tako dobro znani i dragi primjer evan\u0111eoske udovice koja nas upu\u0107uje na to \u0161to je Bo\u017eje obilje. Pred Gospodinovim pogledom na\u0161a je oskudica, na\u0161a neima\u0161tina, ali i ljudsko izobilje. I odjednom sve postaje, kako to volimo re\u0107i, relativno. Gospodin nas upu\u0107uje da vidimo kako doista stvari stoje, i ja vas od svega srca rado pozivam da se zaustavimo na tom pogledu.<\/p>\n\n\n\n<p>Jedna \u017eena, udovica, sirotica, siroma\u0161na, ostala je bez obiteljskoga oslonca; mo\u017eda ve\u0107 u visokim godinama, u skromnoj jednostavnoj haljini dolazi i tamo me\u0111u mno\u0161tvom mnogih uglednih i bogatih, me\u0111u silinom naroda, i ona, posve neprimjetno, ubacuje u riznicu, recimo dva puta po 50 lipa, eto jednu kunu. A Gospodin Isus ba\u0161 nju uo\u010dava, njoj poklanja svoju pozornost i ona \u0107e poslu\u017eiti za evan\u0111eosku pouku. U\u0107i \u0107e u Evan\u0111elje. Pokazat \u0107e sam Gospodin na njezinu primjeru kako jedna sitnica, eto jedna kuna, u o\u010dima Bo\u017ejim mo\u017ee biti pravo obilje.<\/p>\n\n\n\n<p>Zbiva se, ba\u0161 kao onda, kada je Gospodin Isus, kako dobro znamo, na \u010dudesan na\u010din nahranio mno\u0161tvo i onda rekao u\u010denicima: \u00bbPokupite i te ostatke \u2013 ulomke, sitnice \u2013 koji ostado\u0161e!\u00ab I gle, nastade cijelo novo obilje, bilo da je rije\u010d o sedam ko\u0161ara ili dvanaest ko\u0161ara! I u jednom ili drugom slu\u010daju biblijski simboli\u010dni brojevi pokazuju nam kako Gospodin mo\u017ee od na\u0161eg vrlo oskudnoga dara u\u010diniti pravo veliko obilje.<\/p>\n\n\n\n<p>Smijemo li prepoznati i u ovoj udovici, mo\u017eda starici, kako se ve\u0107 sprema umrijeti, mo\u017eda je i ona, ba\u0161 poput udovice iz Ilijina doba, i sada Gospodin Isus u njoj vidi s jedne strane upravo tu spremnost da prihvati i smrt. \u010cusmo kolika bija\u0161e, evo, oskudica koju je trpjela ona \u017eena udovica sa svojim sinom. Bila je pripravna napraviti jo\u0161 to hrane \u0161to imaju i onda predati du\u0161u svoju u Bo\u017eje ruke. Ali odazvala se je prorokovu pozivu i tako u njezinu \u017eivotu nastaje velika promjena.<\/p>\n\n\n\n<p>Gospodin Isus gleda u dubinu srca i vrlo vjerojatno prepoznaje jednaku takvu spremnost i dobrotu kakva bija\u0161e i u onoj udovici u Ilijino doba. Istina jest, danas opet i u ovom na\u0161em najsuvremenijem bogatom zapadnom svijetu znamo \u0161to je neima\u0161tina, \u0161to je oskudica, \u0161to je ona blizina smrti koja nam nekako oduzima volju za \u017eivot.<\/p>\n\n\n\n<p>I jo\u0161 k tome sam Isus upozorava nas da ima onih ljudi kojih se trebamo \u010duvati. Oni koji vole privid ljudskog ugleda i to im je glavno zanimanje, glavni interes. Vole da se njima iskazuje po\u010dast duga\u010dkim pozdravom, uvijek \u0107e za njih biti rezervirano prvo mjesto, bit \u0107e na naslovnici, bit \u0107e pod reflektorima, bit \u0107e pred kamerama. Zapravo jako vole gozbe i da se dobro pogoste, da se dobro najedu i napiju, i pritom se pozivlju na svoj zakon, na ono \u0161to je napisano. A u isti mah u njima se skriva divlja pohlepa kojom \u0107e \u010dak i nesretnu udovicu ostaviti bez njezina imanja. Gospodinovim rije\u010dima: ma, pro\u017edrijet \u0107e i ku\u0107u udovi\u010dku. Odmah razumijemo da Gospodin Isus poznaje ovaj na\u0161 realni svijet i upozorava nas na to da nam se doista valja \u010duvati.<\/p>\n\n\n\n<p>Ali za\u0161to Gospodin toliko isti\u010de ovu \u017eenu i ka\u017ee da je ona dala vi\u0161e nego li svi ostali? Nije li tajna upravo u tome da ona daje od svoje oskudice, od svoje neima\u0161tine. Od trpljenja zbog siroma\u0161tva daje sve \u0161to ima, ka\u017ee Gospodinu. \u0160tovi\u0161e, kada pogledamo u izvorni biblijski jezik, i vidimo da ona posljednja rije\u010d koju \u0107e raditi ljepote stila, prevoditelj pjesni\u010dki izre\u0107i tako da ka\u017ee dala je sav svoj \u017eitak \u2013 toliko evan\u0111eoskog jezika poznajemo svi \u2013 tamo stoji <em>bios<\/em>, svoj vlastiti \u017eivot, ono \u0161to je njezin \u017eivot, \u0161to ima za uzdr\u017eavanje, ona to daje!<\/p>\n\n\n\n<p>Sasvim sigurno Gospodin Isus prepoznaje svoj vlastiti stav. I ovaj put, u ovoj svetoj misi, sje\u0107amo se kako Gospodin Isus na kri\u017eu daje sve od sebe. Nakraju \u0107e i ono sredi\u0161nje, ono zadnje \u0161to ima, predati u O\u010deve ruke. Znamo napamet, govori Gospodin: \u00bbO\u010de, u ruke tvoje predajem duh svoj!\u00ab Sve tebi dajem.<\/p>\n\n\n\n<p>Mo\u017ee zato preciznim okom Apostol u Novome zavjetu pisati: To je vje\u010dni sve\u0107enik. Samoga sebe dao je. Ne mora on kao starozavjetni sve\u0107enici opet i opet prinositi \u017ertve, ta on je sam svega sebe jednom primio. I tako omogu\u0107uje da se ova na\u0161a oskudica pretvori u duhovno izobilje. Tako Gospodin omogu\u0107uje da i danas ovaj skromni darak, ovaj kruh i vino postane njegovo Tijelo i Krv kao hrana za na\u0161e du\u0161e. To je obilje koje Bog stvara!<\/p>\n\n\n\n<p>Predraga bra\u0107o i sestre, do\u0111imo danas na ovaj oltar sa svojom oskudicom, sa svojom neima\u0161tinom, sa svim onim u \u010demu se mi s pravom osje\u0107amo siroma\u0161ni, ne tek materijalno! Dajmo sami sebe kako bismo onda osjetili ono \u0161to je po svoj prilici jako dobro primijetio Gospodin i kod ove udovice. Dala je ono \u0161to ima, a onda prima na dar nezaustavljivu duhovnu utjehu, ono dubinsko zadovoljstvo koje mo\u017ee osjetiti \u010dovjek koji zna da je svoju \u017eivotnu zada\u0107u ispunio, da je postigao punu mjeru ljubavi. Ba\u0161 onako kako \u0107e nam gospodin primjer dati.<\/p>\n\n\n\n<p class=\"has-text-align-right\">p. Niko Bili\u0107, SJ<\/p>\n","protected":false},"excerpt":{"rendered":"<p>Ovako smo na 32. nedjelju u crkvenoj godini B (1 Kr 17,10-16; Heb 9,24-28; Mk 12,38-44), 11. studenoga 2018. uve\u010der, razmi\u0161ljali o izobilju i o oskudici. Poslu\u0161ajte, preuzmite na Audio.com Gospodine Isuse, u\u010ditelju sveti! Hvala ti \u0161to si dao mudar, dubok i dalekose\u017ean odgovor onima koji te pitahu je li dopu\u0161teno pla\u0107ati porez caru. Tra\u017eio [&hellip;]<\/p>\n","protected":false},"author":1,"featured_media":6137,"comment_status":"closed","ping_status":"closed","sticky":false,"template":"","format":"standard","meta":{"footnotes":""},"categories":[9,5],"tags":[],"class_list":["post-1347","post","type-post","status-publish","format-standard","has-post-thumbnail","hentry","category-cjelozivotno-ucenje","category-duhovnost"],"yoast_head":"<!-- This site is optimized with the Yoast SEO plugin v26.0 - https:\/\/yoast.com\/wordpress\/plugins\/seo\/ -->\n<title>Evan\u0111eoska udovica - Ad maiorem Dei gloriam<\/title>\n<meta name=\"robots\" content=\"index, follow, max-snippet:-1, max-image-preview:large, max-video-preview:-1\" \/>\n<link rel=\"canonical\" href=\"https:\/\/amdg.ffrz.hr\/?p=1347\" \/>\n<meta property=\"og:locale\" content=\"hr_HR\" \/>\n<meta property=\"og:type\" content=\"article\" \/>\n<meta property=\"og:title\" content=\"Evan\u0111eoska udovica - Ad maiorem Dei gloriam\" \/>\n<meta property=\"og:description\" content=\"Ovako smo na 32. nedjelju u crkvenoj godini B (1 Kr 17,10-16; Heb 9,24-28; Mk 12,38-44), 11. studenoga 2018. uve\u010der, razmi\u0161ljali o izobilju i o oskudici. Poslu\u0161ajte, preuzmite na Audio.com Gospodine Isuse, u\u010ditelju sveti! Hvala ti \u0161to si dao mudar, dubok i dalekose\u017ean odgovor onima koji te pitahu je li dopu\u0161teno pla\u0107ati porez caru. Tra\u017eio [&hellip;]\" \/>\n<meta property=\"og:url\" content=\"https:\/\/amdg.ffrz.hr\/?p=1347\" \/>\n<meta property=\"og:site_name\" content=\"Ad maiorem Dei gloriam\" \/>\n<meta property=\"article:publisher\" content=\"https:\/\/www.facebook.com\/paterniko\" \/>\n<meta property=\"article:author\" content=\"https:\/\/www.facebook.com\/paterniko\" \/>\n<meta property=\"article:published_time\" content=\"2018-11-14T08:19:33+00:00\" \/>\n<meta property=\"article:modified_time\" content=\"2024-11-25T08:09:37+00:00\" \/>\n<meta property=\"og:image\" content=\"https:\/\/amdg.ffrz.hr\/wp-content\/uploads\/widow-2-mites.webp\" \/>\n\t<meta property=\"og:image:width\" content=\"1200\" \/>\n\t<meta property=\"og:image:height\" content=\"800\" \/>\n\t<meta property=\"og:image:type\" content=\"image\/webp\" \/>\n<meta name=\"author\" content=\"Niko Bili\u0107 SJ\" \/>\n<meta name=\"twitter:card\" content=\"summary_large_image\" \/>\n<meta name=\"twitter:label1\" content=\"Napisao\/la\" \/>\n\t<meta name=\"twitter:data1\" content=\"Niko Bili\u0107 SJ\" \/>\n\t<meta name=\"twitter:label2\" content=\"Procijenjeno vrijeme \u010ditanja\" \/>\n\t<meta name=\"twitter:data2\" content=\"6 minuta\" \/>\n<script type=\"application\/ld+json\" class=\"yoast-schema-graph\">{\"@context\":\"https:\/\/schema.org\",\"@graph\":[{\"@type\":\"Article\",\"@id\":\"https:\/\/amdg.ffrz.hr\/?p=1347#article\",\"isPartOf\":{\"@id\":\"https:\/\/amdg.ffrz.hr\/?p=1347\"},\"author\":{\"name\":\"Niko Bili\u0107 SJ\",\"@id\":\"https:\/\/amdg.ffrz.hr\/#\/schema\/person\/a3d4a18838314f7054f7cdc4f4d45f4a\"},\"headline\":\"Evan\u0111eoska udovica\",\"datePublished\":\"2018-11-14T08:19:33+00:00\",\"dateModified\":\"2024-11-25T08:09:37+00:00\",\"mainEntityOfPage\":{\"@id\":\"https:\/\/amdg.ffrz.hr\/?p=1347\"},\"wordCount\":1069,\"publisher\":{\"@id\":\"https:\/\/amdg.ffrz.hr\/#\/schema\/person\/a3d4a18838314f7054f7cdc4f4d45f4a\"},\"image\":{\"@id\":\"https:\/\/amdg.ffrz.hr\/?p=1347#primaryimage\"},\"thumbnailUrl\":\"https:\/\/amdg.ffrz.hr\/wp-content\/uploads\/widow-2-mites.webp\",\"articleSection\":[\"Cjelo\u017eivotno u\u010denje\",\"Duhovnost\"],\"inLanguage\":\"hr\"},{\"@type\":\"WebPage\",\"@id\":\"https:\/\/amdg.ffrz.hr\/?p=1347\",\"url\":\"https:\/\/amdg.ffrz.hr\/?p=1347\",\"name\":\"Evan\u0111eoska udovica - Ad maiorem Dei gloriam\",\"isPartOf\":{\"@id\":\"https:\/\/amdg.ffrz.hr\/#website\"},\"primaryImageOfPage\":{\"@id\":\"https:\/\/amdg.ffrz.hr\/?p=1347#primaryimage\"},\"image\":{\"@id\":\"https:\/\/amdg.ffrz.hr\/?p=1347#primaryimage\"},\"thumbnailUrl\":\"https:\/\/amdg.ffrz.hr\/wp-content\/uploads\/widow-2-mites.webp\",\"datePublished\":\"2018-11-14T08:19:33+00:00\",\"dateModified\":\"2024-11-25T08:09:37+00:00\",\"breadcrumb\":{\"@id\":\"https:\/\/amdg.ffrz.hr\/?p=1347#breadcrumb\"},\"inLanguage\":\"hr\",\"potentialAction\":[{\"@type\":\"ReadAction\",\"target\":[\"https:\/\/amdg.ffrz.hr\/?p=1347\"]}]},{\"@type\":\"ImageObject\",\"inLanguage\":\"hr\",\"@id\":\"https:\/\/amdg.ffrz.hr\/?p=1347#primaryimage\",\"url\":\"https:\/\/amdg.ffrz.hr\/wp-content\/uploads\/widow-2-mites.webp\",\"contentUrl\":\"https:\/\/amdg.ffrz.hr\/wp-content\/uploads\/widow-2-mites.webp\",\"width\":1200,\"height\":800},{\"@type\":\"BreadcrumbList\",\"@id\":\"https:\/\/amdg.ffrz.hr\/?p=1347#breadcrumb\",\"itemListElement\":[{\"@type\":\"ListItem\",\"position\":1,\"name\":\"Po\u010detna stranica\",\"item\":\"https:\/\/amdg.ffrz.hr\/\"},{\"@type\":\"ListItem\",\"position\":2,\"name\":\"Evan\u0111eoska udovica\"}]},{\"@type\":\"WebSite\",\"@id\":\"https:\/\/amdg.ffrz.hr\/#website\",\"url\":\"https:\/\/amdg.ffrz.hr\/\",\"name\":\"Ad maiorem Dei gloriam\",\"description\":\"doc. dr. sc. Niko Bili\u0107:  nastava, duhovnost i cjelo\u017eivotno u\u010denje\",\"publisher\":{\"@id\":\"https:\/\/amdg.ffrz.hr\/#\/schema\/person\/a3d4a18838314f7054f7cdc4f4d45f4a\"},\"potentialAction\":[{\"@type\":\"SearchAction\",\"target\":{\"@type\":\"EntryPoint\",\"urlTemplate\":\"https:\/\/amdg.ffrz.hr\/?s={search_term_string}\"},\"query-input\":{\"@type\":\"PropertyValueSpecification\",\"valueRequired\":true,\"valueName\":\"search_term_string\"}}],\"inLanguage\":\"hr\"},{\"@type\":[\"Person\",\"Organization\"],\"@id\":\"https:\/\/amdg.ffrz.hr\/#\/schema\/person\/a3d4a18838314f7054f7cdc4f4d45f4a\",\"name\":\"Niko Bili\u0107 SJ\",\"image\":{\"@type\":\"ImageObject\",\"inLanguage\":\"hr\",\"@id\":\"https:\/\/amdg.ffrz.hr\/#\/schema\/person\/image\/\",\"url\":\"https:\/\/secure.gravatar.com\/avatar\/14c6ebb29114394312c36c8ab93231d11917870146d266275d4470c0b6c44b88?s=96&d=blank&r=g\",\"contentUrl\":\"https:\/\/secure.gravatar.com\/avatar\/14c6ebb29114394312c36c8ab93231d11917870146d266275d4470c0b6c44b88?s=96&d=blank&r=g\",\"caption\":\"Niko Bili\u0107 SJ\"},\"logo\":{\"@id\":\"https:\/\/amdg.ffrz.hr\/#\/schema\/person\/image\/\"},\"sameAs\":[\"https:\/\/amdg.ffrz.hr\",\"https:\/\/www.facebook.com\/paterniko\",\"https:\/\/www.youtube.com\/user\/paterniko\"]}]}<\/script>\n<!-- \/ Yoast SEO plugin. -->","yoast_head_json":{"title":"Evan\u0111eoska udovica - Ad maiorem Dei gloriam","robots":{"index":"index","follow":"follow","max-snippet":"max-snippet:-1","max-image-preview":"max-image-preview:large","max-video-preview":"max-video-preview:-1"},"canonical":"https:\/\/amdg.ffrz.hr\/?p=1347","og_locale":"hr_HR","og_type":"article","og_title":"Evan\u0111eoska udovica - Ad maiorem Dei gloriam","og_description":"Ovako smo na 32. nedjelju u crkvenoj godini B (1 Kr 17,10-16; Heb 9,24-28; Mk 12,38-44), 11. studenoga 2018. uve\u010der, razmi\u0161ljali o izobilju i o oskudici. Poslu\u0161ajte, preuzmite na Audio.com Gospodine Isuse, u\u010ditelju sveti! Hvala ti \u0161to si dao mudar, dubok i dalekose\u017ean odgovor onima koji te pitahu je li dopu\u0161teno pla\u0107ati porez caru. Tra\u017eio [&hellip;]","og_url":"https:\/\/amdg.ffrz.hr\/?p=1347","og_site_name":"Ad maiorem Dei gloriam","article_publisher":"https:\/\/www.facebook.com\/paterniko","article_author":"https:\/\/www.facebook.com\/paterniko","article_published_time":"2018-11-14T08:19:33+00:00","article_modified_time":"2024-11-25T08:09:37+00:00","og_image":[{"width":1200,"height":800,"url":"https:\/\/amdg.ffrz.hr\/wp-content\/uploads\/widow-2-mites.webp","type":"image\/webp"}],"author":"Niko Bili\u0107 SJ","twitter_card":"summary_large_image","twitter_misc":{"Napisao\/la":"Niko Bili\u0107 SJ","Procijenjeno vrijeme \u010ditanja":"6 minuta"},"schema":{"@context":"https:\/\/schema.org","@graph":[{"@type":"Article","@id":"https:\/\/amdg.ffrz.hr\/?p=1347#article","isPartOf":{"@id":"https:\/\/amdg.ffrz.hr\/?p=1347"},"author":{"name":"Niko Bili\u0107 SJ","@id":"https:\/\/amdg.ffrz.hr\/#\/schema\/person\/a3d4a18838314f7054f7cdc4f4d45f4a"},"headline":"Evan\u0111eoska udovica","datePublished":"2018-11-14T08:19:33+00:00","dateModified":"2024-11-25T08:09:37+00:00","mainEntityOfPage":{"@id":"https:\/\/amdg.ffrz.hr\/?p=1347"},"wordCount":1069,"publisher":{"@id":"https:\/\/amdg.ffrz.hr\/#\/schema\/person\/a3d4a18838314f7054f7cdc4f4d45f4a"},"image":{"@id":"https:\/\/amdg.ffrz.hr\/?p=1347#primaryimage"},"thumbnailUrl":"https:\/\/amdg.ffrz.hr\/wp-content\/uploads\/widow-2-mites.webp","articleSection":["Cjelo\u017eivotno u\u010denje","Duhovnost"],"inLanguage":"hr"},{"@type":"WebPage","@id":"https:\/\/amdg.ffrz.hr\/?p=1347","url":"https:\/\/amdg.ffrz.hr\/?p=1347","name":"Evan\u0111eoska udovica - Ad maiorem Dei gloriam","isPartOf":{"@id":"https:\/\/amdg.ffrz.hr\/#website"},"primaryImageOfPage":{"@id":"https:\/\/amdg.ffrz.hr\/?p=1347#primaryimage"},"image":{"@id":"https:\/\/amdg.ffrz.hr\/?p=1347#primaryimage"},"thumbnailUrl":"https:\/\/amdg.ffrz.hr\/wp-content\/uploads\/widow-2-mites.webp","datePublished":"2018-11-14T08:19:33+00:00","dateModified":"2024-11-25T08:09:37+00:00","breadcrumb":{"@id":"https:\/\/amdg.ffrz.hr\/?p=1347#breadcrumb"},"inLanguage":"hr","potentialAction":[{"@type":"ReadAction","target":["https:\/\/amdg.ffrz.hr\/?p=1347"]}]},{"@type":"ImageObject","inLanguage":"hr","@id":"https:\/\/amdg.ffrz.hr\/?p=1347#primaryimage","url":"https:\/\/amdg.ffrz.hr\/wp-content\/uploads\/widow-2-mites.webp","contentUrl":"https:\/\/amdg.ffrz.hr\/wp-content\/uploads\/widow-2-mites.webp","width":1200,"height":800},{"@type":"BreadcrumbList","@id":"https:\/\/amdg.ffrz.hr\/?p=1347#breadcrumb","itemListElement":[{"@type":"ListItem","position":1,"name":"Po\u010detna stranica","item":"https:\/\/amdg.ffrz.hr\/"},{"@type":"ListItem","position":2,"name":"Evan\u0111eoska udovica"}]},{"@type":"WebSite","@id":"https:\/\/amdg.ffrz.hr\/#website","url":"https:\/\/amdg.ffrz.hr\/","name":"Ad maiorem Dei gloriam","description":"doc. dr. sc. Niko Bili\u0107:  nastava, duhovnost i cjelo\u017eivotno u\u010denje","publisher":{"@id":"https:\/\/amdg.ffrz.hr\/#\/schema\/person\/a3d4a18838314f7054f7cdc4f4d45f4a"},"potentialAction":[{"@type":"SearchAction","target":{"@type":"EntryPoint","urlTemplate":"https:\/\/amdg.ffrz.hr\/?s={search_term_string}"},"query-input":{"@type":"PropertyValueSpecification","valueRequired":true,"valueName":"search_term_string"}}],"inLanguage":"hr"},{"@type":["Person","Organization"],"@id":"https:\/\/amdg.ffrz.hr\/#\/schema\/person\/a3d4a18838314f7054f7cdc4f4d45f4a","name":"Niko Bili\u0107 SJ","image":{"@type":"ImageObject","inLanguage":"hr","@id":"https:\/\/amdg.ffrz.hr\/#\/schema\/person\/image\/","url":"https:\/\/secure.gravatar.com\/avatar\/14c6ebb29114394312c36c8ab93231d11917870146d266275d4470c0b6c44b88?s=96&d=blank&r=g","contentUrl":"https:\/\/secure.gravatar.com\/avatar\/14c6ebb29114394312c36c8ab93231d11917870146d266275d4470c0b6c44b88?s=96&d=blank&r=g","caption":"Niko Bili\u0107 SJ"},"logo":{"@id":"https:\/\/amdg.ffrz.hr\/#\/schema\/person\/image\/"},"sameAs":["https:\/\/amdg.ffrz.hr","https:\/\/www.facebook.com\/paterniko","https:\/\/www.youtube.com\/user\/paterniko"]}]}},"_links":{"self":[{"href":"https:\/\/amdg.ffrz.hr\/index.php?rest_route=\/wp\/v2\/posts\/1347","targetHints":{"allow":["GET"]}}],"collection":[{"href":"https:\/\/amdg.ffrz.hr\/index.php?rest_route=\/wp\/v2\/posts"}],"about":[{"href":"https:\/\/amdg.ffrz.hr\/index.php?rest_route=\/wp\/v2\/types\/post"}],"author":[{"embeddable":true,"href":"https:\/\/amdg.ffrz.hr\/index.php?rest_route=\/wp\/v2\/users\/1"}],"replies":[{"embeddable":true,"href":"https:\/\/amdg.ffrz.hr\/index.php?rest_route=%2Fwp%2Fv2%2Fcomments&post=1347"}],"version-history":[{"count":14,"href":"https:\/\/amdg.ffrz.hr\/index.php?rest_route=\/wp\/v2\/posts\/1347\/revisions"}],"predecessor-version":[{"id":6460,"href":"https:\/\/amdg.ffrz.hr\/index.php?rest_route=\/wp\/v2\/posts\/1347\/revisions\/6460"}],"wp:featuredmedia":[{"embeddable":true,"href":"https:\/\/amdg.ffrz.hr\/index.php?rest_route=\/wp\/v2\/media\/6137"}],"wp:attachment":[{"href":"https:\/\/amdg.ffrz.hr\/index.php?rest_route=%2Fwp%2Fv2%2Fmedia&parent=1347"}],"wp:term":[{"taxonomy":"category","embeddable":true,"href":"https:\/\/amdg.ffrz.hr\/index.php?rest_route=%2Fwp%2Fv2%2Fcategories&post=1347"},{"taxonomy":"post_tag","embeddable":true,"href":"https:\/\/amdg.ffrz.hr\/index.php?rest_route=%2Fwp%2Fv2%2Ftags&post=1347"}],"curies":[{"name":"wp","href":"https:\/\/api.w.org\/{rel}","templated":true}]}}