{"id":1368,"date":"2018-11-16T11:36:47","date_gmt":"2018-11-16T10:36:47","guid":{"rendered":"https:\/\/amdg.ffrz.hr\/?p=1368"},"modified":"2019-12-02T17:01:21","modified_gmt":"2019-12-02T16:01:21","slug":"biblijsko-obracenje","status":"publish","type":"post","link":"https:\/\/amdg.ffrz.hr\/?p=1368","title":{"rendered":"Biblijsko obra\u0107enje"},"content":{"rendered":"<h2>Dvodvneni te\u010daj biblijske antropologije<\/h2>\n<p>Razgled, 16. i 17. studenoga 2018.<\/p>\n<p><img loading=\"lazy\" decoding=\"async\" class=\"alignnone \" src=\"https:\/\/amdg.ffrz.hr\/duhvj\/cpps2018\/krvKristova.jpeg\" width=\"466\" height=\"484\" \/><\/p>\n<p style=\"padding-left: 30px;\"><a href=\"https:\/\/amdg.ffrz.hr\/?p=843\">Molitva za ruke<\/a><\/p>\n<p style=\"padding-left: 30px;\"><a href=\"https:\/\/amdg.ffrz.hr\/musica\/note\/dodjigospodine.pdf\">Do\u0111i, Gospodine, Isuse (.pdf)<\/a><\/p>\n<p><strong><a href=\"https:\/\/amdg.ffrz.hr\/duhvj\/cpps2018\/cpps2a_jakov_post35.pdf\">1. Praotac Jakov opet u domovini (PDF)<\/a> * (.<a href=\"https:\/\/amdg.ffrz.hr\/duhvj\/cpps2018\/cpps2a_jakov_post35.ppt\">ppt<\/a>)<\/strong><\/p>\n<p><a href=\"https:\/\/amdg.eu\/2013\/12\/praotac-jakov-opet-u-domovini\/\" rel=\"bookmark\">Praotac Jakov opet u domovini (Post 35,1-15)<\/a><\/p>\n<p><a href=\"https:\/\/youtu.be\/jKcH2fjEiL8\">Video: Praotac Jakov opet u domovini<\/a><\/p>\n<p><a href=\"https:\/\/amdg.eu\/2012\/07\/molitva-patrijarha-jakova\/\">Molitva s patrijarhom Jakovom (uz Post 35)<\/a><\/p>\n<p style=\"padding-left: 30px;\"><a href=\"https:\/\/amdg.ffrz.hr\/?p=1372\">Molitva za moja plu\u0107a<\/a><\/p>\n<p style=\"padding-left: 30px;\"><a href=\"https:\/\/amdg.ffrz.hr\/musica\/note\/ps25.pdf\">U tebe se uzdam (Ps 25) .pdf<\/a><\/p>\n<p><a href=\"https:\/\/amdg.ffrz.hr\/duhvj\/cpps2018\/cpps2b_zakej.pdf\"><strong>2. Spasenje u mojem domu. Kako je nacarinik Zakej primio Krista (PDF)<\/strong><\/a><strong> * (.<a href=\"https:\/\/amdg.ffrz.hr\/duhvj\/cpps2018\/cpps2b_zakej.ppt\">ppt<\/a>)<\/strong><\/p>\n<p><a href=\"https:\/\/amdg.eu\/2012\/03\/nov-covjek\/\">Nov \u010dovjek<\/a><\/p>\n<p><a href=\"https:\/\/youtu.be\/fteFvSQhgKc\">Video: Kako je Zakej postao novi \u010dovjek<\/a><\/p>\n<p><a title=\"Permalink to Zakejeva molitva\" href=\"https:\/\/amdg.eu\/2012\/10\/zakejeva-molitva\/\" rel=\"bookmark\">Molitva s nadcarinikom Zakejem<\/a><\/p>\n","protected":false},"excerpt":{"rendered":"<p>Dvodvneni te\u010daj biblijske antropologije Razgled, 16. i 17. studenoga 2018. Molitva za ruke Do\u0111i, Gospodine, Isuse (.pdf) 1. Praotac Jakov opet u domovini (PDF) * (.ppt) Praotac Jakov opet u domovini (Post 35,1-15) Video: Praotac Jakov opet u domovini Molitva s patrijarhom Jakovom (uz Post 35) Molitva za moja plu\u0107a U tebe se uzdam (Ps [&hellip;]<\/p>\n","protected":false},"author":1,"featured_media":0,"comment_status":"closed","ping_status":"closed","sticky":false,"template":"","format":"standard","meta":{"footnotes":""},"categories":[9,5],"tags":[],"class_list":["post-1368","post","type-post","status-publish","format-standard","hentry","category-cjelozivotno-ucenje","category-duhovnost"],"yoast_head":"<!-- This site is optimized with the Yoast SEO plugin v26.0 - https:\/\/yoast.com\/wordpress\/plugins\/seo\/ -->\n<title>Biblijsko obra\u0107enje - Ad maiorem Dei gloriam<\/title>\n<meta name=\"robots\" content=\"index, follow, max-snippet:-1, max-image-preview:large, max-video-preview:-1\" \/>\n<link rel=\"canonical\" href=\"https:\/\/amdg.ffrz.hr\/?p=1368\" \/>\n<meta property=\"og:locale\" content=\"hr_HR\" \/>\n<meta property=\"og:type\" content=\"article\" \/>\n<meta property=\"og:title\" content=\"Biblijsko obra\u0107enje - Ad maiorem Dei gloriam\" \/>\n<meta property=\"og:description\" content=\"Dvodvneni te\u010daj biblijske antropologije Razgled, 16. i 17. studenoga 2018. Molitva za ruke Do\u0111i, Gospodine, Isuse (.pdf) 1. Praotac Jakov opet u domovini (PDF) * (.ppt) Praotac Jakov opet u domovini (Post 35,1-15) Video: Praotac Jakov opet u domovini Molitva s patrijarhom Jakovom (uz Post 35) Molitva za moja plu\u0107a U tebe se uzdam (Ps [&hellip;]\" \/>\n<meta property=\"og:url\" content=\"https:\/\/amdg.ffrz.hr\/?p=1368\" \/>\n<meta property=\"og:site_name\" content=\"Ad maiorem Dei gloriam\" \/>\n<meta property=\"article:publisher\" content=\"https:\/\/www.facebook.com\/paterniko\" \/>\n<meta property=\"article:author\" content=\"https:\/\/www.facebook.com\/paterniko\" \/>\n<meta property=\"article:published_time\" content=\"2018-11-16T10:36:47+00:00\" \/>\n<meta property=\"article:modified_time\" content=\"2019-12-02T16:01:21+00:00\" \/>\n<meta property=\"og:image\" content=\"https:\/\/amdg.ffrz.hr\/duhvj\/cpps2018\/krvKristova.jpeg\" \/>\n<meta name=\"author\" content=\"Niko Bili\u0107 SJ\" \/>\n<meta name=\"twitter:card\" content=\"summary_large_image\" \/>\n<meta name=\"twitter:label1\" content=\"Napisao\/la\" \/>\n\t<meta name=\"twitter:data1\" content=\"Niko Bili\u0107 SJ\" \/>\n<script type=\"application\/ld+json\" class=\"yoast-schema-graph\">{\"@context\":\"https:\/\/schema.org\",\"@graph\":[{\"@type\":\"Article\",\"@id\":\"https:\/\/amdg.ffrz.hr\/?p=1368#article\",\"isPartOf\":{\"@id\":\"https:\/\/amdg.ffrz.hr\/?p=1368\"},\"author\":{\"name\":\"Niko Bili\u0107 SJ\",\"@id\":\"https:\/\/amdg.ffrz.hr\/#\/schema\/person\/a3d4a18838314f7054f7cdc4f4d45f4a\"},\"headline\":\"Biblijsko obra\u0107enje\",\"datePublished\":\"2018-11-16T10:36:47+00:00\",\"dateModified\":\"2019-12-02T16:01:21+00:00\",\"mainEntityOfPage\":{\"@id\":\"https:\/\/amdg.ffrz.hr\/?p=1368\"},\"wordCount\":81,\"publisher\":{\"@id\":\"https:\/\/amdg.ffrz.hr\/#\/schema\/person\/a3d4a18838314f7054f7cdc4f4d45f4a\"},\"image\":{\"@id\":\"https:\/\/amdg.ffrz.hr\/?p=1368#primaryimage\"},\"thumbnailUrl\":\"https:\/\/amdg.ffrz.hr\/duhvj\/cpps2018\/krvKristova.jpeg\",\"articleSection\":[\"Cjelo\u017eivotno u\u010denje\",\"Duhovnost\"],\"inLanguage\":\"hr\"},{\"@type\":\"WebPage\",\"@id\":\"https:\/\/amdg.ffrz.hr\/?p=1368\",\"url\":\"https:\/\/amdg.ffrz.hr\/?p=1368\",\"name\":\"Biblijsko obra\u0107enje - Ad maiorem Dei gloriam\",\"isPartOf\":{\"@id\":\"https:\/\/amdg.ffrz.hr\/#website\"},\"primaryImageOfPage\":{\"@id\":\"https:\/\/amdg.ffrz.hr\/?p=1368#primaryimage\"},\"image\":{\"@id\":\"https:\/\/amdg.ffrz.hr\/?p=1368#primaryimage\"},\"thumbnailUrl\":\"https:\/\/amdg.ffrz.hr\/duhvj\/cpps2018\/krvKristova.jpeg\",\"datePublished\":\"2018-11-16T10:36:47+00:00\",\"dateModified\":\"2019-12-02T16:01:21+00:00\",\"breadcrumb\":{\"@id\":\"https:\/\/amdg.ffrz.hr\/?p=1368#breadcrumb\"},\"inLanguage\":\"hr\",\"potentialAction\":[{\"@type\":\"ReadAction\",\"target\":[\"https:\/\/amdg.ffrz.hr\/?p=1368\"]}]},{\"@type\":\"ImageObject\",\"inLanguage\":\"hr\",\"@id\":\"https:\/\/amdg.ffrz.hr\/?p=1368#primaryimage\",\"url\":\"https:\/\/amdg.ffrz.hr\/duhvj\/cpps2018\/krvKristova.jpeg\",\"contentUrl\":\"https:\/\/amdg.ffrz.hr\/duhvj\/cpps2018\/krvKristova.jpeg\"},{\"@type\":\"BreadcrumbList\",\"@id\":\"https:\/\/amdg.ffrz.hr\/?p=1368#breadcrumb\",\"itemListElement\":[{\"@type\":\"ListItem\",\"position\":1,\"name\":\"Po\u010detna stranica\",\"item\":\"https:\/\/amdg.ffrz.hr\/\"},{\"@type\":\"ListItem\",\"position\":2,\"name\":\"Biblijsko obra\u0107enje\"}]},{\"@type\":\"WebSite\",\"@id\":\"https:\/\/amdg.ffrz.hr\/#website\",\"url\":\"https:\/\/amdg.ffrz.hr\/\",\"name\":\"Ad maiorem Dei gloriam\",\"description\":\"doc. dr. sc. Niko Bili\u0107:  nastava, duhovnost i cjelo\u017eivotno u\u010denje\",\"publisher\":{\"@id\":\"https:\/\/amdg.ffrz.hr\/#\/schema\/person\/a3d4a18838314f7054f7cdc4f4d45f4a\"},\"potentialAction\":[{\"@type\":\"SearchAction\",\"target\":{\"@type\":\"EntryPoint\",\"urlTemplate\":\"https:\/\/amdg.ffrz.hr\/?s={search_term_string}\"},\"query-input\":{\"@type\":\"PropertyValueSpecification\",\"valueRequired\":true,\"valueName\":\"search_term_string\"}}],\"inLanguage\":\"hr\"},{\"@type\":[\"Person\",\"Organization\"],\"@id\":\"https:\/\/amdg.ffrz.hr\/#\/schema\/person\/a3d4a18838314f7054f7cdc4f4d45f4a\",\"name\":\"Niko Bili\u0107 SJ\",\"image\":{\"@type\":\"ImageObject\",\"inLanguage\":\"hr\",\"@id\":\"https:\/\/amdg.ffrz.hr\/#\/schema\/person\/image\/\",\"url\":\"https:\/\/secure.gravatar.com\/avatar\/14c6ebb29114394312c36c8ab93231d11917870146d266275d4470c0b6c44b88?s=96&d=blank&r=g\",\"contentUrl\":\"https:\/\/secure.gravatar.com\/avatar\/14c6ebb29114394312c36c8ab93231d11917870146d266275d4470c0b6c44b88?s=96&d=blank&r=g\",\"caption\":\"Niko Bili\u0107 SJ\"},\"logo\":{\"@id\":\"https:\/\/amdg.ffrz.hr\/#\/schema\/person\/image\/\"},\"sameAs\":[\"https:\/\/amdg.ffrz.hr\",\"https:\/\/www.facebook.com\/paterniko\",\"https:\/\/www.youtube.com\/user\/paterniko\"]}]}<\/script>\n<!-- \/ Yoast SEO plugin. -->","yoast_head_json":{"title":"Biblijsko obra\u0107enje - Ad maiorem Dei gloriam","robots":{"index":"index","follow":"follow","max-snippet":"max-snippet:-1","max-image-preview":"max-image-preview:large","max-video-preview":"max-video-preview:-1"},"canonical":"https:\/\/amdg.ffrz.hr\/?p=1368","og_locale":"hr_HR","og_type":"article","og_title":"Biblijsko obra\u0107enje - Ad maiorem Dei gloriam","og_description":"Dvodvneni te\u010daj biblijske antropologije Razgled, 16. i 17. studenoga 2018. Molitva za ruke Do\u0111i, Gospodine, Isuse (.pdf) 1. Praotac Jakov opet u domovini (PDF) * (.ppt) Praotac Jakov opet u domovini (Post 35,1-15) Video: Praotac Jakov opet u domovini Molitva s patrijarhom Jakovom (uz Post 35) Molitva za moja plu\u0107a U tebe se uzdam (Ps [&hellip;]","og_url":"https:\/\/amdg.ffrz.hr\/?p=1368","og_site_name":"Ad maiorem Dei gloriam","article_publisher":"https:\/\/www.facebook.com\/paterniko","article_author":"https:\/\/www.facebook.com\/paterniko","article_published_time":"2018-11-16T10:36:47+00:00","article_modified_time":"2019-12-02T16:01:21+00:00","og_image":[{"url":"https:\/\/amdg.ffrz.hr\/duhvj\/cpps2018\/krvKristova.jpeg","type":"","width":"","height":""}],"author":"Niko Bili\u0107 SJ","twitter_card":"summary_large_image","twitter_misc":{"Napisao\/la":"Niko Bili\u0107 SJ"},"schema":{"@context":"https:\/\/schema.org","@graph":[{"@type":"Article","@id":"https:\/\/amdg.ffrz.hr\/?p=1368#article","isPartOf":{"@id":"https:\/\/amdg.ffrz.hr\/?p=1368"},"author":{"name":"Niko Bili\u0107 SJ","@id":"https:\/\/amdg.ffrz.hr\/#\/schema\/person\/a3d4a18838314f7054f7cdc4f4d45f4a"},"headline":"Biblijsko obra\u0107enje","datePublished":"2018-11-16T10:36:47+00:00","dateModified":"2019-12-02T16:01:21+00:00","mainEntityOfPage":{"@id":"https:\/\/amdg.ffrz.hr\/?p=1368"},"wordCount":81,"publisher":{"@id":"https:\/\/amdg.ffrz.hr\/#\/schema\/person\/a3d4a18838314f7054f7cdc4f4d45f4a"},"image":{"@id":"https:\/\/amdg.ffrz.hr\/?p=1368#primaryimage"},"thumbnailUrl":"https:\/\/amdg.ffrz.hr\/duhvj\/cpps2018\/krvKristova.jpeg","articleSection":["Cjelo\u017eivotno u\u010denje","Duhovnost"],"inLanguage":"hr"},{"@type":"WebPage","@id":"https:\/\/amdg.ffrz.hr\/?p=1368","url":"https:\/\/amdg.ffrz.hr\/?p=1368","name":"Biblijsko obra\u0107enje - Ad maiorem Dei gloriam","isPartOf":{"@id":"https:\/\/amdg.ffrz.hr\/#website"},"primaryImageOfPage":{"@id":"https:\/\/amdg.ffrz.hr\/?p=1368#primaryimage"},"image":{"@id":"https:\/\/amdg.ffrz.hr\/?p=1368#primaryimage"},"thumbnailUrl":"https:\/\/amdg.ffrz.hr\/duhvj\/cpps2018\/krvKristova.jpeg","datePublished":"2018-11-16T10:36:47+00:00","dateModified":"2019-12-02T16:01:21+00:00","breadcrumb":{"@id":"https:\/\/amdg.ffrz.hr\/?p=1368#breadcrumb"},"inLanguage":"hr","potentialAction":[{"@type":"ReadAction","target":["https:\/\/amdg.ffrz.hr\/?p=1368"]}]},{"@type":"ImageObject","inLanguage":"hr","@id":"https:\/\/amdg.ffrz.hr\/?p=1368#primaryimage","url":"https:\/\/amdg.ffrz.hr\/duhvj\/cpps2018\/krvKristova.jpeg","contentUrl":"https:\/\/amdg.ffrz.hr\/duhvj\/cpps2018\/krvKristova.jpeg"},{"@type":"BreadcrumbList","@id":"https:\/\/amdg.ffrz.hr\/?p=1368#breadcrumb","itemListElement":[{"@type":"ListItem","position":1,"name":"Po\u010detna stranica","item":"https:\/\/amdg.ffrz.hr\/"},{"@type":"ListItem","position":2,"name":"Biblijsko obra\u0107enje"}]},{"@type":"WebSite","@id":"https:\/\/amdg.ffrz.hr\/#website","url":"https:\/\/amdg.ffrz.hr\/","name":"Ad maiorem Dei gloriam","description":"doc. dr. sc. Niko Bili\u0107:  nastava, duhovnost i cjelo\u017eivotno u\u010denje","publisher":{"@id":"https:\/\/amdg.ffrz.hr\/#\/schema\/person\/a3d4a18838314f7054f7cdc4f4d45f4a"},"potentialAction":[{"@type":"SearchAction","target":{"@type":"EntryPoint","urlTemplate":"https:\/\/amdg.ffrz.hr\/?s={search_term_string}"},"query-input":{"@type":"PropertyValueSpecification","valueRequired":true,"valueName":"search_term_string"}}],"inLanguage":"hr"},{"@type":["Person","Organization"],"@id":"https:\/\/amdg.ffrz.hr\/#\/schema\/person\/a3d4a18838314f7054f7cdc4f4d45f4a","name":"Niko Bili\u0107 SJ","image":{"@type":"ImageObject","inLanguage":"hr","@id":"https:\/\/amdg.ffrz.hr\/#\/schema\/person\/image\/","url":"https:\/\/secure.gravatar.com\/avatar\/14c6ebb29114394312c36c8ab93231d11917870146d266275d4470c0b6c44b88?s=96&d=blank&r=g","contentUrl":"https:\/\/secure.gravatar.com\/avatar\/14c6ebb29114394312c36c8ab93231d11917870146d266275d4470c0b6c44b88?s=96&d=blank&r=g","caption":"Niko Bili\u0107 SJ"},"logo":{"@id":"https:\/\/amdg.ffrz.hr\/#\/schema\/person\/image\/"},"sameAs":["https:\/\/amdg.ffrz.hr","https:\/\/www.facebook.com\/paterniko","https:\/\/www.youtube.com\/user\/paterniko"]}]}},"_links":{"self":[{"href":"https:\/\/amdg.ffrz.hr\/index.php?rest_route=\/wp\/v2\/posts\/1368","targetHints":{"allow":["GET"]}}],"collection":[{"href":"https:\/\/amdg.ffrz.hr\/index.php?rest_route=\/wp\/v2\/posts"}],"about":[{"href":"https:\/\/amdg.ffrz.hr\/index.php?rest_route=\/wp\/v2\/types\/post"}],"author":[{"embeddable":true,"href":"https:\/\/amdg.ffrz.hr\/index.php?rest_route=\/wp\/v2\/users\/1"}],"replies":[{"embeddable":true,"href":"https:\/\/amdg.ffrz.hr\/index.php?rest_route=%2Fwp%2Fv2%2Fcomments&post=1368"}],"version-history":[{"count":5,"href":"https:\/\/amdg.ffrz.hr\/index.php?rest_route=\/wp\/v2\/posts\/1368\/revisions"}],"predecessor-version":[{"id":2206,"href":"https:\/\/amdg.ffrz.hr\/index.php?rest_route=\/wp\/v2\/posts\/1368\/revisions\/2206"}],"wp:attachment":[{"href":"https:\/\/amdg.ffrz.hr\/index.php?rest_route=%2Fwp%2Fv2%2Fmedia&parent=1368"}],"wp:term":[{"taxonomy":"category","embeddable":true,"href":"https:\/\/amdg.ffrz.hr\/index.php?rest_route=%2Fwp%2Fv2%2Fcategories&post=1368"},{"taxonomy":"post_tag","embeddable":true,"href":"https:\/\/amdg.ffrz.hr\/index.php?rest_route=%2Fwp%2Fv2%2Ftags&post=1368"}],"curies":[{"name":"wp","href":"https:\/\/api.w.org\/{rel}","templated":true}]}}