{"id":2396,"date":"2019-12-13T10:30:40","date_gmt":"2019-12-13T09:30:40","guid":{"rendered":"https:\/\/amdg.ffrz.hr\/?p=2396"},"modified":"2020-11-15T18:26:06","modified_gmt":"2020-11-15T17:26:06","slug":"svecenik-eli","status":"publish","type":"post","link":"https:\/\/amdg.ffrz.hr\/?p=2396","title":{"rendered":"Sve\u0107enik Eli"},"content":{"rendered":"\n<div class=\"wp-block-image\"><figure class=\"aligncenter\"><a href=\"https:\/\/amdg.ffrz.hr\/wp-content\/uploads\/Eli_and_Samuel.jpg\"><img loading=\"lazy\" decoding=\"async\" width=\"869\" height=\"1093\" src=\"https:\/\/amdg.ffrz.hr\/wp-content\/uploads\/Eli_and_Samuel.jpg\" alt=\"\" class=\"wp-image-2399\" srcset=\"https:\/\/amdg.ffrz.hr\/wp-content\/uploads\/Eli_and_Samuel.jpg 869w, https:\/\/amdg.ffrz.hr\/wp-content\/uploads\/Eli_and_Samuel-239x300.jpg 239w, https:\/\/amdg.ffrz.hr\/wp-content\/uploads\/Eli_and_Samuel-814x1024.jpg 814w, https:\/\/amdg.ffrz.hr\/wp-content\/uploads\/Eli_and_Samuel-768x966.jpg 768w\" sizes=\"auto, (max-width: 869px) 100vw, 869px\" \/><\/a><figcaption>John Singleton Copley (1738.-1815.); Samuel Relating to Eli the Judgements of God upon Eli&#8217;s House<\/figcaption><\/figure><\/div>\n\n\n\n<p>U Svetom nam je pismu sve\u0107enik Eli poznat kao starac-mentor koji u no\u0107i Samuelova zvanja mladi\u0107u djelotvorno poma\u017ee u duhovnom rasu\u0111ivanju. Iako tek kod tre\u0107eg puta, Eli pravo raspoznaje, da je rije\u010d o duhovnom, Bo\u017ejem pozivu. Eli je kadar primijetiti da Gospodin zove. Poznaje sveto Bo\u017eje ime \u05d9\u05d4\u05d5\u05d4 koje ispo\u010detka Samuelu ostaje nepoznato \u2013 u svojim rije\u010dima Samuel ga ne ponavlja. Ka\u017ee samo: &#8220;Govori, sluga tvoj slu\u0161a!&#8221; (1 Sam 3,10). Sve\u0107enik je plodno pou\u010dio dje\u010daka o pravom stavu pred Bogom. Na kraju istog biblijskog poglavlja naime sav \u0107e Bo\u017eji narod spoznati da je Samuel Gospodinov prorok (3,20). Preko njega Rije\u010d Bo\u017eja vi\u0161e ne\u0107e biti <em>rijetka<\/em> kao na po\u010detku (3,1). Znamo, pod Elijevim je okom Samuel od djetinje dobi slu\u017eio Bogu (2,11.18; 3,1) i rastao (2,21.26).<\/p>\n\n\n\n<h2 class=\"wp-block-heading\">Na svetom mjestu<\/h2>\n\n\n\n<p>Sve\u0107enik Eli vezan je uz prvo sveti\u0161te koje je uspostavljeno po dolasku u Obe\u0107anu zemlju. Ondje, u \u0160ilu, jo\u0161 od Jo\u0161uinih vremena nalazi se \u0160ator objave, sveti molitveni prostor u kojem se Mojsije susretao s Bogom licem u lice (J\u0161 18,1; usp. 1 Sam 2,22 MT). Ondje je \u0161krinja zavjetna \u2013 znak Saveza s Bogom i mjesto realne Gospodinove nazo\u010dnosti u svom narodu. Eli je sve\u0107enik u \u0160ilu, svojevrsnoj prethodnici svetog grada Jeruzalema. U \u0160ilo, \u010ditamo, dolazi &#8220;sav Izrael&#8221; (1 Sam 2,14.22) radi bogoslu\u017eja, \u0161to se napose vidi na primjeru Samuelove obitelji koja redovito tako \u010dini (1,3.7). U \u0160ilu je sveti\u0161te \u2013 <em>hekal<\/em> (1,9; 3,3). Tu je <em>dom Bo\u017eji<\/em> kamo Samuelovi roditelji svake godine hodo\u010daste (1,7), pa tako i onaj put kad \u0107e Samuela dati u hramsku slu\u017ebu (1,24). Mali Samuel otvarat \u0107e jutrom vrata toga doma Bo\u017ejega (3,15).<\/p>\n\n\n\n<p>Ime sve\u0107enika Elija upozorava na Bo\u017eju uzvi\u0161enost. Rje\u010dnik obja\u0161njava da <em>El\u00ed<\/em> mo\u017ee zna\u010diti &#8220;uzvi\u0161en&#8221; i da je povezano s jednim od drevnih Bo\u017ejih imena &#8220;Eljon&#8221; \u2013 &#8220;Svevi\u0161nji&#8221;. U hrvatskom pak ne\u0107e biti te\u0161ko prisjetiti se kako biskupe doli\u010dno oslovljavamo s &#8220;preuzvi\u0161eni&#8221;. Eli je sve\u0107enik pa je, eto, &#8220;uzvi\u0161eni&#8221; \u2013 to jest, kod nas udoma\u0107eno \u2013 &#8220;vele\u010dasni&#8221;.<\/p>\n\n\n\n<h2 class=\"wp-block-heading\">Susret s bli\u017enjima<\/h2>\n\n\n\n<p>Sve\u0107enik je \u010dovjek susreta. U \u010detiri biblijska poglavlja koja opisuju slike iz Elijeva \u017eivota pet puta \u0107emo na\u0107i rije\u010di koje on upu\u0107uje u raznim zgodama. Samuelovoj majci, koja je svojim iskrenim tuma\u010denjem nadvladala njegovu pogre\u0161nu i uvredljivu primjedbu, daje utje\u0161nu sve\u0107eni\u010dku potvrdu o Bo\u017ejem usli\u0161anju: &#8220;Bog \u0107e ispuniti \u0161to si ga molila!&#8221; (1,17) i ona mo\u017ee u miru po\u0107i. Ani susret s Elijem donosi pobolj\u0161anje: tuga prolazi, mo\u017ee jesti (1,18). On je prvi \u010dovjek kojemu Ana upravlja svoje rije\u010di (1,15), zapo\u010dinje verbalnu komunikaciju \u0161to je u njezinoj dotada\u0161njoj za\u010dahurenoj, bolnoj tjeskobi spasonosno.<\/p>\n\n\n\n<p>Poslije, kad je Samuel ve\u0107 zapo\u010deo svoj Bogu posve\u0107eni \u017eivot, Eli blagoslivlja oba roditelja (2,20) koji \u0107e nato dobiti jo\u0161 tri sina i dvije k\u0107eri (2,21). Mlade sve\u0107enike koji su zastranili jasno i razlo\u017eno upozorava na Bo\u017eji autoritet (2,23\u201325). Njima je o\u010dito vi\u0161e stalo do njihova vlastita imena kad se oba u tekstu uporno pet puta ponavljaju: Hofni i Pinhas (1,3; 2,34; 4,4.11.17). Istina, stari Eli ne uspijeva uspostaviti pravi dijalog s njima i zna za njihovo pona\u0161anje samo po onome \u0161to <em>\u010duje <\/em>od drugih (2,23.24), ali ipak izravno i osobno poku\u0161ava razgovarati s njima. Prodorno i neuvijeno \u017eeli ih zaustaviti: &#8220;Ne tako, sinovi moji!&#8221; Istim povjerljivim i autoritativnim oslovljavanjem &#8220;sine moj&#8221; uspostavlja kontakt sa Samuelom (3,6.16) i s glasnikom koji dolazi s boji\u0161ta donose\u0107i tragi\u010dne vijesti (4,16). Sve\u0107enik Eli tako\u0111er je dobar slu\u0161atelj: dopu\u0161ta Ani da izgovori dug hvalospjev (2,1\u201310), a tajanstvenog Bo\u017ejeg \u010dovjeka koji kao pravi prorok zapo\u010dinje: &#8220;Gospodin ovako govori&#8221; ne prekida u izno\u0161enju o\u0161trog suda (2,27\u201326).<\/p>\n\n\n\n<h2 class=\"wp-block-heading\">\u017dar za svetinjama<\/h2>\n\n\n\n<p>\u017divost Elijeve sve\u0107eni\u010dke du\u0161e o\u010dituje se kad mu srce tu\u010de za kov\u010degom Saveza, kad strepi nad njim (4,13). Kad Kov\u010deg Saveza Gospodina nad vojskama bude uzet (4,11.17.19.21.22), kad slava Bo\u017eja \u2013 doslovce \u2013 &#8220;ode u izgnanstvo&#8221; (4,22), kako na smrtnom \u010dasu veli \u017eena Pinhasova, Eli \u0107e od strahote umrijeti (4,18).<\/p>\n\n\n\n<p>Bit sve\u0107eni\u0161tva jest u tome da je sve\u0107enik zadu\u017een za ono \u0161to je Gospodinu posve\u0107eno. \u0161to se Bogu daruje, njemu je na skrb povjereno. Majka Ana Samuela njemu predaje (1,25). Sve\u0107enik je to koji s velikim zanimanjem \u017eeli \u010duti Rije\u010d Bo\u017eju koja je Samuelu objavljena. Svima koji prou\u010davaju Sveto pismo osobito \u0107e biti drago njegovo inzistiranje na cjelovitoj poruci. Znamo da je prvo pravilo dobra tuma\u010denja: ne trgati iz konteksta. Svojim zahtjevom Eli ostaje uzor-egzeget kad od Samuela dvaput tra\u017ei: &#8220;Nemoj mi ni\u0161ta pre\u0161utjeti!&#8221; (3,17). A kad je \u010duo, izrazit \u0107e svoju predanost i pokornost Bo\u017ejoj volji (3,18). Eli je ispunio puni radni vijek od 40 godina, istodobno kao sve\u0107enik i kao sudac u Bo\u017ejem narodu (4,18). Zaokru\u017een i ispunjen \u017eivot u Svetom pismu potvr\u0111uje velika starost koju je do\u017eivio (2,22) \u2013 gotovo stotinu godina (4,15). Upravo Eli pru\u017ea izvrstan primjer kako je sve\u0107enik povezan sa sudbinom konkretne obitelji (1 Sam 1s), ali i cijelog naroda (c4).<\/p>\n\n\n\n<h2 class=\"wp-block-heading\">Samo \u010dovjek<\/h2>\n\n\n\n<p>Biblija me\u0111utim ne uljep\u0161ava. To \u0161to je Bog nekoga za sebe izabrao i povjerio mu sve\u0107eni\u010dku slu\u017ebu, ne zna\u010di automatski uspio \u017eivot i sretno ispunjeno poslanje. U liku Elija prikazan je sve\u0107enik koji sve slabije vidi kako stvari stoje. U po\u010detku jo\u0161 mo\u017ee pomno paziti na kretnje Aninih usana u molitvi (1,12). U no\u0107i Samuelova zvanja, Elijeve o\u010di ve\u0107 su po\u010dele slabjeti (3,2), a kad mu kobni glasnik dolazi, potpuno su be\u017eivotne (4,15). Izvje\u0161taj o njegovu preminu\u0107u isti\u010de da je bio te\u017eak (4,18). U tri prizora u kojima susre\u0107emo Elija on sjedi (1,9; 4,13.18) ili le\u017ei (3,2). Uzmemo li u obzir \u017eestoku optu\u017ebu Bo\u017eju da nedopu\u0161teno mrse, debljaju se i \u2013 doslovno \u2013 &#8220;tove&#8221; (2,29), ne\u0107e biti te\u0161ko zaklju\u010diti da je imao ozbiljnih te\u0161ko\u0107a s gojazno\u0161\u0107u.<\/p>\n\n\n\n<p>Puno je te\u017ee me\u0111utim \u0161to ovaj biblijski izvje\u0161taj s jedne strane \u010dak pet puta nagla\u0161ava da Ana, majka Samuelova, &#8220;moli&#8221; (1,10.12.26.27; 2,1), a za Elija takva opisa jednostavno nema. Ana se moli Bogu, moli dugo, a u sve\u0107enikovim rije\u010dima nema ni jedne koja bi bila upu\u0107ena Bogu na &#8220;Ti&#8221;. Stra\u0161no je to! Opis Elija ispit je savjesti, dobrohotno upozorenje i poziv nama sve\u0107enicima na pozornost s obzirom na molitvu, prehranu i njegovanje fizi\u010dke kondicije.<\/p>\n\n\n\n<p>Nedostatak komunikacije osje\u0107a se i kad nakon \u0161to Ana ispunja zavjet i posve\u0107uje sina Bo\u017ejoj slu\u017ebi (1,28) Eli ostaje bez rije\u010di i kad na zahtjevnu Bo\u017eju poruku koju glasnik donosi i koja ozbiljno stavlja u pitanje njegovu odanost (2,27\u201336) ni\u0161ta ne odgovara. Da li sve to dovodi do toga da narod nekako svojevoljno odlu\u010duje o kov\u010degu Saveza, uzimlju\u0107i ga iz sveti\u0161ta? Sve\u0107enici su u rukama naroda, pasivni. A ne\u0107e dakako biti dovoljna sama prisutnost zavjetnog Kov\u010dega u taboru da ih nekako magijski obrani od neprijatelja. Tra\u017ei se vi\u0161e. Vjernost sve\u0107enika bo\u017eanski je \u0161tit cijeloj zajednici.<\/p>\n\n\n\n<h2 class=\"wp-block-heading\">Bo\u017eja pedagogija<\/h2>\n\n\n\n<p>Svakako Bo\u017eja je pedagogija ustrajnija od Elijeve. Eli nije uspio uspostaviti dijalog i do\u0107i do pozitivne reakcije svojih mladih nasljednika pa odustaje. A Gospodin, kad poruka preko glasnika ostaje bez odgovora, ponovno poku\u0161ava. Preko Samuela. Sam mu se javlja, doslovce &#8220;pristupa&#8221; k njemu kako izvje\u0161\u0107uje sveti tekst (1 Sam 3,10). Rije\u010d Bo\u017eja koju Samuel u onoj presudnoj no\u0107i prvi put slu\u0161a usmjerena je na Elija (3,12\u201314) i potvr\u0111uje da je sve\u0107enikova sudbina relevantna za sav &#8220;Izrael&#8221; (3,11).<\/p>\n\n\n\n<p>Elijeva biblijska povijest va\u017ean je teolo\u0161ki tekst o sve\u0107eni\u0161tvu koji se \u010dak deset puta vra\u0107a na klju\u010dnu rije\u010d &#8220;sve\u0107enik&#8221;. U Bo\u017ejem govoru otkriva nam crtu koja odre\u0111uje sve\u0107enika: on je nositelj objave. Njemu je Bog sama sebe objavio (2,27). Ishodi\u0161na te\u0161ko\u0107a mladi\u0107a Hofnija i Pinhasa jest \u0161to nisu spoznali Gospodina, a Samuel \u0107e pod Elijevim vodstvom upravo do toga do\u0107i.<\/p>\n\n\n\n<p>Ovaj biblijski izvje\u0161taj potvr\u0111uje misli s kojima je papa Benedikt XVI. otvorio sve\u0107eni\u010dku godinu, podsje\u0107aju\u0107i da je obitelj mjesto gdje se ra\u0111a sve\u0107eni\u010dko zvanje. S jedne strane naime Bo\u017eja rije\u010d nagla\u0161ava da Eli potje\u010de iz obitelji koju je Bog izabrao jo\u0161 dok bijahu u ku\u0107i ropstva, a s druge strane odgovornost za mlade sve\u0107enike vrlo odrje\u0161ito i izravno tra\u017ei od njihova oca. Va\u017ean je otac sve\u0107enika.<\/p>\n\n\n\n<p>Najljep\u0161e pak jest \u0161to Eli \u010duje utje\u0161nu rije\u010d da \u0107e Bog sam postaviti sve\u0107enika (2,35). U na\u0161oj nevolji zbog nedostatka sve\u0107enika u Europi, ovo je veliko ohrabrenje. Istinitost Bo\u017ejeg obe\u0107anja potvr\u0111uje na primjer \u010dudesna \u010dinjenica da Hrvatski isusovci ove godine imaju pravi biblijski broj od sedam mladomisnika. Svijetao putokaz i zadatak ostaje definicija koju je Eli \u010duo za vjerna i utvr\u0111ena sve\u0107enika: &#8220;Radit \u0107e&#8221; veli Gospodin &#8220;kako je u mom srcu i u mojoj du\u0161i&#8221; (2,35).<\/p>\n\n\n\n<p>26.09.09. (ure\u0111eno: 21.10.09.; 1.5.2014.)<br>2. izd. 13. 12. 2019.<\/p>\n\n\n\n<p>Poslu\u0161ajte: <a href=\"https:\/\/amdg.ffrz.hr\/amdg_aiv\/sz\/eli_nastava.mp3\">Sve\u0107enik Eli<\/a><\/p>\n\n\n\n<figure class=\"wp-block-audio\"><audio controls src=\"https:\/\/amdg.ffrz.hr\/amdg_aiv\/sz\/eli_nastava.mp3\"><\/audio><\/figure>\n\n\n\n<p class=\"has-text-align-right\">doc. dr. sc. Niko Bili\u0107, SJ<\/p>\n","protected":false},"excerpt":{"rendered":"<p>U Svetom nam je pismu sve\u0107enik Eli poznat kao starac-mentor koji u no\u0107i Samuelova zvanja mladi\u0107u djelotvorno poma\u017ee u duhovnom rasu\u0111ivanju. Iako tek kod tre\u0107eg puta, Eli pravo raspoznaje, da je rije\u010d o duhovnom, Bo\u017ejem pozivu. Eli je kadar primijetiti da Gospodin zove. Poznaje sveto Bo\u017eje ime \u05d9\u05d4\u05d5\u05d4 koje ispo\u010detka Samuelu ostaje nepoznato \u2013 u [&hellip;]<\/p>\n","protected":false},"author":1,"featured_media":0,"comment_status":"closed","ping_status":"closed","sticky":false,"template":"","format":"standard","meta":{"footnotes":""},"categories":[14,5,6],"tags":[],"class_list":["post-2396","post","type-post","status-publish","format-standard","hentry","category-biblijska-antropologija","category-duhovnost","category-nastava"],"yoast_head":"<!-- This site is optimized with the Yoast SEO plugin v26.0 - https:\/\/yoast.com\/wordpress\/plugins\/seo\/ -->\n<title>Sve\u0107enik Eli - Ad maiorem Dei gloriam<\/title>\n<meta name=\"robots\" content=\"index, follow, max-snippet:-1, max-image-preview:large, max-video-preview:-1\" \/>\n<link rel=\"canonical\" href=\"https:\/\/amdg.ffrz.hr\/?p=2396\" \/>\n<meta property=\"og:locale\" content=\"hr_HR\" \/>\n<meta property=\"og:type\" content=\"article\" \/>\n<meta property=\"og:title\" content=\"Sve\u0107enik Eli - Ad maiorem Dei gloriam\" \/>\n<meta property=\"og:description\" content=\"U Svetom nam je pismu sve\u0107enik Eli poznat kao starac-mentor koji u no\u0107i Samuelova zvanja mladi\u0107u djelotvorno poma\u017ee u duhovnom rasu\u0111ivanju. Iako tek kod tre\u0107eg puta, Eli pravo raspoznaje, da je rije\u010d o duhovnom, Bo\u017ejem pozivu. Eli je kadar primijetiti da Gospodin zove. Poznaje sveto Bo\u017eje ime \u05d9\u05d4\u05d5\u05d4 koje ispo\u010detka Samuelu ostaje nepoznato \u2013 u [&hellip;]\" \/>\n<meta property=\"og:url\" content=\"https:\/\/amdg.ffrz.hr\/?p=2396\" \/>\n<meta property=\"og:site_name\" content=\"Ad maiorem Dei gloriam\" \/>\n<meta property=\"article:publisher\" content=\"https:\/\/www.facebook.com\/paterniko\" \/>\n<meta property=\"article:author\" content=\"https:\/\/www.facebook.com\/paterniko\" \/>\n<meta property=\"article:published_time\" content=\"2019-12-13T09:30:40+00:00\" \/>\n<meta property=\"article:modified_time\" content=\"2020-11-15T17:26:06+00:00\" \/>\n<meta property=\"og:image\" content=\"https:\/\/amdg.ffrz.hr\/wp-content\/uploads\/Eli_and_Samuel.jpg\" \/>\n<meta name=\"author\" content=\"Niko Bili\u0107 SJ\" \/>\n<meta name=\"twitter:card\" content=\"summary_large_image\" \/>\n<meta name=\"twitter:label1\" content=\"Napisao\/la\" \/>\n\t<meta name=\"twitter:data1\" content=\"Niko Bili\u0107 SJ\" \/>\n\t<meta name=\"twitter:label2\" content=\"Procijenjeno vrijeme \u010ditanja\" \/>\n\t<meta name=\"twitter:data2\" content=\"8 minuta\" \/>\n<script type=\"application\/ld+json\" class=\"yoast-schema-graph\">{\"@context\":\"https:\/\/schema.org\",\"@graph\":[{\"@type\":\"Article\",\"@id\":\"https:\/\/amdg.ffrz.hr\/?p=2396#article\",\"isPartOf\":{\"@id\":\"https:\/\/amdg.ffrz.hr\/?p=2396\"},\"author\":{\"name\":\"Niko Bili\u0107 SJ\",\"@id\":\"https:\/\/amdg.ffrz.hr\/#\/schema\/person\/a3d4a18838314f7054f7cdc4f4d45f4a\"},\"headline\":\"Sve\u0107enik Eli\",\"datePublished\":\"2019-12-13T09:30:40+00:00\",\"dateModified\":\"2020-11-15T17:26:06+00:00\",\"mainEntityOfPage\":{\"@id\":\"https:\/\/amdg.ffrz.hr\/?p=2396\"},\"wordCount\":1554,\"publisher\":{\"@id\":\"https:\/\/amdg.ffrz.hr\/#\/schema\/person\/a3d4a18838314f7054f7cdc4f4d45f4a\"},\"image\":{\"@id\":\"https:\/\/amdg.ffrz.hr\/?p=2396#primaryimage\"},\"thumbnailUrl\":\"https:\/\/amdg.ffrz.hr\/wp-content\/uploads\/Eli_and_Samuel.jpg\",\"articleSection\":[\"Biblijska antropologija\",\"Duhovnost\",\"Nastava\"],\"inLanguage\":\"hr\"},{\"@type\":\"WebPage\",\"@id\":\"https:\/\/amdg.ffrz.hr\/?p=2396\",\"url\":\"https:\/\/amdg.ffrz.hr\/?p=2396\",\"name\":\"Sve\u0107enik Eli - Ad maiorem Dei gloriam\",\"isPartOf\":{\"@id\":\"https:\/\/amdg.ffrz.hr\/#website\"},\"primaryImageOfPage\":{\"@id\":\"https:\/\/amdg.ffrz.hr\/?p=2396#primaryimage\"},\"image\":{\"@id\":\"https:\/\/amdg.ffrz.hr\/?p=2396#primaryimage\"},\"thumbnailUrl\":\"https:\/\/amdg.ffrz.hr\/wp-content\/uploads\/Eli_and_Samuel.jpg\",\"datePublished\":\"2019-12-13T09:30:40+00:00\",\"dateModified\":\"2020-11-15T17:26:06+00:00\",\"breadcrumb\":{\"@id\":\"https:\/\/amdg.ffrz.hr\/?p=2396#breadcrumb\"},\"inLanguage\":\"hr\",\"potentialAction\":[{\"@type\":\"ReadAction\",\"target\":[\"https:\/\/amdg.ffrz.hr\/?p=2396\"]}]},{\"@type\":\"ImageObject\",\"inLanguage\":\"hr\",\"@id\":\"https:\/\/amdg.ffrz.hr\/?p=2396#primaryimage\",\"url\":\"https:\/\/amdg.ffrz.hr\/wp-content\/uploads\/Eli_and_Samuel.jpg\",\"contentUrl\":\"https:\/\/amdg.ffrz.hr\/wp-content\/uploads\/Eli_and_Samuel.jpg\",\"width\":869,\"height\":1093},{\"@type\":\"BreadcrumbList\",\"@id\":\"https:\/\/amdg.ffrz.hr\/?p=2396#breadcrumb\",\"itemListElement\":[{\"@type\":\"ListItem\",\"position\":1,\"name\":\"Po\u010detna stranica\",\"item\":\"https:\/\/amdg.ffrz.hr\/\"},{\"@type\":\"ListItem\",\"position\":2,\"name\":\"Sve\u0107enik Eli\"}]},{\"@type\":\"WebSite\",\"@id\":\"https:\/\/amdg.ffrz.hr\/#website\",\"url\":\"https:\/\/amdg.ffrz.hr\/\",\"name\":\"Ad maiorem Dei gloriam\",\"description\":\"doc. dr. sc. Niko Bili\u0107:  nastava, duhovnost i cjelo\u017eivotno u\u010denje\",\"publisher\":{\"@id\":\"https:\/\/amdg.ffrz.hr\/#\/schema\/person\/a3d4a18838314f7054f7cdc4f4d45f4a\"},\"potentialAction\":[{\"@type\":\"SearchAction\",\"target\":{\"@type\":\"EntryPoint\",\"urlTemplate\":\"https:\/\/amdg.ffrz.hr\/?s={search_term_string}\"},\"query-input\":{\"@type\":\"PropertyValueSpecification\",\"valueRequired\":true,\"valueName\":\"search_term_string\"}}],\"inLanguage\":\"hr\"},{\"@type\":[\"Person\",\"Organization\"],\"@id\":\"https:\/\/amdg.ffrz.hr\/#\/schema\/person\/a3d4a18838314f7054f7cdc4f4d45f4a\",\"name\":\"Niko Bili\u0107 SJ\",\"image\":{\"@type\":\"ImageObject\",\"inLanguage\":\"hr\",\"@id\":\"https:\/\/amdg.ffrz.hr\/#\/schema\/person\/image\/\",\"url\":\"https:\/\/secure.gravatar.com\/avatar\/14c6ebb29114394312c36c8ab93231d11917870146d266275d4470c0b6c44b88?s=96&d=blank&r=g\",\"contentUrl\":\"https:\/\/secure.gravatar.com\/avatar\/14c6ebb29114394312c36c8ab93231d11917870146d266275d4470c0b6c44b88?s=96&d=blank&r=g\",\"caption\":\"Niko Bili\u0107 SJ\"},\"logo\":{\"@id\":\"https:\/\/amdg.ffrz.hr\/#\/schema\/person\/image\/\"},\"sameAs\":[\"https:\/\/amdg.ffrz.hr\",\"https:\/\/www.facebook.com\/paterniko\",\"https:\/\/www.youtube.com\/user\/paterniko\"]}]}<\/script>\n<!-- \/ Yoast SEO plugin. -->","yoast_head_json":{"title":"Sve\u0107enik Eli - Ad maiorem Dei gloriam","robots":{"index":"index","follow":"follow","max-snippet":"max-snippet:-1","max-image-preview":"max-image-preview:large","max-video-preview":"max-video-preview:-1"},"canonical":"https:\/\/amdg.ffrz.hr\/?p=2396","og_locale":"hr_HR","og_type":"article","og_title":"Sve\u0107enik Eli - Ad maiorem Dei gloriam","og_description":"U Svetom nam je pismu sve\u0107enik Eli poznat kao starac-mentor koji u no\u0107i Samuelova zvanja mladi\u0107u djelotvorno poma\u017ee u duhovnom rasu\u0111ivanju. Iako tek kod tre\u0107eg puta, Eli pravo raspoznaje, da je rije\u010d o duhovnom, Bo\u017ejem pozivu. Eli je kadar primijetiti da Gospodin zove. Poznaje sveto Bo\u017eje ime \u05d9\u05d4\u05d5\u05d4 koje ispo\u010detka Samuelu ostaje nepoznato \u2013 u [&hellip;]","og_url":"https:\/\/amdg.ffrz.hr\/?p=2396","og_site_name":"Ad maiorem Dei gloriam","article_publisher":"https:\/\/www.facebook.com\/paterniko","article_author":"https:\/\/www.facebook.com\/paterniko","article_published_time":"2019-12-13T09:30:40+00:00","article_modified_time":"2020-11-15T17:26:06+00:00","og_image":[{"url":"https:\/\/amdg.ffrz.hr\/wp-content\/uploads\/Eli_and_Samuel.jpg","type":"","width":"","height":""}],"author":"Niko Bili\u0107 SJ","twitter_card":"summary_large_image","twitter_misc":{"Napisao\/la":"Niko Bili\u0107 SJ","Procijenjeno vrijeme \u010ditanja":"8 minuta"},"schema":{"@context":"https:\/\/schema.org","@graph":[{"@type":"Article","@id":"https:\/\/amdg.ffrz.hr\/?p=2396#article","isPartOf":{"@id":"https:\/\/amdg.ffrz.hr\/?p=2396"},"author":{"name":"Niko Bili\u0107 SJ","@id":"https:\/\/amdg.ffrz.hr\/#\/schema\/person\/a3d4a18838314f7054f7cdc4f4d45f4a"},"headline":"Sve\u0107enik Eli","datePublished":"2019-12-13T09:30:40+00:00","dateModified":"2020-11-15T17:26:06+00:00","mainEntityOfPage":{"@id":"https:\/\/amdg.ffrz.hr\/?p=2396"},"wordCount":1554,"publisher":{"@id":"https:\/\/amdg.ffrz.hr\/#\/schema\/person\/a3d4a18838314f7054f7cdc4f4d45f4a"},"image":{"@id":"https:\/\/amdg.ffrz.hr\/?p=2396#primaryimage"},"thumbnailUrl":"https:\/\/amdg.ffrz.hr\/wp-content\/uploads\/Eli_and_Samuel.jpg","articleSection":["Biblijska antropologija","Duhovnost","Nastava"],"inLanguage":"hr"},{"@type":"WebPage","@id":"https:\/\/amdg.ffrz.hr\/?p=2396","url":"https:\/\/amdg.ffrz.hr\/?p=2396","name":"Sve\u0107enik Eli - Ad maiorem Dei gloriam","isPartOf":{"@id":"https:\/\/amdg.ffrz.hr\/#website"},"primaryImageOfPage":{"@id":"https:\/\/amdg.ffrz.hr\/?p=2396#primaryimage"},"image":{"@id":"https:\/\/amdg.ffrz.hr\/?p=2396#primaryimage"},"thumbnailUrl":"https:\/\/amdg.ffrz.hr\/wp-content\/uploads\/Eli_and_Samuel.jpg","datePublished":"2019-12-13T09:30:40+00:00","dateModified":"2020-11-15T17:26:06+00:00","breadcrumb":{"@id":"https:\/\/amdg.ffrz.hr\/?p=2396#breadcrumb"},"inLanguage":"hr","potentialAction":[{"@type":"ReadAction","target":["https:\/\/amdg.ffrz.hr\/?p=2396"]}]},{"@type":"ImageObject","inLanguage":"hr","@id":"https:\/\/amdg.ffrz.hr\/?p=2396#primaryimage","url":"https:\/\/amdg.ffrz.hr\/wp-content\/uploads\/Eli_and_Samuel.jpg","contentUrl":"https:\/\/amdg.ffrz.hr\/wp-content\/uploads\/Eli_and_Samuel.jpg","width":869,"height":1093},{"@type":"BreadcrumbList","@id":"https:\/\/amdg.ffrz.hr\/?p=2396#breadcrumb","itemListElement":[{"@type":"ListItem","position":1,"name":"Po\u010detna stranica","item":"https:\/\/amdg.ffrz.hr\/"},{"@type":"ListItem","position":2,"name":"Sve\u0107enik Eli"}]},{"@type":"WebSite","@id":"https:\/\/amdg.ffrz.hr\/#website","url":"https:\/\/amdg.ffrz.hr\/","name":"Ad maiorem Dei gloriam","description":"doc. dr. sc. Niko Bili\u0107:  nastava, duhovnost i cjelo\u017eivotno u\u010denje","publisher":{"@id":"https:\/\/amdg.ffrz.hr\/#\/schema\/person\/a3d4a18838314f7054f7cdc4f4d45f4a"},"potentialAction":[{"@type":"SearchAction","target":{"@type":"EntryPoint","urlTemplate":"https:\/\/amdg.ffrz.hr\/?s={search_term_string}"},"query-input":{"@type":"PropertyValueSpecification","valueRequired":true,"valueName":"search_term_string"}}],"inLanguage":"hr"},{"@type":["Person","Organization"],"@id":"https:\/\/amdg.ffrz.hr\/#\/schema\/person\/a3d4a18838314f7054f7cdc4f4d45f4a","name":"Niko Bili\u0107 SJ","image":{"@type":"ImageObject","inLanguage":"hr","@id":"https:\/\/amdg.ffrz.hr\/#\/schema\/person\/image\/","url":"https:\/\/secure.gravatar.com\/avatar\/14c6ebb29114394312c36c8ab93231d11917870146d266275d4470c0b6c44b88?s=96&d=blank&r=g","contentUrl":"https:\/\/secure.gravatar.com\/avatar\/14c6ebb29114394312c36c8ab93231d11917870146d266275d4470c0b6c44b88?s=96&d=blank&r=g","caption":"Niko Bili\u0107 SJ"},"logo":{"@id":"https:\/\/amdg.ffrz.hr\/#\/schema\/person\/image\/"},"sameAs":["https:\/\/amdg.ffrz.hr","https:\/\/www.facebook.com\/paterniko","https:\/\/www.youtube.com\/user\/paterniko"]}]}},"_links":{"self":[{"href":"https:\/\/amdg.ffrz.hr\/index.php?rest_route=\/wp\/v2\/posts\/2396","targetHints":{"allow":["GET"]}}],"collection":[{"href":"https:\/\/amdg.ffrz.hr\/index.php?rest_route=\/wp\/v2\/posts"}],"about":[{"href":"https:\/\/amdg.ffrz.hr\/index.php?rest_route=\/wp\/v2\/types\/post"}],"author":[{"embeddable":true,"href":"https:\/\/amdg.ffrz.hr\/index.php?rest_route=\/wp\/v2\/users\/1"}],"replies":[{"embeddable":true,"href":"https:\/\/amdg.ffrz.hr\/index.php?rest_route=%2Fwp%2Fv2%2Fcomments&post=2396"}],"version-history":[{"count":4,"href":"https:\/\/amdg.ffrz.hr\/index.php?rest_route=\/wp\/v2\/posts\/2396\/revisions"}],"predecessor-version":[{"id":3949,"href":"https:\/\/amdg.ffrz.hr\/index.php?rest_route=\/wp\/v2\/posts\/2396\/revisions\/3949"}],"wp:attachment":[{"href":"https:\/\/amdg.ffrz.hr\/index.php?rest_route=%2Fwp%2Fv2%2Fmedia&parent=2396"}],"wp:term":[{"taxonomy":"category","embeddable":true,"href":"https:\/\/amdg.ffrz.hr\/index.php?rest_route=%2Fwp%2Fv2%2Fcategories&post=2396"},{"taxonomy":"post_tag","embeddable":true,"href":"https:\/\/amdg.ffrz.hr\/index.php?rest_route=%2Fwp%2Fv2%2Ftags&post=2396"}],"curies":[{"name":"wp","href":"https:\/\/api.w.org\/{rel}","templated":true}]}}