{"id":2562,"date":"2019-12-14T18:31:11","date_gmt":"2019-12-14T17:31:11","guid":{"rendered":"https:\/\/amdg.ffrz.hr\/?p=2562"},"modified":"2023-10-21T09:04:40","modified_gmt":"2023-10-21T07:04:40","slug":"proroci-i-psalmi","status":"publish","type":"post","link":"https:\/\/amdg.ffrz.hr\/?p=2562","title":{"rendered":"Proroci i Psalmi"},"content":{"rendered":"\n<p>Zimski semestar 2017.\/18. <br>pri Hrvatskoj redovni\u010dkoj konferenciji<\/p>\n\n\n\n<p>\u010detvrtkom u 9:00, Prilaz Gjure De\u017eeli\u0107a 75<\/p>\n\n\n\n<p>1) 19.10.17.&nbsp;<a href=\"http:\/\/amdg.ffrz.hr\/hkvrpp\/sestre01_proroci_raspeti.pdf\">PDF<\/a>&nbsp;*&nbsp;<a href=\"http:\/\/amdg.ffrz.hr\/hkvrpp\/sestre01_proroci_raspeti.ppt\">Fenomen proro\u0161tva. Psalmi Krista raspetoga (.ppt)<\/a>&nbsp;*&nbsp;<a href=\"http:\/\/amdg.eu\/2013\/11\/abraham-prorok\/\">Abraham, prorok<\/a>&nbsp;*&nbsp;<a href=\"http:\/\/amdg.ffrz.hr\/mirjam.php\">Mirjam, proro\u010dica<\/a>&nbsp;*&nbsp;<a href=\"http:\/\/amdg.ffrz.hr\/mojsijeprorok.php\">Mojsije \u2013 uzor budu\u0107ega proroka<\/a>&nbsp;*&nbsp;<a href=\"http:\/\/amdg.eu\/2013\/03\/snaga-kristove-molitve\/\">Psalam 22 \u2013 snaga Kristove molitve<\/a>&nbsp;*&nbsp;<a href=\"http:\/\/amdg.eu\/2012\/03\/molitve-raspetoga\/\">Molitve Raspetoga<\/a>&nbsp;*&nbsp;<a href=\"https:\/\/youtu.be\/CFuGSWQaelg\">Pogledajte: Psalmi Krista raspetoga (1. dio)<\/a>&nbsp;*&nbsp;<a href=\"https:\/\/youtu.be\/mwq5APC8GIk\">2. dio<\/a><\/p>\n\n\n\n<p>2) 26.10.17.&nbsp;<a href=\"http:\/\/amdg.ffrz.hr\/hkvrpp\/sestre_proroci02_Iz_ps1.pdf\">PDF<\/a>&nbsp;*&nbsp;<a href=\"http:\/\/amdg.ffrz.hr\/hkvrpp\/sestre_proroci02_Iz_ps1.ppt\">Knjiga Proroka Izaije. Psalam 1 (.ppt)<\/a>&nbsp;*&nbsp;<a href=\"http:\/\/amdg.ffrz.hr\/iz6.php\">\u201cKoga da po\u0161aljem?\u201d<\/a>&nbsp;*&nbsp;<a href=\"http:\/\/amdg.ffrz.hr\/iz_svecenik.php\">Sve\u0107enik Izaija<\/a>&nbsp;*&nbsp;<a href=\"http:\/\/amdg.eu\/2012\/10\/bozanska-pouka-za-zivot\/\">Bo\u017eanska pouka za \u017eivotni put (Ps 1)<\/a>&nbsp;*&nbsp;<a href=\"http:\/\/amdg.eu\/2014\/12\/molitva-s-prorokom-izaijom\/\">Molitva s prorokom Izaijom<\/a>&nbsp;*&nbsp;<a href=\"http:\/\/amdg.ffrz.hr\/amdg_aiv\/sz\/sz_iz6.mp3\">Poslu\u0161ajte: Zvanje proroka Izaije (.mp3)<\/a><\/p>\n\n\n\n<p>3) 9.11.17.&nbsp;<a href=\"http:\/\/amdg.ffrz.hr\/hkvrpp\/sestre_proroci03_jr.pdf\">PDF<\/a>&nbsp;*&nbsp;<a href=\"http:\/\/amdg.ffrz.hr\/hkvrpp\/sestre_proroci03_jr.ppt\">Jeremijino zvanje (Jr 1), Novi Savez (Jr 31), Sudbina Knjige (Jr 36) .ppt<\/a>&nbsp;*&nbsp;<a href=\"http:\/\/amdg.ffrz.hr\/savezsrca.htm\">Savez srca u Jr 31&nbsp;<\/a>*&nbsp;<a href=\"http:\/\/amdg.ffrz.hr\/jr_svecenik.php\">Jeremija, sve\u0107enik<\/a>&nbsp;*&nbsp;<a href=\"http:\/\/amdg.ffrz.hr\/jeremija.htm\">Prorok Jeremija<\/a>&nbsp;*&nbsp;<a href=\"http:\/\/amdg.ffrz.hr\/baruh.htm\">Baruh \u2013 blagoslovljeni tajnik prorokov<\/a>&nbsp;*&nbsp;<a href=\"http:\/\/amdg.eu\/2014\/08\/molitva-s-prorokom-jeremijom\/\">Molitva prorokom Jeremijom<\/a><\/p>\n\n\n\n<p>4) 16.11.17.&nbsp;<a href=\"http:\/\/amdg.ffrz.hr\/hkvrpp\/hrk_proroci04_ez_psalmi2.pdf\">PDF<\/a>&nbsp;*&nbsp;<a href=\"http:\/\/amdg.ffrz.hr\/hkvrpp\/hrk_proroci04_ez_psalmi2.ppt\">Prorok Ezekiel (.ppt)<\/a>&nbsp;*&nbsp;<a href=\"http:\/\/amdg.ffrz.hr\/ez_svecenik.php\">Ezekiel \u2013 prorok sve\u0107enik<\/a>&nbsp;*&nbsp;<a href=\"http:\/\/amdg.ffrz.hr\/ez2s.htm\">Zvanje i zada\u0107a proroka Ezekiela<\/a>&nbsp;*&nbsp;<a href=\"http:\/\/amdg.ffrz.hr\/zivosrce.htm\">\u017divo srce (Ez 36,22\u201328)<\/a>&nbsp;*&nbsp;<a href=\"http:\/\/amdg.eu\/2017\/11\/molitva-s-prorokom-ezekielom\/\">Molitva s prorokom Ezekielom<\/a><\/p>\n\n\n\n<p>5) 23.11.17.&nbsp;<a href=\"http:\/\/amdg.ffrz.hr\/hkvrpp\/hrk_proroci05_dn_azr.pdf\">PDF<\/a>&nbsp;*&nbsp;<a href=\"http:\/\/amdg.ffrz.hr\/hkvrpp\/hrk_proroci05_dn_azr.ppt\">Daniel \u2013 prorok mudrac; Azarjina molitva (Dn 3,25-45);<\/a>&nbsp;*&nbsp;<a href=\"http:\/\/amdg.eu\/2012\/04\/azarjina-molitva\/\">Azarjina molitva<\/a>&nbsp;*&nbsp;<a href=\"http:\/\/amdg.eu\/2014\/08\/molitva-s-azarjom\/\">Molitva s Azarjom<\/a><\/p>\n\n\n\n<p>6) 30.11.17.\u00a0<a href=\"http:\/\/amdg.ffrz.hr\/hkvrpp\/hrk_proroci06_XII_am_ps105.pdf\">PDF<\/a>\u00a0*\u00a0<a href=\"http:\/\/amdg.ffrz.hr\/hkvrpp\/hrk_proroci06_XII_am_ps105.ppt\">Mali proroci; Amos (.ppt), Psalam <\/a><a href=\"https:\/\/amdg.eu\/2017\/11\/psalam-105\/\" target=\"_blank\" rel=\"noreferrer noopener\">105<\/a>\u00a0*\u00a0<a href=\"http:\/\/amdg.ffrz.hr\/am7.htm\">Zvanje proroka Amosa<\/a>\u00a0*\u00a0<a href=\"http:\/\/amdg.ffrz.hr\/amos.htm\">Imenom zazvan<\/a>\u00a0*\u00a0<a href=\"http:\/\/amdg.eu\/2012\/07\/molitva-s-prorokom-amosom\/\">Molitva s prorokom Amosom<\/a>\u00a0*\u00a0<a href=\"http:\/\/amdg.ffrz.hr\/ps105.php\" target=\"_blank\" rel=\"noreferrer noopener\">Davidov poziv na hvalu (Ps 105)<\/a>\u00a0*\u00a0<a href=\"http:\/\/amdg.ffrz.hr\/hkvrpp\/hrk_proroci06a_jon.pdf\">PDF<\/a>\u00a0*\u00a0<a href=\"http:\/\/amdg.ffrz.hr\/hkvrpp\/hrk_proroci06a_jon.ppt\">Jonin proro\u010dki uspjeh (.ppt)<\/a>\u00a0*\u00a0<a href=\"http:\/\/amdg.eu\/2012\/04\/jonina-druga-molitva\/\">Jonina druga molitva<\/a>\u00a0*\u00a0<a href=\"http:\/\/amdg.ffrz.hr\/jona.php\">Jedan dan u slu\u017ebi. Proro\u010dka depresija u Knjizi o Joni<\/a>\u00a0*\u00a0<a href=\"http:\/\/amdg.eu\/2013\/05\/znak-jonin\/\">Znak Jonin<\/a>\u00a0*\u00a0<a href=\"http:\/\/amdg.eu\/2012\/05\/molitva-proroka-jone\/\">Molitva s prorokom Jonom<\/a><\/p>\n\n\n\n<p>7) 7.12.17.&nbsp;<a href=\"http:\/\/amdg.ffrz.hr\/hkvrpp\/hrk_proroci07_hosea_ps51.pdf\">PDF<\/a>&nbsp;*&nbsp;<a href=\"http:\/\/amdg.ffrz.hr\/hkvrpp\/hrk_proroci07_hosea_ps51.ppt\">Ho\u0161ea \u2013 prorok spoznaje; Psalam 51<\/a>&nbsp;*&nbsp;<a href=\"http:\/\/amdg.eu\/2013\/10\/grijeh-i-oprostenje-u-ps-51\/\">Grijeh i opro\u0161tenje u Ps 51<\/a>&nbsp;*&nbsp;<a href=\"http:\/\/amdg.ffrz.hr\/hkvrpp\/hrk_proroci07a_joel_ob.pdf\">PDF<\/a>&nbsp;*&nbsp;<a href=\"http:\/\/amdg.ffrz.hr\/hkvrpp\/hrk_proroci07a_joel_ob.ppt\">Joel; Obadija (.ppt)<\/a><\/p>\n\n\n\n<p>8) 21.12.17.&nbsp;<a href=\"http:\/\/amdg.ffrz.hr\/hkvrpp\/hrk_proroci08_mihej_emanuel.pdf\">PDF<\/a>&nbsp;*&nbsp;<a href=\"http:\/\/amdg.ffrz.hr\/hkvrpp\/hrk_proroci08_mihej_emanuel.ppt\">Mihej \u2013 teolog ostatka; Proro\u0161tvo o Emanuelu (Iz 7,14) \u2013 u izvornom kontekstu (.ppt)<\/a>&nbsp;* *&nbsp;<a href=\"http:\/\/amdg.ffrz.hr\/mih.php\">Mihej \u2013 teolog Ostatka<\/a><\/p>\n\n\n\n<h4 class=\"wp-block-heading\"><a href=\"http:\/\/amdg.eu\/note\/\">Note<\/a>&nbsp;*&nbsp;<a href=\"http:\/\/amdg.eu\/duhovnost\/biblijske-molitve\/\">Biblijske molitve<\/a><\/h4>\n","protected":false},"excerpt":{"rendered":"<p>Zimski semestar 2017.\/18. pri Hrvatskoj redovni\u010dkoj konferenciji \u010detvrtkom u 9:00, Prilaz Gjure De\u017eeli\u0107a 75 1) 19.10.17.&nbsp;PDF&nbsp;*&nbsp;Fenomen proro\u0161tva. Psalmi Krista raspetoga (.ppt)&nbsp;*&nbsp;Abraham, prorok&nbsp;*&nbsp;Mirjam, proro\u010dica&nbsp;*&nbsp;Mojsije \u2013 uzor budu\u0107ega proroka&nbsp;*&nbsp;Psalam 22 \u2013 snaga Kristove molitve&nbsp;*&nbsp;Molitve Raspetoga&nbsp;*&nbsp;Pogledajte: Psalmi Krista raspetoga (1. dio)&nbsp;*&nbsp;2. dio 2) 26.10.17.&nbsp;PDF&nbsp;*&nbsp;Knjiga Proroka Izaije. Psalam 1 (.ppt)&nbsp;*&nbsp;\u201cKoga da po\u0161aljem?\u201d&nbsp;*&nbsp;Sve\u0107enik Izaija&nbsp;*&nbsp;Bo\u017eanska pouka za \u017eivotni put (Ps 1)&nbsp;*&nbsp;Molitva [&hellip;]<\/p>\n","protected":false},"author":1,"featured_media":0,"comment_status":"closed","ping_status":"closed","sticky":false,"template":"","format":"standard","meta":{"footnotes":""},"categories":[5],"tags":[],"class_list":["post-2562","post","type-post","status-publish","format-standard","hentry","category-duhovnost"],"yoast_head":"<!-- This site is optimized with the Yoast SEO plugin v26.0 - https:\/\/yoast.com\/wordpress\/plugins\/seo\/ -->\n<title>Proroci i Psalmi - Ad maiorem Dei gloriam<\/title>\n<meta name=\"robots\" content=\"index, follow, max-snippet:-1, max-image-preview:large, max-video-preview:-1\" \/>\n<link rel=\"canonical\" href=\"https:\/\/amdg.ffrz.hr\/?p=2562\" \/>\n<meta property=\"og:locale\" content=\"hr_HR\" \/>\n<meta property=\"og:type\" content=\"article\" \/>\n<meta property=\"og:title\" content=\"Proroci i Psalmi - Ad maiorem Dei gloriam\" \/>\n<meta property=\"og:description\" content=\"Zimski semestar 2017.\/18. pri Hrvatskoj redovni\u010dkoj konferenciji \u010detvrtkom u 9:00, Prilaz Gjure De\u017eeli\u0107a 75 1) 19.10.17.&nbsp;PDF&nbsp;*&nbsp;Fenomen proro\u0161tva. Psalmi Krista raspetoga (.ppt)&nbsp;*&nbsp;Abraham, prorok&nbsp;*&nbsp;Mirjam, proro\u010dica&nbsp;*&nbsp;Mojsije \u2013 uzor budu\u0107ega proroka&nbsp;*&nbsp;Psalam 22 \u2013 snaga Kristove molitve&nbsp;*&nbsp;Molitve Raspetoga&nbsp;*&nbsp;Pogledajte: Psalmi Krista raspetoga (1. dio)&nbsp;*&nbsp;2. dio 2) 26.10.17.&nbsp;PDF&nbsp;*&nbsp;Knjiga Proroka Izaije. Psalam 1 (.ppt)&nbsp;*&nbsp;\u201cKoga da po\u0161aljem?\u201d&nbsp;*&nbsp;Sve\u0107enik Izaija&nbsp;*&nbsp;Bo\u017eanska pouka za \u017eivotni put (Ps 1)&nbsp;*&nbsp;Molitva [&hellip;]\" \/>\n<meta property=\"og:url\" content=\"https:\/\/amdg.ffrz.hr\/?p=2562\" \/>\n<meta property=\"og:site_name\" content=\"Ad maiorem Dei gloriam\" \/>\n<meta property=\"article:publisher\" content=\"https:\/\/www.facebook.com\/paterniko\" \/>\n<meta property=\"article:author\" content=\"https:\/\/www.facebook.com\/paterniko\" \/>\n<meta property=\"article:published_time\" content=\"2019-12-14T17:31:11+00:00\" \/>\n<meta property=\"article:modified_time\" content=\"2023-10-21T07:04:40+00:00\" \/>\n<meta name=\"author\" content=\"Niko Bili\u0107 SJ\" \/>\n<meta name=\"twitter:card\" content=\"summary_large_image\" \/>\n<meta name=\"twitter:label1\" content=\"Napisao\/la\" \/>\n\t<meta name=\"twitter:data1\" content=\"Niko Bili\u0107 SJ\" \/>\n\t<meta name=\"twitter:label2\" content=\"Procijenjeno vrijeme \u010ditanja\" \/>\n\t<meta name=\"twitter:data2\" content=\"2 minute\" \/>\n<script type=\"application\/ld+json\" class=\"yoast-schema-graph\">{\"@context\":\"https:\/\/schema.org\",\"@graph\":[{\"@type\":\"Article\",\"@id\":\"https:\/\/amdg.ffrz.hr\/?p=2562#article\",\"isPartOf\":{\"@id\":\"https:\/\/amdg.ffrz.hr\/?p=2562\"},\"author\":{\"name\":\"Niko Bili\u0107 SJ\",\"@id\":\"https:\/\/amdg.ffrz.hr\/#\/schema\/person\/a3d4a18838314f7054f7cdc4f4d45f4a\"},\"headline\":\"Proroci i Psalmi\",\"datePublished\":\"2019-12-14T17:31:11+00:00\",\"dateModified\":\"2023-10-21T07:04:40+00:00\",\"mainEntityOfPage\":{\"@id\":\"https:\/\/amdg.ffrz.hr\/?p=2562\"},\"wordCount\":297,\"publisher\":{\"@id\":\"https:\/\/amdg.ffrz.hr\/#\/schema\/person\/a3d4a18838314f7054f7cdc4f4d45f4a\"},\"articleSection\":[\"Duhovnost\"],\"inLanguage\":\"hr\"},{\"@type\":\"WebPage\",\"@id\":\"https:\/\/amdg.ffrz.hr\/?p=2562\",\"url\":\"https:\/\/amdg.ffrz.hr\/?p=2562\",\"name\":\"Proroci i Psalmi - Ad maiorem Dei gloriam\",\"isPartOf\":{\"@id\":\"https:\/\/amdg.ffrz.hr\/#website\"},\"datePublished\":\"2019-12-14T17:31:11+00:00\",\"dateModified\":\"2023-10-21T07:04:40+00:00\",\"breadcrumb\":{\"@id\":\"https:\/\/amdg.ffrz.hr\/?p=2562#breadcrumb\"},\"inLanguage\":\"hr\",\"potentialAction\":[{\"@type\":\"ReadAction\",\"target\":[\"https:\/\/amdg.ffrz.hr\/?p=2562\"]}]},{\"@type\":\"BreadcrumbList\",\"@id\":\"https:\/\/amdg.ffrz.hr\/?p=2562#breadcrumb\",\"itemListElement\":[{\"@type\":\"ListItem\",\"position\":1,\"name\":\"Po\u010detna stranica\",\"item\":\"https:\/\/amdg.ffrz.hr\/\"},{\"@type\":\"ListItem\",\"position\":2,\"name\":\"Proroci i Psalmi\"}]},{\"@type\":\"WebSite\",\"@id\":\"https:\/\/amdg.ffrz.hr\/#website\",\"url\":\"https:\/\/amdg.ffrz.hr\/\",\"name\":\"Ad maiorem Dei gloriam\",\"description\":\"doc. dr. sc. Niko Bili\u0107:  nastava, duhovnost i cjelo\u017eivotno u\u010denje\",\"publisher\":{\"@id\":\"https:\/\/amdg.ffrz.hr\/#\/schema\/person\/a3d4a18838314f7054f7cdc4f4d45f4a\"},\"potentialAction\":[{\"@type\":\"SearchAction\",\"target\":{\"@type\":\"EntryPoint\",\"urlTemplate\":\"https:\/\/amdg.ffrz.hr\/?s={search_term_string}\"},\"query-input\":{\"@type\":\"PropertyValueSpecification\",\"valueRequired\":true,\"valueName\":\"search_term_string\"}}],\"inLanguage\":\"hr\"},{\"@type\":[\"Person\",\"Organization\"],\"@id\":\"https:\/\/amdg.ffrz.hr\/#\/schema\/person\/a3d4a18838314f7054f7cdc4f4d45f4a\",\"name\":\"Niko Bili\u0107 SJ\",\"image\":{\"@type\":\"ImageObject\",\"inLanguage\":\"hr\",\"@id\":\"https:\/\/amdg.ffrz.hr\/#\/schema\/person\/image\/\",\"url\":\"https:\/\/secure.gravatar.com\/avatar\/14c6ebb29114394312c36c8ab93231d11917870146d266275d4470c0b6c44b88?s=96&d=blank&r=g\",\"contentUrl\":\"https:\/\/secure.gravatar.com\/avatar\/14c6ebb29114394312c36c8ab93231d11917870146d266275d4470c0b6c44b88?s=96&d=blank&r=g\",\"caption\":\"Niko Bili\u0107 SJ\"},\"logo\":{\"@id\":\"https:\/\/amdg.ffrz.hr\/#\/schema\/person\/image\/\"},\"sameAs\":[\"https:\/\/amdg.ffrz.hr\",\"https:\/\/www.facebook.com\/paterniko\",\"https:\/\/www.youtube.com\/user\/paterniko\"]}]}<\/script>\n<!-- \/ Yoast SEO plugin. -->","yoast_head_json":{"title":"Proroci i Psalmi - Ad maiorem Dei gloriam","robots":{"index":"index","follow":"follow","max-snippet":"max-snippet:-1","max-image-preview":"max-image-preview:large","max-video-preview":"max-video-preview:-1"},"canonical":"https:\/\/amdg.ffrz.hr\/?p=2562","og_locale":"hr_HR","og_type":"article","og_title":"Proroci i Psalmi - Ad maiorem Dei gloriam","og_description":"Zimski semestar 2017.\/18. pri Hrvatskoj redovni\u010dkoj konferenciji \u010detvrtkom u 9:00, Prilaz Gjure De\u017eeli\u0107a 75 1) 19.10.17.&nbsp;PDF&nbsp;*&nbsp;Fenomen proro\u0161tva. Psalmi Krista raspetoga (.ppt)&nbsp;*&nbsp;Abraham, prorok&nbsp;*&nbsp;Mirjam, proro\u010dica&nbsp;*&nbsp;Mojsije \u2013 uzor budu\u0107ega proroka&nbsp;*&nbsp;Psalam 22 \u2013 snaga Kristove molitve&nbsp;*&nbsp;Molitve Raspetoga&nbsp;*&nbsp;Pogledajte: Psalmi Krista raspetoga (1. dio)&nbsp;*&nbsp;2. dio 2) 26.10.17.&nbsp;PDF&nbsp;*&nbsp;Knjiga Proroka Izaije. Psalam 1 (.ppt)&nbsp;*&nbsp;\u201cKoga da po\u0161aljem?\u201d&nbsp;*&nbsp;Sve\u0107enik Izaija&nbsp;*&nbsp;Bo\u017eanska pouka za \u017eivotni put (Ps 1)&nbsp;*&nbsp;Molitva [&hellip;]","og_url":"https:\/\/amdg.ffrz.hr\/?p=2562","og_site_name":"Ad maiorem Dei gloriam","article_publisher":"https:\/\/www.facebook.com\/paterniko","article_author":"https:\/\/www.facebook.com\/paterniko","article_published_time":"2019-12-14T17:31:11+00:00","article_modified_time":"2023-10-21T07:04:40+00:00","author":"Niko Bili\u0107 SJ","twitter_card":"summary_large_image","twitter_misc":{"Napisao\/la":"Niko Bili\u0107 SJ","Procijenjeno vrijeme \u010ditanja":"2 minute"},"schema":{"@context":"https:\/\/schema.org","@graph":[{"@type":"Article","@id":"https:\/\/amdg.ffrz.hr\/?p=2562#article","isPartOf":{"@id":"https:\/\/amdg.ffrz.hr\/?p=2562"},"author":{"name":"Niko Bili\u0107 SJ","@id":"https:\/\/amdg.ffrz.hr\/#\/schema\/person\/a3d4a18838314f7054f7cdc4f4d45f4a"},"headline":"Proroci i Psalmi","datePublished":"2019-12-14T17:31:11+00:00","dateModified":"2023-10-21T07:04:40+00:00","mainEntityOfPage":{"@id":"https:\/\/amdg.ffrz.hr\/?p=2562"},"wordCount":297,"publisher":{"@id":"https:\/\/amdg.ffrz.hr\/#\/schema\/person\/a3d4a18838314f7054f7cdc4f4d45f4a"},"articleSection":["Duhovnost"],"inLanguage":"hr"},{"@type":"WebPage","@id":"https:\/\/amdg.ffrz.hr\/?p=2562","url":"https:\/\/amdg.ffrz.hr\/?p=2562","name":"Proroci i Psalmi - Ad maiorem Dei gloriam","isPartOf":{"@id":"https:\/\/amdg.ffrz.hr\/#website"},"datePublished":"2019-12-14T17:31:11+00:00","dateModified":"2023-10-21T07:04:40+00:00","breadcrumb":{"@id":"https:\/\/amdg.ffrz.hr\/?p=2562#breadcrumb"},"inLanguage":"hr","potentialAction":[{"@type":"ReadAction","target":["https:\/\/amdg.ffrz.hr\/?p=2562"]}]},{"@type":"BreadcrumbList","@id":"https:\/\/amdg.ffrz.hr\/?p=2562#breadcrumb","itemListElement":[{"@type":"ListItem","position":1,"name":"Po\u010detna stranica","item":"https:\/\/amdg.ffrz.hr\/"},{"@type":"ListItem","position":2,"name":"Proroci i Psalmi"}]},{"@type":"WebSite","@id":"https:\/\/amdg.ffrz.hr\/#website","url":"https:\/\/amdg.ffrz.hr\/","name":"Ad maiorem Dei gloriam","description":"doc. dr. sc. Niko Bili\u0107:  nastava, duhovnost i cjelo\u017eivotno u\u010denje","publisher":{"@id":"https:\/\/amdg.ffrz.hr\/#\/schema\/person\/a3d4a18838314f7054f7cdc4f4d45f4a"},"potentialAction":[{"@type":"SearchAction","target":{"@type":"EntryPoint","urlTemplate":"https:\/\/amdg.ffrz.hr\/?s={search_term_string}"},"query-input":{"@type":"PropertyValueSpecification","valueRequired":true,"valueName":"search_term_string"}}],"inLanguage":"hr"},{"@type":["Person","Organization"],"@id":"https:\/\/amdg.ffrz.hr\/#\/schema\/person\/a3d4a18838314f7054f7cdc4f4d45f4a","name":"Niko Bili\u0107 SJ","image":{"@type":"ImageObject","inLanguage":"hr","@id":"https:\/\/amdg.ffrz.hr\/#\/schema\/person\/image\/","url":"https:\/\/secure.gravatar.com\/avatar\/14c6ebb29114394312c36c8ab93231d11917870146d266275d4470c0b6c44b88?s=96&d=blank&r=g","contentUrl":"https:\/\/secure.gravatar.com\/avatar\/14c6ebb29114394312c36c8ab93231d11917870146d266275d4470c0b6c44b88?s=96&d=blank&r=g","caption":"Niko Bili\u0107 SJ"},"logo":{"@id":"https:\/\/amdg.ffrz.hr\/#\/schema\/person\/image\/"},"sameAs":["https:\/\/amdg.ffrz.hr","https:\/\/www.facebook.com\/paterniko","https:\/\/www.youtube.com\/user\/paterniko"]}]}},"_links":{"self":[{"href":"https:\/\/amdg.ffrz.hr\/index.php?rest_route=\/wp\/v2\/posts\/2562","targetHints":{"allow":["GET"]}}],"collection":[{"href":"https:\/\/amdg.ffrz.hr\/index.php?rest_route=\/wp\/v2\/posts"}],"about":[{"href":"https:\/\/amdg.ffrz.hr\/index.php?rest_route=\/wp\/v2\/types\/post"}],"author":[{"embeddable":true,"href":"https:\/\/amdg.ffrz.hr\/index.php?rest_route=\/wp\/v2\/users\/1"}],"replies":[{"embeddable":true,"href":"https:\/\/amdg.ffrz.hr\/index.php?rest_route=%2Fwp%2Fv2%2Fcomments&post=2562"}],"version-history":[{"count":3,"href":"https:\/\/amdg.ffrz.hr\/index.php?rest_route=\/wp\/v2\/posts\/2562\/revisions"}],"predecessor-version":[{"id":6097,"href":"https:\/\/amdg.ffrz.hr\/index.php?rest_route=\/wp\/v2\/posts\/2562\/revisions\/6097"}],"wp:attachment":[{"href":"https:\/\/amdg.ffrz.hr\/index.php?rest_route=%2Fwp%2Fv2%2Fmedia&parent=2562"}],"wp:term":[{"taxonomy":"category","embeddable":true,"href":"https:\/\/amdg.ffrz.hr\/index.php?rest_route=%2Fwp%2Fv2%2Fcategories&post=2562"},{"taxonomy":"post_tag","embeddable":true,"href":"https:\/\/amdg.ffrz.hr\/index.php?rest_route=%2Fwp%2Fv2%2Ftags&post=2562"}],"curies":[{"name":"wp","href":"https:\/\/api.w.org\/{rel}","templated":true}]}}