{"id":2620,"date":"2019-12-19T08:21:45","date_gmt":"2019-12-19T07:21:45","guid":{"rendered":"https:\/\/amdg.ffrz.hr\/?p=2620"},"modified":"2019-12-19T08:21:45","modified_gmt":"2019-12-19T07:21:45","slug":"molitva-za-dar-vjere","status":"publish","type":"post","link":"https:\/\/amdg.ffrz.hr\/?p=2620","title":{"rendered":"Molitva za dar vjere"},"content":{"rendered":"\n<div class=\"wp-block-image\"><figure class=\"aligncenter size-full\"><img loading=\"lazy\" decoding=\"async\" width=\"910\" height=\"604\" src=\"https:\/\/amdg.ffrz.hr\/wp-content\/uploads\/christ-cross-faith-jesus-passion-catholics.jpg\" alt=\"\" class=\"wp-image-2621\" srcset=\"https:\/\/amdg.ffrz.hr\/wp-content\/uploads\/christ-cross-faith-jesus-passion-catholics.jpg 910w, https:\/\/amdg.ffrz.hr\/wp-content\/uploads\/christ-cross-faith-jesus-passion-catholics-300x199.jpg 300w, https:\/\/amdg.ffrz.hr\/wp-content\/uploads\/christ-cross-faith-jesus-passion-catholics-768x510.jpg 768w\" sizes=\"auto, (max-width: 910px) 100vw, 910px\" \/><\/figure><\/div>\n\n\n\n<p>Podari mi Gospodine\nda s Abrahamom, praocem na\u0161e vjere, pred tobom mogu iznijeti \u0161to mi je na du\u0161i.\nU dubokoj molitvi preda te stavljam sva pitanja i prigovore, ponizno\nprepoznajem i priznajem svoju najve\u0107u slabost, koju ti dobro zna\u0161. A ti,\nGospodine, smiri moj \u017eivi, misti\u010dni pogled na svojem Srcu koje je trpjelo i\nbilo probodeno, koje pred Tomom, apostolom, ponovno kuca.<\/p>\n\n\n\n<p>Pou\u010di me ti, dobri\nU\u010ditelju, kako \u0107u s Jakovljevim sinovima ste\u0107i pravo povjerenje u rije\u010di mojih\nbli\u017enjih pa i onda kad mi navije\u0161taju tvoje uskrsnu\u0107e. Ti me jedini mo\u017ee\u0161\nsa\u010duvati od la\u017ei i prijetvornosti.<\/p>\n\n\n\n<p>Daj mi da sa\ncijelom \u017eivom Crkvom prepoznam kako si nas pohodio, dobro pogledao i zna\u0161 na\u0161u\nneznatnost. Zato ti se duboko klanjam i vjerujem.<\/p>\n\n\n\n<p>Kad me uhvati\nneizdr\u017eiv strah zbog prirodnih sila ili ljudskih vojski, po\u0161alji mi svoga\nTje\u0161itelja i Branitelja da usmjeri moj pogled na tebe i tvoje spasenje u kojemu\nmi je sva nada.<\/p>\n\n\n\n<p>Primi me, Kralju\nnebeski, na istinski, intenzivan, blagotvoran razgovor s tobom u kojemu se\ngradi i hrani moj ljudski autoritet, jer ti si Svjedok vjerni, pa da onda mogu\nnositi i bodriti vjeru svojih bli\u017enjih.<\/p>\n\n\n\n<p>Hvala ti na svim znakovima po kojima mogu prepoznati kamo me tvoj Duh vodi. Hvala ti na svim onim ljudima koji su mi na mojem \u017eivotnom putu dali vjeru, koji su mi pokazali da ti vjeran ostaje\u0161.<\/p>\n\n\n\n<p>14. prosinca 2019.<\/p>\n\n\n\n<p class=\"has-text-align-right\">Niko Bili\u0107, SJ<\/p>\n","protected":false},"excerpt":{"rendered":"<p>Podari mi Gospodine da s Abrahamom, praocem na\u0161e vjere, pred tobom mogu iznijeti \u0161to mi je na du\u0161i. U dubokoj molitvi preda te stavljam sva pitanja i prigovore, ponizno prepoznajem i priznajem svoju najve\u0107u slabost, koju ti dobro zna\u0161. A ti, Gospodine, smiri moj \u017eivi, misti\u010dni pogled na svojem Srcu koje je trpjelo i bilo [&hellip;]<\/p>\n","protected":false},"author":1,"featured_media":0,"comment_status":"closed","ping_status":"closed","sticky":false,"template":"","format":"standard","meta":{"footnotes":""},"categories":[9,5],"tags":[],"class_list":["post-2620","post","type-post","status-publish","format-standard","hentry","category-cjelozivotno-ucenje","category-duhovnost"],"yoast_head":"<!-- This site is optimized with the Yoast SEO plugin v26.0 - https:\/\/yoast.com\/wordpress\/plugins\/seo\/ -->\n<title>Molitva za dar vjere - Ad maiorem Dei gloriam<\/title>\n<meta name=\"robots\" content=\"index, follow, max-snippet:-1, max-image-preview:large, max-video-preview:-1\" \/>\n<link rel=\"canonical\" href=\"https:\/\/amdg.ffrz.hr\/?p=2620\" \/>\n<meta property=\"og:locale\" content=\"hr_HR\" \/>\n<meta property=\"og:type\" content=\"article\" \/>\n<meta property=\"og:title\" content=\"Molitva za dar vjere - Ad maiorem Dei gloriam\" \/>\n<meta property=\"og:description\" content=\"Podari mi Gospodine da s Abrahamom, praocem na\u0161e vjere, pred tobom mogu iznijeti \u0161to mi je na du\u0161i. U dubokoj molitvi preda te stavljam sva pitanja i prigovore, ponizno prepoznajem i priznajem svoju najve\u0107u slabost, koju ti dobro zna\u0161. A ti, Gospodine, smiri moj \u017eivi, misti\u010dni pogled na svojem Srcu koje je trpjelo i bilo [&hellip;]\" \/>\n<meta property=\"og:url\" content=\"https:\/\/amdg.ffrz.hr\/?p=2620\" \/>\n<meta property=\"og:site_name\" content=\"Ad maiorem Dei gloriam\" \/>\n<meta property=\"article:publisher\" content=\"https:\/\/www.facebook.com\/paterniko\" \/>\n<meta property=\"article:author\" content=\"https:\/\/www.facebook.com\/paterniko\" \/>\n<meta property=\"article:published_time\" content=\"2019-12-19T07:21:45+00:00\" \/>\n<meta property=\"og:image\" content=\"https:\/\/amdg.ffrz.hr\/wp-content\/uploads\/christ-cross-faith-jesus-passion-catholics.jpg\" \/>\n<meta name=\"author\" content=\"Niko Bili\u0107 SJ\" \/>\n<meta name=\"twitter:card\" content=\"summary_large_image\" \/>\n<meta name=\"twitter:label1\" content=\"Napisao\/la\" \/>\n\t<meta name=\"twitter:data1\" content=\"Niko Bili\u0107 SJ\" \/>\n\t<meta name=\"twitter:label2\" content=\"Procijenjeno vrijeme \u010ditanja\" \/>\n\t<meta name=\"twitter:data2\" content=\"1 minuta\" \/>\n<script type=\"application\/ld+json\" class=\"yoast-schema-graph\">{\"@context\":\"https:\/\/schema.org\",\"@graph\":[{\"@type\":\"Article\",\"@id\":\"https:\/\/amdg.ffrz.hr\/?p=2620#article\",\"isPartOf\":{\"@id\":\"https:\/\/amdg.ffrz.hr\/?p=2620\"},\"author\":{\"name\":\"Niko Bili\u0107 SJ\",\"@id\":\"https:\/\/amdg.ffrz.hr\/#\/schema\/person\/a3d4a18838314f7054f7cdc4f4d45f4a\"},\"headline\":\"Molitva za dar vjere\",\"datePublished\":\"2019-12-19T07:21:45+00:00\",\"mainEntityOfPage\":{\"@id\":\"https:\/\/amdg.ffrz.hr\/?p=2620\"},\"wordCount\":252,\"publisher\":{\"@id\":\"https:\/\/amdg.ffrz.hr\/#\/schema\/person\/a3d4a18838314f7054f7cdc4f4d45f4a\"},\"image\":{\"@id\":\"https:\/\/amdg.ffrz.hr\/?p=2620#primaryimage\"},\"thumbnailUrl\":\"https:\/\/amdg.ffrz.hr\/wp-content\/uploads\/christ-cross-faith-jesus-passion-catholics.jpg\",\"articleSection\":[\"Cjelo\u017eivotno u\u010denje\",\"Duhovnost\"],\"inLanguage\":\"hr\"},{\"@type\":\"WebPage\",\"@id\":\"https:\/\/amdg.ffrz.hr\/?p=2620\",\"url\":\"https:\/\/amdg.ffrz.hr\/?p=2620\",\"name\":\"Molitva za dar vjere - Ad maiorem Dei gloriam\",\"isPartOf\":{\"@id\":\"https:\/\/amdg.ffrz.hr\/#website\"},\"primaryImageOfPage\":{\"@id\":\"https:\/\/amdg.ffrz.hr\/?p=2620#primaryimage\"},\"image\":{\"@id\":\"https:\/\/amdg.ffrz.hr\/?p=2620#primaryimage\"},\"thumbnailUrl\":\"https:\/\/amdg.ffrz.hr\/wp-content\/uploads\/christ-cross-faith-jesus-passion-catholics.jpg\",\"datePublished\":\"2019-12-19T07:21:45+00:00\",\"breadcrumb\":{\"@id\":\"https:\/\/amdg.ffrz.hr\/?p=2620#breadcrumb\"},\"inLanguage\":\"hr\",\"potentialAction\":[{\"@type\":\"ReadAction\",\"target\":[\"https:\/\/amdg.ffrz.hr\/?p=2620\"]}]},{\"@type\":\"ImageObject\",\"inLanguage\":\"hr\",\"@id\":\"https:\/\/amdg.ffrz.hr\/?p=2620#primaryimage\",\"url\":\"https:\/\/amdg.ffrz.hr\/wp-content\/uploads\/christ-cross-faith-jesus-passion-catholics.jpg\",\"contentUrl\":\"https:\/\/amdg.ffrz.hr\/wp-content\/uploads\/christ-cross-faith-jesus-passion-catholics.jpg\",\"width\":910,\"height\":604},{\"@type\":\"BreadcrumbList\",\"@id\":\"https:\/\/amdg.ffrz.hr\/?p=2620#breadcrumb\",\"itemListElement\":[{\"@type\":\"ListItem\",\"position\":1,\"name\":\"Po\u010detna stranica\",\"item\":\"https:\/\/amdg.ffrz.hr\/\"},{\"@type\":\"ListItem\",\"position\":2,\"name\":\"Molitva za dar vjere\"}]},{\"@type\":\"WebSite\",\"@id\":\"https:\/\/amdg.ffrz.hr\/#website\",\"url\":\"https:\/\/amdg.ffrz.hr\/\",\"name\":\"Ad maiorem Dei gloriam\",\"description\":\"doc. dr. sc. Niko Bili\u0107:  nastava, duhovnost i cjelo\u017eivotno u\u010denje\",\"publisher\":{\"@id\":\"https:\/\/amdg.ffrz.hr\/#\/schema\/person\/a3d4a18838314f7054f7cdc4f4d45f4a\"},\"potentialAction\":[{\"@type\":\"SearchAction\",\"target\":{\"@type\":\"EntryPoint\",\"urlTemplate\":\"https:\/\/amdg.ffrz.hr\/?s={search_term_string}\"},\"query-input\":{\"@type\":\"PropertyValueSpecification\",\"valueRequired\":true,\"valueName\":\"search_term_string\"}}],\"inLanguage\":\"hr\"},{\"@type\":[\"Person\",\"Organization\"],\"@id\":\"https:\/\/amdg.ffrz.hr\/#\/schema\/person\/a3d4a18838314f7054f7cdc4f4d45f4a\",\"name\":\"Niko Bili\u0107 SJ\",\"image\":{\"@type\":\"ImageObject\",\"inLanguage\":\"hr\",\"@id\":\"https:\/\/amdg.ffrz.hr\/#\/schema\/person\/image\/\",\"url\":\"https:\/\/secure.gravatar.com\/avatar\/14c6ebb29114394312c36c8ab93231d11917870146d266275d4470c0b6c44b88?s=96&d=blank&r=g\",\"contentUrl\":\"https:\/\/secure.gravatar.com\/avatar\/14c6ebb29114394312c36c8ab93231d11917870146d266275d4470c0b6c44b88?s=96&d=blank&r=g\",\"caption\":\"Niko Bili\u0107 SJ\"},\"logo\":{\"@id\":\"https:\/\/amdg.ffrz.hr\/#\/schema\/person\/image\/\"},\"sameAs\":[\"https:\/\/amdg.ffrz.hr\",\"https:\/\/www.facebook.com\/paterniko\",\"https:\/\/www.youtube.com\/user\/paterniko\"]}]}<\/script>\n<!-- \/ Yoast SEO plugin. -->","yoast_head_json":{"title":"Molitva za dar vjere - Ad maiorem Dei gloriam","robots":{"index":"index","follow":"follow","max-snippet":"max-snippet:-1","max-image-preview":"max-image-preview:large","max-video-preview":"max-video-preview:-1"},"canonical":"https:\/\/amdg.ffrz.hr\/?p=2620","og_locale":"hr_HR","og_type":"article","og_title":"Molitva za dar vjere - Ad maiorem Dei gloriam","og_description":"Podari mi Gospodine da s Abrahamom, praocem na\u0161e vjere, pred tobom mogu iznijeti \u0161to mi je na du\u0161i. U dubokoj molitvi preda te stavljam sva pitanja i prigovore, ponizno prepoznajem i priznajem svoju najve\u0107u slabost, koju ti dobro zna\u0161. A ti, Gospodine, smiri moj \u017eivi, misti\u010dni pogled na svojem Srcu koje je trpjelo i bilo [&hellip;]","og_url":"https:\/\/amdg.ffrz.hr\/?p=2620","og_site_name":"Ad maiorem Dei gloriam","article_publisher":"https:\/\/www.facebook.com\/paterniko","article_author":"https:\/\/www.facebook.com\/paterniko","article_published_time":"2019-12-19T07:21:45+00:00","og_image":[{"url":"https:\/\/amdg.ffrz.hr\/wp-content\/uploads\/christ-cross-faith-jesus-passion-catholics.jpg","type":"","width":"","height":""}],"author":"Niko Bili\u0107 SJ","twitter_card":"summary_large_image","twitter_misc":{"Napisao\/la":"Niko Bili\u0107 SJ","Procijenjeno vrijeme \u010ditanja":"1 minuta"},"schema":{"@context":"https:\/\/schema.org","@graph":[{"@type":"Article","@id":"https:\/\/amdg.ffrz.hr\/?p=2620#article","isPartOf":{"@id":"https:\/\/amdg.ffrz.hr\/?p=2620"},"author":{"name":"Niko Bili\u0107 SJ","@id":"https:\/\/amdg.ffrz.hr\/#\/schema\/person\/a3d4a18838314f7054f7cdc4f4d45f4a"},"headline":"Molitva za dar vjere","datePublished":"2019-12-19T07:21:45+00:00","mainEntityOfPage":{"@id":"https:\/\/amdg.ffrz.hr\/?p=2620"},"wordCount":252,"publisher":{"@id":"https:\/\/amdg.ffrz.hr\/#\/schema\/person\/a3d4a18838314f7054f7cdc4f4d45f4a"},"image":{"@id":"https:\/\/amdg.ffrz.hr\/?p=2620#primaryimage"},"thumbnailUrl":"https:\/\/amdg.ffrz.hr\/wp-content\/uploads\/christ-cross-faith-jesus-passion-catholics.jpg","articleSection":["Cjelo\u017eivotno u\u010denje","Duhovnost"],"inLanguage":"hr"},{"@type":"WebPage","@id":"https:\/\/amdg.ffrz.hr\/?p=2620","url":"https:\/\/amdg.ffrz.hr\/?p=2620","name":"Molitva za dar vjere - Ad maiorem Dei gloriam","isPartOf":{"@id":"https:\/\/amdg.ffrz.hr\/#website"},"primaryImageOfPage":{"@id":"https:\/\/amdg.ffrz.hr\/?p=2620#primaryimage"},"image":{"@id":"https:\/\/amdg.ffrz.hr\/?p=2620#primaryimage"},"thumbnailUrl":"https:\/\/amdg.ffrz.hr\/wp-content\/uploads\/christ-cross-faith-jesus-passion-catholics.jpg","datePublished":"2019-12-19T07:21:45+00:00","breadcrumb":{"@id":"https:\/\/amdg.ffrz.hr\/?p=2620#breadcrumb"},"inLanguage":"hr","potentialAction":[{"@type":"ReadAction","target":["https:\/\/amdg.ffrz.hr\/?p=2620"]}]},{"@type":"ImageObject","inLanguage":"hr","@id":"https:\/\/amdg.ffrz.hr\/?p=2620#primaryimage","url":"https:\/\/amdg.ffrz.hr\/wp-content\/uploads\/christ-cross-faith-jesus-passion-catholics.jpg","contentUrl":"https:\/\/amdg.ffrz.hr\/wp-content\/uploads\/christ-cross-faith-jesus-passion-catholics.jpg","width":910,"height":604},{"@type":"BreadcrumbList","@id":"https:\/\/amdg.ffrz.hr\/?p=2620#breadcrumb","itemListElement":[{"@type":"ListItem","position":1,"name":"Po\u010detna stranica","item":"https:\/\/amdg.ffrz.hr\/"},{"@type":"ListItem","position":2,"name":"Molitva za dar vjere"}]},{"@type":"WebSite","@id":"https:\/\/amdg.ffrz.hr\/#website","url":"https:\/\/amdg.ffrz.hr\/","name":"Ad maiorem Dei gloriam","description":"doc. dr. sc. Niko Bili\u0107:  nastava, duhovnost i cjelo\u017eivotno u\u010denje","publisher":{"@id":"https:\/\/amdg.ffrz.hr\/#\/schema\/person\/a3d4a18838314f7054f7cdc4f4d45f4a"},"potentialAction":[{"@type":"SearchAction","target":{"@type":"EntryPoint","urlTemplate":"https:\/\/amdg.ffrz.hr\/?s={search_term_string}"},"query-input":{"@type":"PropertyValueSpecification","valueRequired":true,"valueName":"search_term_string"}}],"inLanguage":"hr"},{"@type":["Person","Organization"],"@id":"https:\/\/amdg.ffrz.hr\/#\/schema\/person\/a3d4a18838314f7054f7cdc4f4d45f4a","name":"Niko Bili\u0107 SJ","image":{"@type":"ImageObject","inLanguage":"hr","@id":"https:\/\/amdg.ffrz.hr\/#\/schema\/person\/image\/","url":"https:\/\/secure.gravatar.com\/avatar\/14c6ebb29114394312c36c8ab93231d11917870146d266275d4470c0b6c44b88?s=96&d=blank&r=g","contentUrl":"https:\/\/secure.gravatar.com\/avatar\/14c6ebb29114394312c36c8ab93231d11917870146d266275d4470c0b6c44b88?s=96&d=blank&r=g","caption":"Niko Bili\u0107 SJ"},"logo":{"@id":"https:\/\/amdg.ffrz.hr\/#\/schema\/person\/image\/"},"sameAs":["https:\/\/amdg.ffrz.hr","https:\/\/www.facebook.com\/paterniko","https:\/\/www.youtube.com\/user\/paterniko"]}]}},"_links":{"self":[{"href":"https:\/\/amdg.ffrz.hr\/index.php?rest_route=\/wp\/v2\/posts\/2620","targetHints":{"allow":["GET"]}}],"collection":[{"href":"https:\/\/amdg.ffrz.hr\/index.php?rest_route=\/wp\/v2\/posts"}],"about":[{"href":"https:\/\/amdg.ffrz.hr\/index.php?rest_route=\/wp\/v2\/types\/post"}],"author":[{"embeddable":true,"href":"https:\/\/amdg.ffrz.hr\/index.php?rest_route=\/wp\/v2\/users\/1"}],"replies":[{"embeddable":true,"href":"https:\/\/amdg.ffrz.hr\/index.php?rest_route=%2Fwp%2Fv2%2Fcomments&post=2620"}],"version-history":[{"count":1,"href":"https:\/\/amdg.ffrz.hr\/index.php?rest_route=\/wp\/v2\/posts\/2620\/revisions"}],"predecessor-version":[{"id":2622,"href":"https:\/\/amdg.ffrz.hr\/index.php?rest_route=\/wp\/v2\/posts\/2620\/revisions\/2622"}],"wp:attachment":[{"href":"https:\/\/amdg.ffrz.hr\/index.php?rest_route=%2Fwp%2Fv2%2Fmedia&parent=2620"}],"wp:term":[{"taxonomy":"category","embeddable":true,"href":"https:\/\/amdg.ffrz.hr\/index.php?rest_route=%2Fwp%2Fv2%2Fcategories&post=2620"},{"taxonomy":"post_tag","embeddable":true,"href":"https:\/\/amdg.ffrz.hr\/index.php?rest_route=%2Fwp%2Fv2%2Ftags&post=2620"}],"curies":[{"name":"wp","href":"https:\/\/api.w.org\/{rel}","templated":true}]}}