{"id":3223,"date":"2020-04-22T11:53:23","date_gmt":"2020-04-22T09:53:23","guid":{"rendered":"https:\/\/amdg.ffrz.hr\/?p=3223"},"modified":"2022-03-29T16:11:09","modified_gmt":"2022-03-29T14:11:09","slug":"3223","status":"publish","type":"post","link":"https:\/\/amdg.ffrz.hr\/?p=3223","title":{"rendered":"Kristov mir"},"content":{"rendered":"\n<div class=\"wp-block-image\"><figure class=\"aligncenter size-full is-resized\"><img loading=\"lazy\" decoding=\"async\" src=\"https:\/\/amdg.ffrz.hr\/wp-content\/uploads\/sinBozji479x614.jpg\" alt=\"\" class=\"wp-image-5221\" width=\"612\" height=\"785\" srcset=\"https:\/\/amdg.ffrz.hr\/wp-content\/uploads\/sinBozji479x614.jpg 479w, https:\/\/amdg.ffrz.hr\/wp-content\/uploads\/sinBozji479x614-234x300.jpg 234w\" sizes=\"auto, (max-width: 612px) 100vw, 612px\" \/><\/figure><\/div>\n\n\n\n<p>Gospodin Isus svoj mir ostavlja kao bitan dio <em>oporuke<\/em>. Ostavlja ga u svetu ba\u0161tinu apostolima. Kod svete mise slu\u0161amo: &#8220;Mir vam ostavljam, mir vam svoj dajem&#8221; (usp. Iv 14,27). Rije\u010di su to koje Krist govori u sve\u010danu i dirljivu \u010dasu pashalnoga slavlja. On kao glavar obitelji sa svojima slavi veliko Bo\u017eje djelo: oslobo\u0111enje iz ku\u0107e ropstva, velik izlazak. Mogu li u\u010denici pojmiti da je rije\u010d o opro\u0161taju dok se janjetinom goste, a vino se to\u010di?<\/p>\n\n\n\n<p>Isusov je pristup anticipacija i prevencija u pravom smislu. <em>Prije<\/em> nego \u0161to nastane rasap i bijeg apostola, <em>prije<\/em> nego \u0161to nastane no\u0107na hajka, politi\u010dko ludilo, vojni\u010dko i\u017eivljavanje i pravosudni kriminal Isus svojima daje mir. Posve otvoreno i izravno najavljuje da \u0107e pobje\u0107i svaki u svoje, a njega \u0107e ostaviti (Iv 16,32). Unaprijed im govori zato da u njemu imaju mir (r. 33). Stalo mu je da se njihovo srce ne uznemiruje \u2013 tako je unaprijed rekao, tako opet ponavlja (14,1.27). Prije sukoba i nasilja on aktivno poduzima korake. Objavljuje ve\u0107 \u010dudesan \u017eivotni prostor koji \u0107e Pavao poslije otkriti. U njemu imaju mir \u2013 <em>u Kristu<\/em>. U Kristu je zavi\u010daj mira.<\/p>\n\n\n\n<p>Osobit je Kristov mir. Prokazao je izdajicu. Sam je poslao Judu da brzo u\u010dini \u0161to je nakanio (Iv 13,27). Nakon toga daje svoj mir u\u010denicima. I kad je vidio podmukloga neprijatelja, u njemu je <em>mir<\/em>. Zazvonio je an\u0111eoskom pjesmom kod njegova ro\u0111enja, premda za njih nije bilo mjesta u svrati\u0161tu (Lk 2,7.14). Prikupljao ga je i du\u0161u njime napunjao u satima tihe, duboke molitve u samo\u0107i s Ocem (npr. Mt 14,23). Pokazao je njegovu silu i okus kad je smirio oluju na jezeru od koje su se i iskusni moreplovci ustra\u0161ili. Nastala je golema utiha, spokoj, smiraj (Mt 8,26; Mk 4,39).<\/p>\n\n\n\n<p>&#8220;Ne dajem vam ga onako kao \u0161to svijet daje&#8221; (Iv 14,27). Isus na Posljednjoj ve\u010deri ima <em>poseban<\/em> mir. To je onaj mir kad vidi\u0161 da svojemu kraju sti\u017ee velik pothvat; kad vidi\u0161 da je izdajica ve\u0107 po\u0161ao; kad ti je jasno da \u0107e te svi redom napustiti, samo Otac nebeski ostaje; kad zna\u0161 da \u0107e te uskoro krvav znoj neome\u0111ene ljudske slabosti i gorkoga straha baciti na mra\u010dno tlo Getsemanskoga vrta. Mir je to koji \u0107e prema zajedni\u010dkom svjedo\u010denju evan\u0111elja zasjati milo i plodno, nezaustavljivo i rasko\u0161no, s onu stranu, na uskrsni dan (Lk 24,36; Iv 20,19.21.26). To je duboko <em>osobni<\/em> mir. &#8220;<em>Svoj<\/em> mir vam dajem&#8221;, ka\u017ee Isus. To je mir <em>\u010dovjeka<\/em> koji se prinosi Bogu kao \u017ertva i kojemu \u0107e ime biti uzvi\u0161eno iznad svakoga drugog imena (Fil 2,9). To je mir <em>Boga<\/em> koji je uzeo na sebe ljudski grijeh i patnju, pljuvanje i osude, ruganje, bi\u010d i \u010davle, krv i smrt.<\/p>\n\n\n\n<p>Isus daje mir u\u010denicima zato da im se srce ne uznemiruje, da ne budu upla\u0161eni (usp. Iv 14,1.27). To je mir ohrabrenja. To je prava preventiva i profilaksa. Proglasio je zapovijed ljubavi (Iv 13,34), najavio Petru da \u0107e ga triput zatajiti (r. 38), dopustio je u\u010denicima da izreknu svoja pitanja (14,5.8) i sada, prije nego ih pozove &#8220;Ustanite, hajdemo!&#8221;(14,31) daje im svoj mir.<\/p>\n\n\n\n<p>U bla\u017eenstvima svoje mjesto imaju <em>mirotvorci <\/em>(od \u03c0\u03bf\u03b9\u03b5\u03c9 Mt 5,9). Sretan je i bla\u017eenstvom ispunjen \u010dovjek koji stvara mir. Treba se aktivirati i dati na to. Mir se <em>stvara<\/em>. Biblijski je jezik izravan. Kao \u0161to Stvoritelj od po\u010detka stvara svijet (\u03c0\u03bf\u03b9\u03b5\u03c9 Post 1,1), kao \u0161to je Isus primjerice ustanovio dvanaestoricu apostola (\u03c0\u03bf\u03b9\u03b5\u03c9 Mk 3,14), tako treba tvoriti, uspostavljati, kreirati mir. Nije to mir groblja ni &#8220;pokoj vje\u010dni&#8221; gdje su svi ve\u0107 mrtvi; nije to neka indiferentna pseudo-tolerancija gdje je sve svejedno; gdje se i onako vi\u0161e ni\u0161ta ne mo\u017ee. Mir Kristov mir je onoga koji nije do\u0161ao donijeti mir, nego ma\u010d Bo\u017eje prosudbe (Mt 10,34), odjeljenje i jasno razlikovanje dobra od zla (Lk 12,51). Nije svejedno. Pogotovu otkako je krv Sina Bo\u017ejega natopila zemlju od koje je \u010dovjek sazdan, nije svejedno! Mir Kristov mir je zaklju\u010dne pobjede nad konfliktom. Mir Kristov mir je vjere koja spa\u0161ava, mir je Boga koji lije\u010di ranjenu du\u0161u, okovanu grijehom, mir je posvema\u0161njega obra\u0107enja. Mir Kristov mir je Bo\u017ejega Jaganjca koji odnosi grijeh svijeta.<\/p>\n\n\n\n<p>Isus govori o miru neposredno nakon \u0161to je najavio da \u0107e ih Duh Sveti pou\u010davati o svemu (Iv 14,26). Uve\u010der uskrsnoga dana sve \u0107e biti mnogo jasnije. Uskrsli Isus dolazi u okupljenu zajednicu. Izri\u010de svoj uskrsni pozdrav kojega prije nema u Evan\u0111eljima: &#8220;Mir vama.&#8221; Uskrsli Isus \u010dovjek je <em>zajedni\u0161tva<\/em> i <em>mira<\/em>. Mir Kristov, uskrsni je mir.<\/p>\n\n\n\n<p>U Maslinskom vrtu, kad su do\u0161li po njega, morao je ponoviti svoj odgovor. On je onaj koga tra\u017ee. Govori &#8220;Ja sam&#8221;, a oni od siline njegove pojave padaju na zemlju (Iv 18,6). Stoga jo\u0161 jedanput ponavlja (r. 8). Zacijelo je sli\u010dno me\u0111u zatvorenim i upla\u0161enim apostolima na Uskrs. Jo\u0161 jednom Isus mora ponoviti: &#8220;Mir vama&#8221; (20,19.21)! Toliko je nevjerojatan doga\u0111aj, toliko sna\u017ean osje\u0107aj, toliko silna pojava. Stra\u017eari kod groba, vojnici izvje\u017ebani i navikli na sva\u0161ta, ostado\u0161e \u2013 znamo \u2013 u strahu kao mrtvi (Mt 28,4). Iznena\u0111enje je naglo i posve neo\u010dekivano. Mir Kristov ustrajno se daje, s ponavljanjem, dok ne do\u0111e do cilja. I opet, nakon osam dana, kad i Toma bude s njima, Gospodin dolazi i govori: &#8220;Mir vama!&#8221; (Iv 20,26).<\/p>\n\n\n\n<p>Ali nije samo iznena\u0111enje u pitanju. Kad Isus ponavlja, on se svjesno i nagla\u0161eno obra\u0107a apostolima. Mir vama koji ste me svi nevjerni izdali i ostavili, mir vama koji ste se uznemirili i upla\u0161ili za vlastite \u017eivote i razbje\u017eali. Mir vama koje optere\u0107uje nevjernost i krivnja; savjest vas s pravom grize i pe\u010de jer niste sa mnom ostali vjerni do u smrt, a svi ste tako govorili (Mk 14,31); sad se kajete i boli vas jer niste bdjeli i molili da ne padnete u napast; mir tebi Petre, Ivane, Jakove, koji niste jedne ure mogli sa mnom probdjeti u molitvi (Mt 26,40), pa si sada predbacujete. Kristov uskrsni mir jest pomirenje s apostolima.<\/p>\n\n\n\n<p>Uskrs Krist apostolima udahnjuje Duha Svetoga (Iv 20,22), ba\u0161 kao \u0161to je Stvoritelj u po\u010detku udahnuo dah \u017eivota \u010dovjeku da bude \u017eiva du\u0161a (Post 2,7). Mrtve apostole Isus o\u017eivljuje. Staroga \u010dovjeka \u010dini novim stvorenjem. Kristov mir, mir je Duha Bo\u017ejega. I svojim rije\u010dima Isus izravno govori o otpu\u0161tenju grijeha (Iv 20,23). Opro\u0161tenje i pomirenje njihova je zada\u0107a. Opro\u0161tenjem i pomirenjem konflikti se rje\u0161avaju. Ina\u010de grijesi bivaju zadr\u017eani i posljedice trajno ostaju.<\/p>\n\n\n\n<p>U\u010ditelj od po\u010detka jasno veli da je zada\u0107a apostola donijeti mir u dom u koji u\u0111u. &#8220;Kad u neku ku\u0107u u\u0111ete, najprije recite: &#8216;Mir ku\u0107i ovoj!'&#8221; (Lk 10,5). Sada, na uskrsni dan, ta je zapovijed jo\u0161 jasnija. Du\u017enost apostola jest donositi u obitelj ono \u0161to sam prima od uskrsloga Krista.<\/p>\n\n\n\n<p>Na Uskrs je jasno. Mir koji Isus daje nije mir koji svijet daje, nego mir uskrsloga Sina Bo\u017ejega koji je izvr\u0161io poslanje, sav se je dao, ostao je poslu\u0161an do smrti na kri\u017eu, u O\u010deve je ruke predao duh, zato da ga opet primi i dijeli.<\/p>\n\n\n\n<p>Na Uskrs je u novom svjetlu jasan Isusov pozdrav kojim otpu\u0161ta ozdravljene i izmirene: &#8220;Idi u miru!&#8221;. Zapravo govori im tako da nazna\u010duje smjer. \u0160alje grje\u0161nicu kojoj je mnogo opro\u0161teno (Lk 7,50), \u0161alje dugogodi\u0161nju bolesnicu koja je ozdravila od krvarenja (8,48): &#8220;Idi! Idi prema miru! Poljane mojega mira tvoj su cilj.&#8221; Spasitelj tako ve\u0107 unaprijed nazna\u010duje ono \u0161to \u0107e apostolima dati na Uskrs. Prema tome treba i\u0107i. To je smjer za rje\u0161avanje onoga \u0161to je grje\u0161no i bolesno u na\u0161im konfliktima.<\/p>\n\n\n\n<pre class=\"wp-block-preformatted\">40. Obiteljska ljetna \u0161kola FTI u Zagrebu, 25.08.2011. (corr. 1.09.2011.)\n2. izd. 24. 4. 2020.<\/pre>\n\n\n\n<p class=\"has-text-align-right\">p. Niko Bili\u0107 SJ<\/p>\n","protected":false},"excerpt":{"rendered":"<p>Gospodin Isus svoj mir ostavlja kao bitan dio oporuke. Ostavlja ga u svetu ba\u0161tinu apostolima. Kod svete mise slu\u0161amo: &#8220;Mir vam ostavljam, mir vam svoj dajem&#8221; (usp. Iv 14,27). Rije\u010di su to koje Krist govori u sve\u010danu i dirljivu \u010dasu pashalnoga slavlja. On kao glavar obitelji sa svojima slavi veliko Bo\u017eje djelo: oslobo\u0111enje iz ku\u0107e [&hellip;]<\/p>\n","protected":false},"author":1,"featured_media":0,"comment_status":"closed","ping_status":"closed","sticky":false,"template":"","format":"standard","meta":{"footnotes":""},"categories":[5],"tags":[],"class_list":["post-3223","post","type-post","status-publish","format-standard","hentry","category-duhovnost"],"yoast_head":"<!-- This site is optimized with the Yoast SEO plugin v26.0 - https:\/\/yoast.com\/wordpress\/plugins\/seo\/ -->\n<title>Kristov mir - Ad maiorem Dei gloriam<\/title>\n<meta name=\"robots\" content=\"index, follow, max-snippet:-1, max-image-preview:large, max-video-preview:-1\" \/>\n<link rel=\"canonical\" href=\"https:\/\/amdg.ffrz.hr\/?p=3223\" \/>\n<meta property=\"og:locale\" content=\"hr_HR\" \/>\n<meta property=\"og:type\" content=\"article\" \/>\n<meta property=\"og:title\" content=\"Kristov mir - Ad maiorem Dei gloriam\" \/>\n<meta property=\"og:description\" content=\"Gospodin Isus svoj mir ostavlja kao bitan dio oporuke. Ostavlja ga u svetu ba\u0161tinu apostolima. Kod svete mise slu\u0161amo: &#8220;Mir vam ostavljam, mir vam svoj dajem&#8221; (usp. Iv 14,27). Rije\u010di su to koje Krist govori u sve\u010danu i dirljivu \u010dasu pashalnoga slavlja. On kao glavar obitelji sa svojima slavi veliko Bo\u017eje djelo: oslobo\u0111enje iz ku\u0107e [&hellip;]\" \/>\n<meta property=\"og:url\" content=\"https:\/\/amdg.ffrz.hr\/?p=3223\" \/>\n<meta property=\"og:site_name\" content=\"Ad maiorem Dei gloriam\" \/>\n<meta property=\"article:publisher\" content=\"https:\/\/www.facebook.com\/paterniko\" \/>\n<meta property=\"article:author\" content=\"https:\/\/www.facebook.com\/paterniko\" \/>\n<meta property=\"article:published_time\" content=\"2020-04-22T09:53:23+00:00\" \/>\n<meta property=\"article:modified_time\" content=\"2022-03-29T14:11:09+00:00\" \/>\n<meta property=\"og:image\" content=\"https:\/\/amdg.ffrz.hr\/wp-content\/uploads\/sinBozji479x614.jpg\" \/>\n<meta name=\"author\" content=\"Niko Bili\u0107 SJ\" \/>\n<meta name=\"twitter:card\" content=\"summary_large_image\" \/>\n<meta name=\"twitter:label1\" content=\"Napisao\/la\" \/>\n\t<meta name=\"twitter:data1\" content=\"Niko Bili\u0107 SJ\" \/>\n\t<meta name=\"twitter:label2\" content=\"Procijenjeno vrijeme \u010ditanja\" \/>\n\t<meta name=\"twitter:data2\" content=\"8 minuta\" \/>\n<script type=\"application\/ld+json\" class=\"yoast-schema-graph\">{\"@context\":\"https:\/\/schema.org\",\"@graph\":[{\"@type\":\"Article\",\"@id\":\"https:\/\/amdg.ffrz.hr\/?p=3223#article\",\"isPartOf\":{\"@id\":\"https:\/\/amdg.ffrz.hr\/?p=3223\"},\"author\":{\"name\":\"Niko Bili\u0107 SJ\",\"@id\":\"https:\/\/amdg.ffrz.hr\/#\/schema\/person\/a3d4a18838314f7054f7cdc4f4d45f4a\"},\"headline\":\"Kristov mir\",\"datePublished\":\"2020-04-22T09:53:23+00:00\",\"dateModified\":\"2022-03-29T14:11:09+00:00\",\"mainEntityOfPage\":{\"@id\":\"https:\/\/amdg.ffrz.hr\/?p=3223\"},\"wordCount\":1290,\"publisher\":{\"@id\":\"https:\/\/amdg.ffrz.hr\/#\/schema\/person\/a3d4a18838314f7054f7cdc4f4d45f4a\"},\"image\":{\"@id\":\"https:\/\/amdg.ffrz.hr\/?p=3223#primaryimage\"},\"thumbnailUrl\":\"https:\/\/amdg.ffrz.hr\/wp-content\/uploads\/sinBozji479x614.jpg\",\"articleSection\":[\"Duhovnost\"],\"inLanguage\":\"hr\"},{\"@type\":\"WebPage\",\"@id\":\"https:\/\/amdg.ffrz.hr\/?p=3223\",\"url\":\"https:\/\/amdg.ffrz.hr\/?p=3223\",\"name\":\"Kristov mir - Ad maiorem Dei gloriam\",\"isPartOf\":{\"@id\":\"https:\/\/amdg.ffrz.hr\/#website\"},\"primaryImageOfPage\":{\"@id\":\"https:\/\/amdg.ffrz.hr\/?p=3223#primaryimage\"},\"image\":{\"@id\":\"https:\/\/amdg.ffrz.hr\/?p=3223#primaryimage\"},\"thumbnailUrl\":\"https:\/\/amdg.ffrz.hr\/wp-content\/uploads\/sinBozji479x614.jpg\",\"datePublished\":\"2020-04-22T09:53:23+00:00\",\"dateModified\":\"2022-03-29T14:11:09+00:00\",\"breadcrumb\":{\"@id\":\"https:\/\/amdg.ffrz.hr\/?p=3223#breadcrumb\"},\"inLanguage\":\"hr\",\"potentialAction\":[{\"@type\":\"ReadAction\",\"target\":[\"https:\/\/amdg.ffrz.hr\/?p=3223\"]}]},{\"@type\":\"ImageObject\",\"inLanguage\":\"hr\",\"@id\":\"https:\/\/amdg.ffrz.hr\/?p=3223#primaryimage\",\"url\":\"https:\/\/amdg.ffrz.hr\/wp-content\/uploads\/sinBozji479x614.jpg\",\"contentUrl\":\"https:\/\/amdg.ffrz.hr\/wp-content\/uploads\/sinBozji479x614.jpg\",\"width\":479,\"height\":614},{\"@type\":\"BreadcrumbList\",\"@id\":\"https:\/\/amdg.ffrz.hr\/?p=3223#breadcrumb\",\"itemListElement\":[{\"@type\":\"ListItem\",\"position\":1,\"name\":\"Po\u010detna stranica\",\"item\":\"https:\/\/amdg.ffrz.hr\/\"},{\"@type\":\"ListItem\",\"position\":2,\"name\":\"Kristov mir\"}]},{\"@type\":\"WebSite\",\"@id\":\"https:\/\/amdg.ffrz.hr\/#website\",\"url\":\"https:\/\/amdg.ffrz.hr\/\",\"name\":\"Ad maiorem Dei gloriam\",\"description\":\"doc. dr. sc. Niko Bili\u0107:  nastava, duhovnost i cjelo\u017eivotno u\u010denje\",\"publisher\":{\"@id\":\"https:\/\/amdg.ffrz.hr\/#\/schema\/person\/a3d4a18838314f7054f7cdc4f4d45f4a\"},\"potentialAction\":[{\"@type\":\"SearchAction\",\"target\":{\"@type\":\"EntryPoint\",\"urlTemplate\":\"https:\/\/amdg.ffrz.hr\/?s={search_term_string}\"},\"query-input\":{\"@type\":\"PropertyValueSpecification\",\"valueRequired\":true,\"valueName\":\"search_term_string\"}}],\"inLanguage\":\"hr\"},{\"@type\":[\"Person\",\"Organization\"],\"@id\":\"https:\/\/amdg.ffrz.hr\/#\/schema\/person\/a3d4a18838314f7054f7cdc4f4d45f4a\",\"name\":\"Niko Bili\u0107 SJ\",\"image\":{\"@type\":\"ImageObject\",\"inLanguage\":\"hr\",\"@id\":\"https:\/\/amdg.ffrz.hr\/#\/schema\/person\/image\/\",\"url\":\"https:\/\/secure.gravatar.com\/avatar\/14c6ebb29114394312c36c8ab93231d11917870146d266275d4470c0b6c44b88?s=96&d=blank&r=g\",\"contentUrl\":\"https:\/\/secure.gravatar.com\/avatar\/14c6ebb29114394312c36c8ab93231d11917870146d266275d4470c0b6c44b88?s=96&d=blank&r=g\",\"caption\":\"Niko Bili\u0107 SJ\"},\"logo\":{\"@id\":\"https:\/\/amdg.ffrz.hr\/#\/schema\/person\/image\/\"},\"sameAs\":[\"https:\/\/amdg.ffrz.hr\",\"https:\/\/www.facebook.com\/paterniko\",\"https:\/\/www.youtube.com\/user\/paterniko\"]}]}<\/script>\n<!-- \/ Yoast SEO plugin. -->","yoast_head_json":{"title":"Kristov mir - Ad maiorem Dei gloriam","robots":{"index":"index","follow":"follow","max-snippet":"max-snippet:-1","max-image-preview":"max-image-preview:large","max-video-preview":"max-video-preview:-1"},"canonical":"https:\/\/amdg.ffrz.hr\/?p=3223","og_locale":"hr_HR","og_type":"article","og_title":"Kristov mir - Ad maiorem Dei gloriam","og_description":"Gospodin Isus svoj mir ostavlja kao bitan dio oporuke. Ostavlja ga u svetu ba\u0161tinu apostolima. Kod svete mise slu\u0161amo: &#8220;Mir vam ostavljam, mir vam svoj dajem&#8221; (usp. Iv 14,27). Rije\u010di su to koje Krist govori u sve\u010danu i dirljivu \u010dasu pashalnoga slavlja. On kao glavar obitelji sa svojima slavi veliko Bo\u017eje djelo: oslobo\u0111enje iz ku\u0107e [&hellip;]","og_url":"https:\/\/amdg.ffrz.hr\/?p=3223","og_site_name":"Ad maiorem Dei gloriam","article_publisher":"https:\/\/www.facebook.com\/paterniko","article_author":"https:\/\/www.facebook.com\/paterniko","article_published_time":"2020-04-22T09:53:23+00:00","article_modified_time":"2022-03-29T14:11:09+00:00","og_image":[{"url":"https:\/\/amdg.ffrz.hr\/wp-content\/uploads\/sinBozji479x614.jpg","type":"","width":"","height":""}],"author":"Niko Bili\u0107 SJ","twitter_card":"summary_large_image","twitter_misc":{"Napisao\/la":"Niko Bili\u0107 SJ","Procijenjeno vrijeme \u010ditanja":"8 minuta"},"schema":{"@context":"https:\/\/schema.org","@graph":[{"@type":"Article","@id":"https:\/\/amdg.ffrz.hr\/?p=3223#article","isPartOf":{"@id":"https:\/\/amdg.ffrz.hr\/?p=3223"},"author":{"name":"Niko Bili\u0107 SJ","@id":"https:\/\/amdg.ffrz.hr\/#\/schema\/person\/a3d4a18838314f7054f7cdc4f4d45f4a"},"headline":"Kristov mir","datePublished":"2020-04-22T09:53:23+00:00","dateModified":"2022-03-29T14:11:09+00:00","mainEntityOfPage":{"@id":"https:\/\/amdg.ffrz.hr\/?p=3223"},"wordCount":1290,"publisher":{"@id":"https:\/\/amdg.ffrz.hr\/#\/schema\/person\/a3d4a18838314f7054f7cdc4f4d45f4a"},"image":{"@id":"https:\/\/amdg.ffrz.hr\/?p=3223#primaryimage"},"thumbnailUrl":"https:\/\/amdg.ffrz.hr\/wp-content\/uploads\/sinBozji479x614.jpg","articleSection":["Duhovnost"],"inLanguage":"hr"},{"@type":"WebPage","@id":"https:\/\/amdg.ffrz.hr\/?p=3223","url":"https:\/\/amdg.ffrz.hr\/?p=3223","name":"Kristov mir - Ad maiorem Dei gloriam","isPartOf":{"@id":"https:\/\/amdg.ffrz.hr\/#website"},"primaryImageOfPage":{"@id":"https:\/\/amdg.ffrz.hr\/?p=3223#primaryimage"},"image":{"@id":"https:\/\/amdg.ffrz.hr\/?p=3223#primaryimage"},"thumbnailUrl":"https:\/\/amdg.ffrz.hr\/wp-content\/uploads\/sinBozji479x614.jpg","datePublished":"2020-04-22T09:53:23+00:00","dateModified":"2022-03-29T14:11:09+00:00","breadcrumb":{"@id":"https:\/\/amdg.ffrz.hr\/?p=3223#breadcrumb"},"inLanguage":"hr","potentialAction":[{"@type":"ReadAction","target":["https:\/\/amdg.ffrz.hr\/?p=3223"]}]},{"@type":"ImageObject","inLanguage":"hr","@id":"https:\/\/amdg.ffrz.hr\/?p=3223#primaryimage","url":"https:\/\/amdg.ffrz.hr\/wp-content\/uploads\/sinBozji479x614.jpg","contentUrl":"https:\/\/amdg.ffrz.hr\/wp-content\/uploads\/sinBozji479x614.jpg","width":479,"height":614},{"@type":"BreadcrumbList","@id":"https:\/\/amdg.ffrz.hr\/?p=3223#breadcrumb","itemListElement":[{"@type":"ListItem","position":1,"name":"Po\u010detna stranica","item":"https:\/\/amdg.ffrz.hr\/"},{"@type":"ListItem","position":2,"name":"Kristov mir"}]},{"@type":"WebSite","@id":"https:\/\/amdg.ffrz.hr\/#website","url":"https:\/\/amdg.ffrz.hr\/","name":"Ad maiorem Dei gloriam","description":"doc. dr. sc. Niko Bili\u0107:  nastava, duhovnost i cjelo\u017eivotno u\u010denje","publisher":{"@id":"https:\/\/amdg.ffrz.hr\/#\/schema\/person\/a3d4a18838314f7054f7cdc4f4d45f4a"},"potentialAction":[{"@type":"SearchAction","target":{"@type":"EntryPoint","urlTemplate":"https:\/\/amdg.ffrz.hr\/?s={search_term_string}"},"query-input":{"@type":"PropertyValueSpecification","valueRequired":true,"valueName":"search_term_string"}}],"inLanguage":"hr"},{"@type":["Person","Organization"],"@id":"https:\/\/amdg.ffrz.hr\/#\/schema\/person\/a3d4a18838314f7054f7cdc4f4d45f4a","name":"Niko Bili\u0107 SJ","image":{"@type":"ImageObject","inLanguage":"hr","@id":"https:\/\/amdg.ffrz.hr\/#\/schema\/person\/image\/","url":"https:\/\/secure.gravatar.com\/avatar\/14c6ebb29114394312c36c8ab93231d11917870146d266275d4470c0b6c44b88?s=96&d=blank&r=g","contentUrl":"https:\/\/secure.gravatar.com\/avatar\/14c6ebb29114394312c36c8ab93231d11917870146d266275d4470c0b6c44b88?s=96&d=blank&r=g","caption":"Niko Bili\u0107 SJ"},"logo":{"@id":"https:\/\/amdg.ffrz.hr\/#\/schema\/person\/image\/"},"sameAs":["https:\/\/amdg.ffrz.hr","https:\/\/www.facebook.com\/paterniko","https:\/\/www.youtube.com\/user\/paterniko"]}]}},"_links":{"self":[{"href":"https:\/\/amdg.ffrz.hr\/index.php?rest_route=\/wp\/v2\/posts\/3223","targetHints":{"allow":["GET"]}}],"collection":[{"href":"https:\/\/amdg.ffrz.hr\/index.php?rest_route=\/wp\/v2\/posts"}],"about":[{"href":"https:\/\/amdg.ffrz.hr\/index.php?rest_route=\/wp\/v2\/types\/post"}],"author":[{"embeddable":true,"href":"https:\/\/amdg.ffrz.hr\/index.php?rest_route=\/wp\/v2\/users\/1"}],"replies":[{"embeddable":true,"href":"https:\/\/amdg.ffrz.hr\/index.php?rest_route=%2Fwp%2Fv2%2Fcomments&post=3223"}],"version-history":[{"count":5,"href":"https:\/\/amdg.ffrz.hr\/index.php?rest_route=\/wp\/v2\/posts\/3223\/revisions"}],"predecessor-version":[{"id":5223,"href":"https:\/\/amdg.ffrz.hr\/index.php?rest_route=\/wp\/v2\/posts\/3223\/revisions\/5223"}],"wp:attachment":[{"href":"https:\/\/amdg.ffrz.hr\/index.php?rest_route=%2Fwp%2Fv2%2Fmedia&parent=3223"}],"wp:term":[{"taxonomy":"category","embeddable":true,"href":"https:\/\/amdg.ffrz.hr\/index.php?rest_route=%2Fwp%2Fv2%2Fcategories&post=3223"},{"taxonomy":"post_tag","embeddable":true,"href":"https:\/\/amdg.ffrz.hr\/index.php?rest_route=%2Fwp%2Fv2%2Ftags&post=3223"}],"curies":[{"name":"wp","href":"https:\/\/api.w.org\/{rel}","templated":true}]}}