{"id":3354,"date":"2020-08-30T09:28:15","date_gmt":"2020-08-30T07:28:15","guid":{"rendered":"https:\/\/amdg.ffrz.hr\/?p=3354"},"modified":"2021-02-05T09:32:24","modified_gmt":"2021-02-05T08:32:24","slug":"za-kristom","status":"publish","type":"post","link":"https:\/\/amdg.ffrz.hr\/?p=3354","title":{"rendered":"Za Kristom (Mk 8,27-35)"},"content":{"rendered":"\n<h3 class=\"wp-block-heading\">Isusova \u0161kola odgovornosti<\/h3>\n\n\n\n<div class=\"wp-block-image\"><figure class=\"aligncenter size-large\"><a href=\"https:\/\/amdg.ffrz.hr\/wp-content\/uploads\/El_Greco_-_Christ_Carrying_the_Cross_-_Google_Art_Project-scaled.jpg\"><img loading=\"lazy\" decoding=\"async\" width=\"656\" height=\"1024\" src=\"https:\/\/amdg.ffrz.hr\/wp-content\/uploads\/El_Greco_-_Christ_Carrying_the_Cross_-_Google_Art_Project-656x1024.jpg\" alt=\"\" class=\"wp-image-3355\" srcset=\"https:\/\/amdg.ffrz.hr\/wp-content\/uploads\/El_Greco_-_Christ_Carrying_the_Cross_-_Google_Art_Project-656x1024.jpg 656w, https:\/\/amdg.ffrz.hr\/wp-content\/uploads\/El_Greco_-_Christ_Carrying_the_Cross_-_Google_Art_Project-192x300.jpg 192w, https:\/\/amdg.ffrz.hr\/wp-content\/uploads\/El_Greco_-_Christ_Carrying_the_Cross_-_Google_Art_Project-768x1200.jpg 768w, https:\/\/amdg.ffrz.hr\/wp-content\/uploads\/El_Greco_-_Christ_Carrying_the_Cross_-_Google_Art_Project-983x1536.jpg 983w, https:\/\/amdg.ffrz.hr\/wp-content\/uploads\/El_Greco_-_Christ_Carrying_the_Cross_-_Google_Art_Project-1311x2048.jpg 1311w, https:\/\/amdg.ffrz.hr\/wp-content\/uploads\/El_Greco_-_Christ_Carrying_the_Cross_-_Google_Art_Project-1200x1874.jpg 1200w, https:\/\/amdg.ffrz.hr\/wp-content\/uploads\/El_Greco_-_Christ_Carrying_the_Cross_-_Google_Art_Project-1980x3093.jpg 1980w, https:\/\/amdg.ffrz.hr\/wp-content\/uploads\/El_Greco_-_Christ_Carrying_the_Cross_-_Google_Art_Project-scaled.jpg 1639w\" sizes=\"auto, (max-width: 656px) 100vw, 656px\" \/><\/a><figcaption>El Greco (Domenikos Theotokopoulos), Isus nosi kri\u017e<\/figcaption><\/figure><\/div>\n\n\n\n<p>Isus obe\u0107ava onomu \u010dovjeku koji ide za njim da ne \u0107e i\u0107i po tami, nego da \u0107e imati svjetlost \u017eivota. Tako nam obja\u0161njava da nasljedovanje Krista sa sobom donosi svjetlo koje obasjava ljudski \u017eivot. U suvremenoj dezorijentiranosti i zbrci <em>ideala<\/em> i <em>idola<\/em> to je vrlo dragocjena stvar. Danas kada stojimo pred ozbiljnim i zahtjevnim pitanjima, presudnima za povijest \u010dovjeka i svijeta, Kristovo je svjetlo odli\u010dna pomo\u0107 i putokaz. Kada ne znamo kamo i kako dalje u \u017eivotu, kada ne znamo kako ispravno odabrati, u svjetlu Kristova \u017eivota smijemo potra\u017eiti smjer i pravila.<\/p>\n\n\n\n<h4 class=\"wp-block-heading\">Oslobo\u0111enje<\/h4>\n\n\n\n<p>Kr\u0161\u0107anska odgovornost ima u sebi ne\u0161to vrlo utje\u0161no i osloba\u0111aju\u0107e. Prvo \u0161to apostoli \u010dine na poziv Isusov jest: spremno ostavljaju sve (Lk 5,11). Po\u010detak odgovornosti jest zahvalno prepoznati i priznati da je Bog dare\u017eljivi Gospodar stvorenja i da njegov promisao se\u017ee daleko dublje i dalje negoli sam osobno kadar proniknuti.<\/p>\n\n\n\n<p>Nasljedovanje Krista osloba\u0111a od straha pred nepoznatim jer njegov je <em>put<\/em> poznat. On otvoreno govori o njemu. I o odba\u010denosti i o mu\u010denju, i o uskrsnu\u0107u. Nasljedovanje Krista \u010duva nas od straha pred neizmjerno velikim pote\u0161ko\u0107ama. Svatko treba uzeti i nositi samo svoj vlastiti kri\u017e.<\/p>\n\n\n\n<p>Nasljedovanje Krista osloba\u0111a nas od <em>preuzetnosti<\/em> kojom si pripisujemo sile koje nemamo i \u017eelimo uzeti odgovornosti koje su nam prevelike. \u010covjeka, koji prehrabro i prebrzo obe\u0107aje da \u0107e za Isusom kamo god on po\u0161ao, U\u010ditelj zaustavlja (Lk 9,58). Osloba\u0111a ga od pogrje\u0161ne ambicije upozorenjem da je stalno na putovanju \u2013 jo\u0161 i vi\u0161e negoli praotac Jakov koji je ipak imao kamen za uzglavlje.<\/p>\n\n\n\n<h4 class=\"wp-block-heading\">Perspektivno odricanje<\/h4>\n\n\n\n<p>Isus jasno govori o tome da ne moramo biti veliki kao on. Treba i\u0107i <em>za njim<\/em>. Ne moramo i ne valja tr\u010dati ispred njega jer nije u\u010denik ve\u0107i od u\u010ditelja (Mt 10,24). Nije potrebno \u010dak ni da idemo s njime u korak, odmah uz njega. Dovoljno je da idemo za njime. I sam \u0107e nam Otac nebeski dodijeliti \u010dast koja nam pripada (Iv 12,26). Koliko nasljedovanje Krista osloba\u0111a vidi se izvrsno na primjeru <em>bogata\u0161a<\/em> koji je od mladosti \u010duvao zapovijedi. Isus mu je ponudio da se i velika imetka odrekne (Mt 19,21). Mogao ga je nepovratno ulo\u017eiti, odgovorno se pobrinuti za siromahe. Stekao bi nebesko blago koje ni moljac, ni r\u0111a, ni kradljivac ne mogu ugroziti. Ne bi \u017ealostan oti\u0161ao, nego bi slobodna duha i\u0161ao za U\u010diteljem.<\/p>\n\n\n\n<p>Prvi u\u010denici, ribari, hitro, u tili \u010das, <em>ostavili<\/em> su mre\u017ee i la\u0111e, \u010dak i oca. Ali ne zato da ih neodgovorno odbace i zanemare, ne zato da zapuste ribarenje. Tko se odrekne i ostavi, ste\u0107i \u0107e mnogostruko, obe\u0107ava U\u010ditelj (Mt 19,29). U <em>la\u0111u<\/em> \u0107e ga uzeti da se malo odmaknu od obale i da mu la\u0111a bude govornica s koje \u0107e se obratiti mno\u0161tvu. U la\u0111i \u0107e Gospodin pokazati da je vlastan oluju smiriti. Iz la\u0111e \u0107e Petar po\u0107i k Isus kada za no\u0107nih sati bude k njima po vodi dolazio.<\/p>\n\n\n\n<h4 class=\"wp-block-heading\">Preuzeti odgovornost<\/h4>\n\n\n\n<p>Nasljedovanje Krista osloba\u0111a jer se u\u010denik treba odre\u0107i sama sebe. Apostoli u\u010de kako se na Isusa mogu osloniti jer je ja\u010di od bolesti i gladi. Pokazuje im da je mo\u0107niji od prirodnih sila. U\u010denici stje\u010du povjerenje u njega jer ima vlast i nad zlodusima koji opsjedaju i mu\u010de \u010dovjeka. \u010cak i nad smr\u0107u mo\u017ee Isus <em>preuzeti odgovornost<\/em> kada uskrisuje jedinca udovice iz Naina, nadstojnikovu k\u0107er i prijatelja Lazara. Istinitost njegovih rije\u010di da \u0107e dati \u017eivot kao <em>otkupninu<\/em> apostoli ve\u0107 vide kada donosi ljudima opro\u0161tenje grijeha. Uz Isusa apostoli u\u010de i iz iskustva vide da zapravo on sam preuzima odgovornost za njih. Nazvat \u0107e ih prijateljima (Iv 15,14). I takav je postupak plodan.<\/p>\n\n\n\n<p>Nakon Isusova uskrsnu\u0107a Petar je ribar (Iv 21). Ba\u0161 kao i na po\u010detku. Ali promjena je o\u010dita. On sada vodi, ide ribariti na Genezaretskome jezeru, a ostali idu s njim. Mu\u010dna no\u0107 nije donijela uspjeha. Praznih su ruku, umorni, iscrpljeni \u2013 frustrirani. Jo\u0161 jednom Isus preuzima <em>odgovornost<\/em>. Isus pripravlja doru\u010dak poput evan\u0111eoskoga gospodara koji nagra\u0111uje svojega slugu. Isus preuzima inicijativu i pretvara proma\u0161aj u pun pogodak. Na njegovu rije\u010d ponovno bacaju mre\u017ee. Isus je sada odgovoran i njegova odgovornost donosi obilan plod: lovina je vrlo, vrlo obilna.<\/p>\n\n\n\n<h4 class=\"wp-block-heading\">Dati odgovor<\/h4>\n\n\n\n<p>Isus \u0107e od Petra tra\u017eiti da polo\u017ei ra\u010dun. Triput Petar mora <em>dati odgovor<\/em>. Mora odgovarati za trostruko zatajenje. Isusu je odgovoran. Tako Petar postaje spreman preuzeti U\u010diteljevu zada\u0107u. Isus je dobri pastir. Sada tu slu\u017ebu povjerava Petru: \u00bbPasi ovce moje! Pasi jaganjce moje!\u00ab (Iv 21,16). Isus je dobar pastir zato \u0161to je do kraja upoznao, uzeo je na sebe sudbinu ovaca, sudbinu janjeta. Jaganjac je Bo\u017eji. Kao janje na klanje odvedo\u0161e ga.<\/p>\n\n\n\n<p>Petar je pro\u0161ao \u0161kolu vlastite slabosti i grijeha, i bo\u017eanskoga opro\u0161tenja. Do\u017eivio je pomirenje s Isusom koji triput prihva\u0107a njegovu potvrdu ljubavi. Sada je spreman preuzeti veliku odgovornost. Iskazano mu je povjerenje. Isus ga je u\u010dinio ribarom ljudi i pastirom du\u0161a. Ali Petar je dobro \u010duo svoj zadatak: Isusove ovce i njegove jaganjce treba pasti. <em>Isusovo<\/em> je stado i pred Isusom je za nj odgovoran.<\/p>\n\n\n\n<p>Mt 16,21\u201327; Mk 8,27\u201335<br>22. nedjelja u liturgijskoj godini A<br>24. nedjelja u liturgijskoj godini B<\/p>\n\n\n\n<figure class=\"wp-block-embed is-type-wp-embed is-provider-hkm wp-block-embed-hkm\"><div class=\"wp-block-embed__wrapper\">\n<iframe loading=\"lazy\" class=\"wp-embedded-content\" sandbox=\"allow-scripts\" security=\"restricted\" title=\"&#8220;Nasljedovanje Krista osloba\u0111a, jer se u\u010denik treba sam sebe odre\u0107i!&#8221; &#8212; HKM\" src=\"https:\/\/hkm.hr\/vjera\/nasljedovanje-krista-oslobada-jer-se-ucenik-treba-sam-sebe-odreci\/embed\/#?secret=d9HHmYqhh5\" data-secret=\"d9HHmYqhh5\" width=\"580\" height=\"327\" frameborder=\"0\" marginwidth=\"0\" marginheight=\"0\" scrolling=\"no\"><\/iframe>\n<\/div><\/figure>\n\n\n\n<pre class=\"wp-block-preformatted\">2. izd. 30. 8. 2020.\n<a href=\"http:\/\/www.bib.irb.hr\/1109283\">CROSBI<\/a><\/pre>\n\n\n\n<p class=\"has-text-align-right\">Niko Bili\u0107, SJ<\/p>\n","protected":false},"excerpt":{"rendered":"<p>Isusova \u0161kola odgovornosti Isus obe\u0107ava onomu \u010dovjeku koji ide za njim da ne \u0107e i\u0107i po tami, nego da \u0107e imati svjetlost \u017eivota. Tako nam obja\u0161njava da nasljedovanje Krista sa sobom donosi svjetlo koje obasjava ljudski \u017eivot. U suvremenoj dezorijentiranosti i zbrci ideala i idola to je vrlo dragocjena stvar. Danas kada stojimo pred ozbiljnim [&hellip;]<\/p>\n","protected":false},"author":1,"featured_media":0,"comment_status":"closed","ping_status":"closed","sticky":false,"template":"","format":"standard","meta":{"footnotes":""},"categories":[14,9,5],"tags":[],"class_list":["post-3354","post","type-post","status-publish","format-standard","hentry","category-biblijska-antropologija","category-cjelozivotno-ucenje","category-duhovnost"],"yoast_head":"<!-- This site is optimized with the Yoast SEO plugin v26.0 - https:\/\/yoast.com\/wordpress\/plugins\/seo\/ -->\n<title>Za Kristom (Mk 8,27-35) - Ad maiorem Dei gloriam<\/title>\n<meta name=\"description\" content=\"Isus obe\u0107ava onomu \u010dovjeku koji ide za njim da ne\u0107e i\u0107i po tami. Nasljedovanje Krista sa sobom donosi svjetlo koje obasjava ljudski \u017eivot.\" \/>\n<meta name=\"robots\" content=\"index, follow, max-snippet:-1, max-image-preview:large, max-video-preview:-1\" \/>\n<link rel=\"canonical\" href=\"https:\/\/amdg.ffrz.hr\/?p=3354\" \/>\n<meta property=\"og:locale\" content=\"hr_HR\" \/>\n<meta property=\"og:type\" content=\"article\" \/>\n<meta property=\"og:title\" content=\"Za Kristom (Mk 8,27-35) - Ad maiorem Dei gloriam\" \/>\n<meta property=\"og:description\" content=\"Isus obe\u0107ava onomu \u010dovjeku koji ide za njim da ne\u0107e i\u0107i po tami. Nasljedovanje Krista sa sobom donosi svjetlo koje obasjava ljudski \u017eivot.\" \/>\n<meta property=\"og:url\" content=\"https:\/\/amdg.ffrz.hr\/?p=3354\" \/>\n<meta property=\"og:site_name\" content=\"Ad maiorem Dei gloriam\" \/>\n<meta property=\"article:publisher\" content=\"https:\/\/www.facebook.com\/paterniko\" \/>\n<meta property=\"article:author\" content=\"https:\/\/www.facebook.com\/paterniko\" \/>\n<meta property=\"article:published_time\" content=\"2020-08-30T07:28:15+00:00\" \/>\n<meta property=\"article:modified_time\" content=\"2021-02-05T08:32:24+00:00\" \/>\n<meta property=\"og:image\" content=\"https:\/\/amdg.ffrz.hr\/wp-content\/uploads\/El_Greco_-_Christ_Carrying_the_Cross_-_Google_Art_Project-656x1024.jpg\" \/>\n<meta name=\"author\" content=\"Niko Bili\u0107 SJ\" \/>\n<meta name=\"twitter:card\" content=\"summary_large_image\" \/>\n<meta name=\"twitter:label1\" content=\"Napisao\/la\" \/>\n\t<meta name=\"twitter:data1\" content=\"Niko Bili\u0107 SJ\" \/>\n\t<meta name=\"twitter:label2\" content=\"Procijenjeno vrijeme \u010ditanja\" \/>\n\t<meta name=\"twitter:data2\" content=\"4 minute\" \/>\n<script type=\"application\/ld+json\" class=\"yoast-schema-graph\">{\"@context\":\"https:\/\/schema.org\",\"@graph\":[{\"@type\":\"Article\",\"@id\":\"https:\/\/amdg.ffrz.hr\/?p=3354#article\",\"isPartOf\":{\"@id\":\"https:\/\/amdg.ffrz.hr\/?p=3354\"},\"author\":{\"name\":\"Niko Bili\u0107 SJ\",\"@id\":\"https:\/\/amdg.ffrz.hr\/#\/schema\/person\/a3d4a18838314f7054f7cdc4f4d45f4a\"},\"headline\":\"Za Kristom (Mk 8,27-35)\",\"datePublished\":\"2020-08-30T07:28:15+00:00\",\"dateModified\":\"2021-02-05T08:32:24+00:00\",\"mainEntityOfPage\":{\"@id\":\"https:\/\/amdg.ffrz.hr\/?p=3354\"},\"wordCount\":925,\"publisher\":{\"@id\":\"https:\/\/amdg.ffrz.hr\/#\/schema\/person\/a3d4a18838314f7054f7cdc4f4d45f4a\"},\"image\":{\"@id\":\"https:\/\/amdg.ffrz.hr\/?p=3354#primaryimage\"},\"thumbnailUrl\":\"https:\/\/amdg.ffrz.hr\/wp-content\/uploads\/El_Greco_-_Christ_Carrying_the_Cross_-_Google_Art_Project-656x1024.jpg\",\"articleSection\":[\"Biblijska antropologija\",\"Cjelo\u017eivotno u\u010denje\",\"Duhovnost\"],\"inLanguage\":\"hr\"},{\"@type\":\"WebPage\",\"@id\":\"https:\/\/amdg.ffrz.hr\/?p=3354\",\"url\":\"https:\/\/amdg.ffrz.hr\/?p=3354\",\"name\":\"Za Kristom (Mk 8,27-35) - Ad maiorem Dei gloriam\",\"isPartOf\":{\"@id\":\"https:\/\/amdg.ffrz.hr\/#website\"},\"primaryImageOfPage\":{\"@id\":\"https:\/\/amdg.ffrz.hr\/?p=3354#primaryimage\"},\"image\":{\"@id\":\"https:\/\/amdg.ffrz.hr\/?p=3354#primaryimage\"},\"thumbnailUrl\":\"https:\/\/amdg.ffrz.hr\/wp-content\/uploads\/El_Greco_-_Christ_Carrying_the_Cross_-_Google_Art_Project-656x1024.jpg\",\"datePublished\":\"2020-08-30T07:28:15+00:00\",\"dateModified\":\"2021-02-05T08:32:24+00:00\",\"description\":\"Isus obe\u0107ava onomu \u010dovjeku koji ide za njim da ne\u0107e i\u0107i po tami. Nasljedovanje Krista sa sobom donosi svjetlo koje obasjava ljudski \u017eivot.\",\"breadcrumb\":{\"@id\":\"https:\/\/amdg.ffrz.hr\/?p=3354#breadcrumb\"},\"inLanguage\":\"hr\",\"potentialAction\":[{\"@type\":\"ReadAction\",\"target\":[\"https:\/\/amdg.ffrz.hr\/?p=3354\"]}]},{\"@type\":\"ImageObject\",\"inLanguage\":\"hr\",\"@id\":\"https:\/\/amdg.ffrz.hr\/?p=3354#primaryimage\",\"url\":\"https:\/\/amdg.ffrz.hr\/wp-content\/uploads\/El_Greco_-_Christ_Carrying_the_Cross_-_Google_Art_Project-scaled.jpg\",\"contentUrl\":\"https:\/\/amdg.ffrz.hr\/wp-content\/uploads\/El_Greco_-_Christ_Carrying_the_Cross_-_Google_Art_Project-scaled.jpg\",\"width\":1639,\"height\":2560},{\"@type\":\"BreadcrumbList\",\"@id\":\"https:\/\/amdg.ffrz.hr\/?p=3354#breadcrumb\",\"itemListElement\":[{\"@type\":\"ListItem\",\"position\":1,\"name\":\"Po\u010detna stranica\",\"item\":\"https:\/\/amdg.ffrz.hr\/\"},{\"@type\":\"ListItem\",\"position\":2,\"name\":\"Za Kristom (Mk 8,27-35)\"}]},{\"@type\":\"WebSite\",\"@id\":\"https:\/\/amdg.ffrz.hr\/#website\",\"url\":\"https:\/\/amdg.ffrz.hr\/\",\"name\":\"Ad maiorem Dei gloriam\",\"description\":\"doc. dr. sc. Niko Bili\u0107:  nastava, duhovnost i cjelo\u017eivotno u\u010denje\",\"publisher\":{\"@id\":\"https:\/\/amdg.ffrz.hr\/#\/schema\/person\/a3d4a18838314f7054f7cdc4f4d45f4a\"},\"potentialAction\":[{\"@type\":\"SearchAction\",\"target\":{\"@type\":\"EntryPoint\",\"urlTemplate\":\"https:\/\/amdg.ffrz.hr\/?s={search_term_string}\"},\"query-input\":{\"@type\":\"PropertyValueSpecification\",\"valueRequired\":true,\"valueName\":\"search_term_string\"}}],\"inLanguage\":\"hr\"},{\"@type\":[\"Person\",\"Organization\"],\"@id\":\"https:\/\/amdg.ffrz.hr\/#\/schema\/person\/a3d4a18838314f7054f7cdc4f4d45f4a\",\"name\":\"Niko Bili\u0107 SJ\",\"image\":{\"@type\":\"ImageObject\",\"inLanguage\":\"hr\",\"@id\":\"https:\/\/amdg.ffrz.hr\/#\/schema\/person\/image\/\",\"url\":\"https:\/\/secure.gravatar.com\/avatar\/14c6ebb29114394312c36c8ab93231d11917870146d266275d4470c0b6c44b88?s=96&d=blank&r=g\",\"contentUrl\":\"https:\/\/secure.gravatar.com\/avatar\/14c6ebb29114394312c36c8ab93231d11917870146d266275d4470c0b6c44b88?s=96&d=blank&r=g\",\"caption\":\"Niko Bili\u0107 SJ\"},\"logo\":{\"@id\":\"https:\/\/amdg.ffrz.hr\/#\/schema\/person\/image\/\"},\"sameAs\":[\"https:\/\/amdg.ffrz.hr\",\"https:\/\/www.facebook.com\/paterniko\",\"https:\/\/www.youtube.com\/user\/paterniko\"]}]}<\/script>\n<!-- \/ Yoast SEO plugin. -->","yoast_head_json":{"title":"Za Kristom (Mk 8,27-35) - Ad maiorem Dei gloriam","description":"Isus obe\u0107ava onomu \u010dovjeku koji ide za njim da ne\u0107e i\u0107i po tami. Nasljedovanje Krista sa sobom donosi svjetlo koje obasjava ljudski \u017eivot.","robots":{"index":"index","follow":"follow","max-snippet":"max-snippet:-1","max-image-preview":"max-image-preview:large","max-video-preview":"max-video-preview:-1"},"canonical":"https:\/\/amdg.ffrz.hr\/?p=3354","og_locale":"hr_HR","og_type":"article","og_title":"Za Kristom (Mk 8,27-35) - Ad maiorem Dei gloriam","og_description":"Isus obe\u0107ava onomu \u010dovjeku koji ide za njim da ne\u0107e i\u0107i po tami. Nasljedovanje Krista sa sobom donosi svjetlo koje obasjava ljudski \u017eivot.","og_url":"https:\/\/amdg.ffrz.hr\/?p=3354","og_site_name":"Ad maiorem Dei gloriam","article_publisher":"https:\/\/www.facebook.com\/paterniko","article_author":"https:\/\/www.facebook.com\/paterniko","article_published_time":"2020-08-30T07:28:15+00:00","article_modified_time":"2021-02-05T08:32:24+00:00","og_image":[{"url":"https:\/\/amdg.ffrz.hr\/wp-content\/uploads\/El_Greco_-_Christ_Carrying_the_Cross_-_Google_Art_Project-656x1024.jpg","type":"","width":"","height":""}],"author":"Niko Bili\u0107 SJ","twitter_card":"summary_large_image","twitter_misc":{"Napisao\/la":"Niko Bili\u0107 SJ","Procijenjeno vrijeme \u010ditanja":"4 minute"},"schema":{"@context":"https:\/\/schema.org","@graph":[{"@type":"Article","@id":"https:\/\/amdg.ffrz.hr\/?p=3354#article","isPartOf":{"@id":"https:\/\/amdg.ffrz.hr\/?p=3354"},"author":{"name":"Niko Bili\u0107 SJ","@id":"https:\/\/amdg.ffrz.hr\/#\/schema\/person\/a3d4a18838314f7054f7cdc4f4d45f4a"},"headline":"Za Kristom (Mk 8,27-35)","datePublished":"2020-08-30T07:28:15+00:00","dateModified":"2021-02-05T08:32:24+00:00","mainEntityOfPage":{"@id":"https:\/\/amdg.ffrz.hr\/?p=3354"},"wordCount":925,"publisher":{"@id":"https:\/\/amdg.ffrz.hr\/#\/schema\/person\/a3d4a18838314f7054f7cdc4f4d45f4a"},"image":{"@id":"https:\/\/amdg.ffrz.hr\/?p=3354#primaryimage"},"thumbnailUrl":"https:\/\/amdg.ffrz.hr\/wp-content\/uploads\/El_Greco_-_Christ_Carrying_the_Cross_-_Google_Art_Project-656x1024.jpg","articleSection":["Biblijska antropologija","Cjelo\u017eivotno u\u010denje","Duhovnost"],"inLanguage":"hr"},{"@type":"WebPage","@id":"https:\/\/amdg.ffrz.hr\/?p=3354","url":"https:\/\/amdg.ffrz.hr\/?p=3354","name":"Za Kristom (Mk 8,27-35) - Ad maiorem Dei gloriam","isPartOf":{"@id":"https:\/\/amdg.ffrz.hr\/#website"},"primaryImageOfPage":{"@id":"https:\/\/amdg.ffrz.hr\/?p=3354#primaryimage"},"image":{"@id":"https:\/\/amdg.ffrz.hr\/?p=3354#primaryimage"},"thumbnailUrl":"https:\/\/amdg.ffrz.hr\/wp-content\/uploads\/El_Greco_-_Christ_Carrying_the_Cross_-_Google_Art_Project-656x1024.jpg","datePublished":"2020-08-30T07:28:15+00:00","dateModified":"2021-02-05T08:32:24+00:00","description":"Isus obe\u0107ava onomu \u010dovjeku koji ide za njim da ne\u0107e i\u0107i po tami. Nasljedovanje Krista sa sobom donosi svjetlo koje obasjava ljudski \u017eivot.","breadcrumb":{"@id":"https:\/\/amdg.ffrz.hr\/?p=3354#breadcrumb"},"inLanguage":"hr","potentialAction":[{"@type":"ReadAction","target":["https:\/\/amdg.ffrz.hr\/?p=3354"]}]},{"@type":"ImageObject","inLanguage":"hr","@id":"https:\/\/amdg.ffrz.hr\/?p=3354#primaryimage","url":"https:\/\/amdg.ffrz.hr\/wp-content\/uploads\/El_Greco_-_Christ_Carrying_the_Cross_-_Google_Art_Project-scaled.jpg","contentUrl":"https:\/\/amdg.ffrz.hr\/wp-content\/uploads\/El_Greco_-_Christ_Carrying_the_Cross_-_Google_Art_Project-scaled.jpg","width":1639,"height":2560},{"@type":"BreadcrumbList","@id":"https:\/\/amdg.ffrz.hr\/?p=3354#breadcrumb","itemListElement":[{"@type":"ListItem","position":1,"name":"Po\u010detna stranica","item":"https:\/\/amdg.ffrz.hr\/"},{"@type":"ListItem","position":2,"name":"Za Kristom (Mk 8,27-35)"}]},{"@type":"WebSite","@id":"https:\/\/amdg.ffrz.hr\/#website","url":"https:\/\/amdg.ffrz.hr\/","name":"Ad maiorem Dei gloriam","description":"doc. dr. sc. Niko Bili\u0107:  nastava, duhovnost i cjelo\u017eivotno u\u010denje","publisher":{"@id":"https:\/\/amdg.ffrz.hr\/#\/schema\/person\/a3d4a18838314f7054f7cdc4f4d45f4a"},"potentialAction":[{"@type":"SearchAction","target":{"@type":"EntryPoint","urlTemplate":"https:\/\/amdg.ffrz.hr\/?s={search_term_string}"},"query-input":{"@type":"PropertyValueSpecification","valueRequired":true,"valueName":"search_term_string"}}],"inLanguage":"hr"},{"@type":["Person","Organization"],"@id":"https:\/\/amdg.ffrz.hr\/#\/schema\/person\/a3d4a18838314f7054f7cdc4f4d45f4a","name":"Niko Bili\u0107 SJ","image":{"@type":"ImageObject","inLanguage":"hr","@id":"https:\/\/amdg.ffrz.hr\/#\/schema\/person\/image\/","url":"https:\/\/secure.gravatar.com\/avatar\/14c6ebb29114394312c36c8ab93231d11917870146d266275d4470c0b6c44b88?s=96&d=blank&r=g","contentUrl":"https:\/\/secure.gravatar.com\/avatar\/14c6ebb29114394312c36c8ab93231d11917870146d266275d4470c0b6c44b88?s=96&d=blank&r=g","caption":"Niko Bili\u0107 SJ"},"logo":{"@id":"https:\/\/amdg.ffrz.hr\/#\/schema\/person\/image\/"},"sameAs":["https:\/\/amdg.ffrz.hr","https:\/\/www.facebook.com\/paterniko","https:\/\/www.youtube.com\/user\/paterniko"]}]}},"_links":{"self":[{"href":"https:\/\/amdg.ffrz.hr\/index.php?rest_route=\/wp\/v2\/posts\/3354","targetHints":{"allow":["GET"]}}],"collection":[{"href":"https:\/\/amdg.ffrz.hr\/index.php?rest_route=\/wp\/v2\/posts"}],"about":[{"href":"https:\/\/amdg.ffrz.hr\/index.php?rest_route=\/wp\/v2\/types\/post"}],"author":[{"embeddable":true,"href":"https:\/\/amdg.ffrz.hr\/index.php?rest_route=\/wp\/v2\/users\/1"}],"replies":[{"embeddable":true,"href":"https:\/\/amdg.ffrz.hr\/index.php?rest_route=%2Fwp%2Fv2%2Fcomments&post=3354"}],"version-history":[{"count":5,"href":"https:\/\/amdg.ffrz.hr\/index.php?rest_route=\/wp\/v2\/posts\/3354\/revisions"}],"predecessor-version":[{"id":4043,"href":"https:\/\/amdg.ffrz.hr\/index.php?rest_route=\/wp\/v2\/posts\/3354\/revisions\/4043"}],"wp:attachment":[{"href":"https:\/\/amdg.ffrz.hr\/index.php?rest_route=%2Fwp%2Fv2%2Fmedia&parent=3354"}],"wp:term":[{"taxonomy":"category","embeddable":true,"href":"https:\/\/amdg.ffrz.hr\/index.php?rest_route=%2Fwp%2Fv2%2Fcategories&post=3354"},{"taxonomy":"post_tag","embeddable":true,"href":"https:\/\/amdg.ffrz.hr\/index.php?rest_route=%2Fwp%2Fv2%2Ftags&post=3354"}],"curies":[{"name":"wp","href":"https:\/\/api.w.org\/{rel}","templated":true}]}}