{"id":3358,"date":"2020-09-03T09:05:00","date_gmt":"2020-09-03T07:05:00","guid":{"rendered":"https:\/\/amdg.ffrz.hr\/?p=3358"},"modified":"2020-09-03T09:05:02","modified_gmt":"2020-09-03T07:05:02","slug":"molitva-s-petrom-apostolom","status":"publish","type":"post","link":"https:\/\/amdg.ffrz.hr\/?p=3358","title":{"rendered":"Molitva s Petrom, apostolom"},"content":{"rendered":"\n<div class=\"wp-block-image is-style-rounded\"><figure class=\"aligncenter size-large\"><a href=\"https:\/\/amdg.ffrz.hr\/wp-content\/uploads\/peter_keys.jpg\"><img loading=\"lazy\" decoding=\"async\" width=\"1000\" height=\"687\" src=\"https:\/\/amdg.ffrz.hr\/wp-content\/uploads\/peter_keys.jpg\" alt=\"\" class=\"wp-image-3359\" srcset=\"https:\/\/amdg.ffrz.hr\/wp-content\/uploads\/peter_keys.jpg 1000w, https:\/\/amdg.ffrz.hr\/wp-content\/uploads\/peter_keys-300x206.jpg 300w, https:\/\/amdg.ffrz.hr\/wp-content\/uploads\/peter_keys-768x528.jpg 768w\" sizes=\"auto, (max-width: 1000px) 100vw, 1000px\" \/><\/a><\/figure><\/div>\n\n\n\n<h4 class=\"wp-block-heading\">kod Cezareje Filipove (Mt 16,13-20)<\/h4>\n\n\n\n<p>S Petrom, prvakom, klanjam se tebi, Mesijo, Sine O\u010dev, koji si radi nas postao Sin \u010covje\u010dji. Znanje tko si nije od mene, nego mi ga \u017eivi Bog dariva. To otkrivenje novo je bla\u017eenstvo.<\/p>\n\n\n\n<p>Nisi samo htio \u010duti kako te mi ljudi pogre\u0161no shva\u0107amo \u2013 kao \u017eestoka Pokornika-propovjednika; kao silna Svjedoka Bo\u017eje vlasti koji je vatreno u nebo uza\u0161ao, pa se opet vra\u0107a; kao tanko\u0107utna Proroka koji je i u nevoljama progonstva motrio novi Savez Bo\u017eji&#8230; Samo si jedan me\u0111u brojnim prorocima, misle ljudi. A ti \u017eeli\u0161 provjeriti i koliko mi, u\u010denici, zapa\u017eamo sva ta raznolika mi\u0161ljenja. I daje\u0161 nama da raspoznamo tko si.<\/p>\n\n\n\n<p>Ne tra\u017ei\u0161 da &#8220;pravim reklamu&#8221;, nego \u2013 evo, Gospodine, ti gradi na meni! Koje li milosti za me!<\/p>\n\n\n\n<p>Hvala ti \u0161to si Petru povjerio svoju duhovnu vlast koja vrijedi i na nebu. Zato je tvoja zgrada \u017eivih du\u0161a ja\u010da od protivni\u010dkih dveri Podzemlja.<\/p>\n","protected":false},"excerpt":{"rendered":"<p>kod Cezareje Filipove (Mt 16,13-20) S Petrom, prvakom, klanjam se tebi, Mesijo, Sine O\u010dev, koji si radi nas postao Sin \u010covje\u010dji. Znanje tko si nije od mene, nego mi ga \u017eivi Bog dariva. To otkrivenje novo je bla\u017eenstvo. Nisi samo htio \u010duti kako te mi ljudi pogre\u0161no shva\u0107amo \u2013 kao \u017eestoka Pokornika-propovjednika; kao silna Svjedoka [&hellip;]<\/p>\n","protected":false},"author":1,"featured_media":0,"comment_status":"closed","ping_status":"closed","sticky":false,"template":"","format":"standard","meta":{"footnotes":""},"categories":[5],"tags":[],"class_list":["post-3358","post","type-post","status-publish","format-standard","hentry","category-duhovnost"],"yoast_head":"<!-- This site is optimized with the Yoast SEO plugin v26.0 - https:\/\/yoast.com\/wordpress\/plugins\/seo\/ -->\n<title>Molitva s Petrom, apostolom - Ad maiorem Dei gloriam<\/title>\n<meta name=\"robots\" content=\"index, follow, max-snippet:-1, max-image-preview:large, max-video-preview:-1\" \/>\n<link rel=\"canonical\" href=\"https:\/\/amdg.ffrz.hr\/?p=3358\" \/>\n<meta property=\"og:locale\" content=\"hr_HR\" \/>\n<meta property=\"og:type\" content=\"article\" \/>\n<meta property=\"og:title\" content=\"Molitva s Petrom, apostolom - Ad maiorem Dei gloriam\" \/>\n<meta property=\"og:description\" content=\"kod Cezareje Filipove (Mt 16,13-20) S Petrom, prvakom, klanjam se tebi, Mesijo, Sine O\u010dev, koji si radi nas postao Sin \u010covje\u010dji. Znanje tko si nije od mene, nego mi ga \u017eivi Bog dariva. To otkrivenje novo je bla\u017eenstvo. Nisi samo htio \u010duti kako te mi ljudi pogre\u0161no shva\u0107amo \u2013 kao \u017eestoka Pokornika-propovjednika; kao silna Svjedoka [&hellip;]\" \/>\n<meta property=\"og:url\" content=\"https:\/\/amdg.ffrz.hr\/?p=3358\" \/>\n<meta property=\"og:site_name\" content=\"Ad maiorem Dei gloriam\" \/>\n<meta property=\"article:publisher\" content=\"https:\/\/www.facebook.com\/paterniko\" \/>\n<meta property=\"article:author\" content=\"https:\/\/www.facebook.com\/paterniko\" \/>\n<meta property=\"article:published_time\" content=\"2020-09-03T07:05:00+00:00\" \/>\n<meta property=\"article:modified_time\" content=\"2020-09-03T07:05:02+00:00\" \/>\n<meta property=\"og:image\" content=\"https:\/\/amdg.ffrz.hr\/wp-content\/uploads\/peter_keys.jpg\" \/>\n<meta name=\"author\" content=\"Niko Bili\u0107 SJ\" \/>\n<meta name=\"twitter:card\" content=\"summary_large_image\" \/>\n<meta name=\"twitter:label1\" content=\"Napisao\/la\" \/>\n\t<meta name=\"twitter:data1\" content=\"Niko Bili\u0107 SJ\" \/>\n\t<meta name=\"twitter:label2\" content=\"Procijenjeno vrijeme \u010ditanja\" \/>\n\t<meta name=\"twitter:data2\" content=\"1 minuta\" \/>\n<script type=\"application\/ld+json\" class=\"yoast-schema-graph\">{\"@context\":\"https:\/\/schema.org\",\"@graph\":[{\"@type\":\"Article\",\"@id\":\"https:\/\/amdg.ffrz.hr\/?p=3358#article\",\"isPartOf\":{\"@id\":\"https:\/\/amdg.ffrz.hr\/?p=3358\"},\"author\":{\"name\":\"Niko Bili\u0107 SJ\",\"@id\":\"https:\/\/amdg.ffrz.hr\/#\/schema\/person\/a3d4a18838314f7054f7cdc4f4d45f4a\"},\"headline\":\"Molitva s Petrom, apostolom\",\"datePublished\":\"2020-09-03T07:05:00+00:00\",\"dateModified\":\"2020-09-03T07:05:02+00:00\",\"mainEntityOfPage\":{\"@id\":\"https:\/\/amdg.ffrz.hr\/?p=3358\"},\"wordCount\":171,\"publisher\":{\"@id\":\"https:\/\/amdg.ffrz.hr\/#\/schema\/person\/a3d4a18838314f7054f7cdc4f4d45f4a\"},\"image\":{\"@id\":\"https:\/\/amdg.ffrz.hr\/?p=3358#primaryimage\"},\"thumbnailUrl\":\"https:\/\/amdg.ffrz.hr\/wp-content\/uploads\/peter_keys.jpg\",\"articleSection\":[\"Duhovnost\"],\"inLanguage\":\"hr\"},{\"@type\":\"WebPage\",\"@id\":\"https:\/\/amdg.ffrz.hr\/?p=3358\",\"url\":\"https:\/\/amdg.ffrz.hr\/?p=3358\",\"name\":\"Molitva s Petrom, apostolom - Ad maiorem Dei gloriam\",\"isPartOf\":{\"@id\":\"https:\/\/amdg.ffrz.hr\/#website\"},\"primaryImageOfPage\":{\"@id\":\"https:\/\/amdg.ffrz.hr\/?p=3358#primaryimage\"},\"image\":{\"@id\":\"https:\/\/amdg.ffrz.hr\/?p=3358#primaryimage\"},\"thumbnailUrl\":\"https:\/\/amdg.ffrz.hr\/wp-content\/uploads\/peter_keys.jpg\",\"datePublished\":\"2020-09-03T07:05:00+00:00\",\"dateModified\":\"2020-09-03T07:05:02+00:00\",\"breadcrumb\":{\"@id\":\"https:\/\/amdg.ffrz.hr\/?p=3358#breadcrumb\"},\"inLanguage\":\"hr\",\"potentialAction\":[{\"@type\":\"ReadAction\",\"target\":[\"https:\/\/amdg.ffrz.hr\/?p=3358\"]}]},{\"@type\":\"ImageObject\",\"inLanguage\":\"hr\",\"@id\":\"https:\/\/amdg.ffrz.hr\/?p=3358#primaryimage\",\"url\":\"https:\/\/amdg.ffrz.hr\/wp-content\/uploads\/peter_keys.jpg\",\"contentUrl\":\"https:\/\/amdg.ffrz.hr\/wp-content\/uploads\/peter_keys.jpg\",\"width\":1000,\"height\":687},{\"@type\":\"BreadcrumbList\",\"@id\":\"https:\/\/amdg.ffrz.hr\/?p=3358#breadcrumb\",\"itemListElement\":[{\"@type\":\"ListItem\",\"position\":1,\"name\":\"Po\u010detna stranica\",\"item\":\"https:\/\/amdg.ffrz.hr\/\"},{\"@type\":\"ListItem\",\"position\":2,\"name\":\"Molitva s Petrom, apostolom\"}]},{\"@type\":\"WebSite\",\"@id\":\"https:\/\/amdg.ffrz.hr\/#website\",\"url\":\"https:\/\/amdg.ffrz.hr\/\",\"name\":\"Ad maiorem Dei gloriam\",\"description\":\"doc. dr. sc. Niko Bili\u0107:  nastava, duhovnost i cjelo\u017eivotno u\u010denje\",\"publisher\":{\"@id\":\"https:\/\/amdg.ffrz.hr\/#\/schema\/person\/a3d4a18838314f7054f7cdc4f4d45f4a\"},\"potentialAction\":[{\"@type\":\"SearchAction\",\"target\":{\"@type\":\"EntryPoint\",\"urlTemplate\":\"https:\/\/amdg.ffrz.hr\/?s={search_term_string}\"},\"query-input\":{\"@type\":\"PropertyValueSpecification\",\"valueRequired\":true,\"valueName\":\"search_term_string\"}}],\"inLanguage\":\"hr\"},{\"@type\":[\"Person\",\"Organization\"],\"@id\":\"https:\/\/amdg.ffrz.hr\/#\/schema\/person\/a3d4a18838314f7054f7cdc4f4d45f4a\",\"name\":\"Niko Bili\u0107 SJ\",\"image\":{\"@type\":\"ImageObject\",\"inLanguage\":\"hr\",\"@id\":\"https:\/\/amdg.ffrz.hr\/#\/schema\/person\/image\/\",\"url\":\"https:\/\/secure.gravatar.com\/avatar\/14c6ebb29114394312c36c8ab93231d11917870146d266275d4470c0b6c44b88?s=96&d=blank&r=g\",\"contentUrl\":\"https:\/\/secure.gravatar.com\/avatar\/14c6ebb29114394312c36c8ab93231d11917870146d266275d4470c0b6c44b88?s=96&d=blank&r=g\",\"caption\":\"Niko Bili\u0107 SJ\"},\"logo\":{\"@id\":\"https:\/\/amdg.ffrz.hr\/#\/schema\/person\/image\/\"},\"sameAs\":[\"https:\/\/amdg.ffrz.hr\",\"https:\/\/www.facebook.com\/paterniko\",\"https:\/\/www.youtube.com\/user\/paterniko\"]}]}<\/script>\n<!-- \/ Yoast SEO plugin. -->","yoast_head_json":{"title":"Molitva s Petrom, apostolom - Ad maiorem Dei gloriam","robots":{"index":"index","follow":"follow","max-snippet":"max-snippet:-1","max-image-preview":"max-image-preview:large","max-video-preview":"max-video-preview:-1"},"canonical":"https:\/\/amdg.ffrz.hr\/?p=3358","og_locale":"hr_HR","og_type":"article","og_title":"Molitva s Petrom, apostolom - Ad maiorem Dei gloriam","og_description":"kod Cezareje Filipove (Mt 16,13-20) S Petrom, prvakom, klanjam se tebi, Mesijo, Sine O\u010dev, koji si radi nas postao Sin \u010covje\u010dji. Znanje tko si nije od mene, nego mi ga \u017eivi Bog dariva. To otkrivenje novo je bla\u017eenstvo. Nisi samo htio \u010duti kako te mi ljudi pogre\u0161no shva\u0107amo \u2013 kao \u017eestoka Pokornika-propovjednika; kao silna Svjedoka [&hellip;]","og_url":"https:\/\/amdg.ffrz.hr\/?p=3358","og_site_name":"Ad maiorem Dei gloriam","article_publisher":"https:\/\/www.facebook.com\/paterniko","article_author":"https:\/\/www.facebook.com\/paterniko","article_published_time":"2020-09-03T07:05:00+00:00","article_modified_time":"2020-09-03T07:05:02+00:00","og_image":[{"url":"https:\/\/amdg.ffrz.hr\/wp-content\/uploads\/peter_keys.jpg","type":"","width":"","height":""}],"author":"Niko Bili\u0107 SJ","twitter_card":"summary_large_image","twitter_misc":{"Napisao\/la":"Niko Bili\u0107 SJ","Procijenjeno vrijeme \u010ditanja":"1 minuta"},"schema":{"@context":"https:\/\/schema.org","@graph":[{"@type":"Article","@id":"https:\/\/amdg.ffrz.hr\/?p=3358#article","isPartOf":{"@id":"https:\/\/amdg.ffrz.hr\/?p=3358"},"author":{"name":"Niko Bili\u0107 SJ","@id":"https:\/\/amdg.ffrz.hr\/#\/schema\/person\/a3d4a18838314f7054f7cdc4f4d45f4a"},"headline":"Molitva s Petrom, apostolom","datePublished":"2020-09-03T07:05:00+00:00","dateModified":"2020-09-03T07:05:02+00:00","mainEntityOfPage":{"@id":"https:\/\/amdg.ffrz.hr\/?p=3358"},"wordCount":171,"publisher":{"@id":"https:\/\/amdg.ffrz.hr\/#\/schema\/person\/a3d4a18838314f7054f7cdc4f4d45f4a"},"image":{"@id":"https:\/\/amdg.ffrz.hr\/?p=3358#primaryimage"},"thumbnailUrl":"https:\/\/amdg.ffrz.hr\/wp-content\/uploads\/peter_keys.jpg","articleSection":["Duhovnost"],"inLanguage":"hr"},{"@type":"WebPage","@id":"https:\/\/amdg.ffrz.hr\/?p=3358","url":"https:\/\/amdg.ffrz.hr\/?p=3358","name":"Molitva s Petrom, apostolom - Ad maiorem Dei gloriam","isPartOf":{"@id":"https:\/\/amdg.ffrz.hr\/#website"},"primaryImageOfPage":{"@id":"https:\/\/amdg.ffrz.hr\/?p=3358#primaryimage"},"image":{"@id":"https:\/\/amdg.ffrz.hr\/?p=3358#primaryimage"},"thumbnailUrl":"https:\/\/amdg.ffrz.hr\/wp-content\/uploads\/peter_keys.jpg","datePublished":"2020-09-03T07:05:00+00:00","dateModified":"2020-09-03T07:05:02+00:00","breadcrumb":{"@id":"https:\/\/amdg.ffrz.hr\/?p=3358#breadcrumb"},"inLanguage":"hr","potentialAction":[{"@type":"ReadAction","target":["https:\/\/amdg.ffrz.hr\/?p=3358"]}]},{"@type":"ImageObject","inLanguage":"hr","@id":"https:\/\/amdg.ffrz.hr\/?p=3358#primaryimage","url":"https:\/\/amdg.ffrz.hr\/wp-content\/uploads\/peter_keys.jpg","contentUrl":"https:\/\/amdg.ffrz.hr\/wp-content\/uploads\/peter_keys.jpg","width":1000,"height":687},{"@type":"BreadcrumbList","@id":"https:\/\/amdg.ffrz.hr\/?p=3358#breadcrumb","itemListElement":[{"@type":"ListItem","position":1,"name":"Po\u010detna stranica","item":"https:\/\/amdg.ffrz.hr\/"},{"@type":"ListItem","position":2,"name":"Molitva s Petrom, apostolom"}]},{"@type":"WebSite","@id":"https:\/\/amdg.ffrz.hr\/#website","url":"https:\/\/amdg.ffrz.hr\/","name":"Ad maiorem Dei gloriam","description":"doc. dr. sc. Niko Bili\u0107:  nastava, duhovnost i cjelo\u017eivotno u\u010denje","publisher":{"@id":"https:\/\/amdg.ffrz.hr\/#\/schema\/person\/a3d4a18838314f7054f7cdc4f4d45f4a"},"potentialAction":[{"@type":"SearchAction","target":{"@type":"EntryPoint","urlTemplate":"https:\/\/amdg.ffrz.hr\/?s={search_term_string}"},"query-input":{"@type":"PropertyValueSpecification","valueRequired":true,"valueName":"search_term_string"}}],"inLanguage":"hr"},{"@type":["Person","Organization"],"@id":"https:\/\/amdg.ffrz.hr\/#\/schema\/person\/a3d4a18838314f7054f7cdc4f4d45f4a","name":"Niko Bili\u0107 SJ","image":{"@type":"ImageObject","inLanguage":"hr","@id":"https:\/\/amdg.ffrz.hr\/#\/schema\/person\/image\/","url":"https:\/\/secure.gravatar.com\/avatar\/14c6ebb29114394312c36c8ab93231d11917870146d266275d4470c0b6c44b88?s=96&d=blank&r=g","contentUrl":"https:\/\/secure.gravatar.com\/avatar\/14c6ebb29114394312c36c8ab93231d11917870146d266275d4470c0b6c44b88?s=96&d=blank&r=g","caption":"Niko Bili\u0107 SJ"},"logo":{"@id":"https:\/\/amdg.ffrz.hr\/#\/schema\/person\/image\/"},"sameAs":["https:\/\/amdg.ffrz.hr","https:\/\/www.facebook.com\/paterniko","https:\/\/www.youtube.com\/user\/paterniko"]}]}},"_links":{"self":[{"href":"https:\/\/amdg.ffrz.hr\/index.php?rest_route=\/wp\/v2\/posts\/3358","targetHints":{"allow":["GET"]}}],"collection":[{"href":"https:\/\/amdg.ffrz.hr\/index.php?rest_route=\/wp\/v2\/posts"}],"about":[{"href":"https:\/\/amdg.ffrz.hr\/index.php?rest_route=\/wp\/v2\/types\/post"}],"author":[{"embeddable":true,"href":"https:\/\/amdg.ffrz.hr\/index.php?rest_route=\/wp\/v2\/users\/1"}],"replies":[{"embeddable":true,"href":"https:\/\/amdg.ffrz.hr\/index.php?rest_route=%2Fwp%2Fv2%2Fcomments&post=3358"}],"version-history":[{"count":1,"href":"https:\/\/amdg.ffrz.hr\/index.php?rest_route=\/wp\/v2\/posts\/3358\/revisions"}],"predecessor-version":[{"id":3360,"href":"https:\/\/amdg.ffrz.hr\/index.php?rest_route=\/wp\/v2\/posts\/3358\/revisions\/3360"}],"wp:attachment":[{"href":"https:\/\/amdg.ffrz.hr\/index.php?rest_route=%2Fwp%2Fv2%2Fmedia&parent=3358"}],"wp:term":[{"taxonomy":"category","embeddable":true,"href":"https:\/\/amdg.ffrz.hr\/index.php?rest_route=%2Fwp%2Fv2%2Fcategories&post=3358"},{"taxonomy":"post_tag","embeddable":true,"href":"https:\/\/amdg.ffrz.hr\/index.php?rest_route=%2Fwp%2Fv2%2Ftags&post=3358"}],"curies":[{"name":"wp","href":"https:\/\/api.w.org\/{rel}","templated":true}]}}