{"id":3481,"date":"2020-09-22T10:24:34","date_gmt":"2020-09-22T08:24:34","guid":{"rendered":"https:\/\/amdg.ffrz.hr\/?p=3481"},"modified":"2022-09-05T07:48:01","modified_gmt":"2022-09-05T05:48:01","slug":"osusena-desnica-lk-66-11","status":"publish","type":"post","link":"https:\/\/amdg.ffrz.hr\/?p=3481","title":{"rendered":"Osu\u0161ena desnica (Lk 6,6-11)"},"content":{"rendered":"<div class=\"wp-block-image\">\n<figure class=\"aligncenter size-large\"><a href=\"https:\/\/amdg.ffrz.hr\/wp-content\/uploads\/osusenadesnica.jpg\"><img loading=\"lazy\" decoding=\"async\" width=\"795\" height=\"1024\" src=\"https:\/\/amdg.ffrz.hr\/wp-content\/uploads\/osusenadesnica-795x1024.jpg\" alt=\"\" class=\"wp-image-3482\" srcset=\"https:\/\/amdg.ffrz.hr\/wp-content\/uploads\/osusenadesnica-795x1024.jpg 795w, https:\/\/amdg.ffrz.hr\/wp-content\/uploads\/osusenadesnica-233x300.jpg 233w, https:\/\/amdg.ffrz.hr\/wp-content\/uploads\/osusenadesnica-768x989.jpg 768w, https:\/\/amdg.ffrz.hr\/wp-content\/uploads\/osusenadesnica.jpg 1075w\" sizes=\"auto, (max-width: 795px) 100vw, 795px\" \/><\/a><figcaption>Robert T. Barret, Krist lije\u010di \u010dovjeka usahle ruke<\/figcaption><\/figure>\n<\/div>\n\n\n<p>Ako smo slomili ruku, i to onu s kojom se svaki \u010das slu\u017eimo, i ako smo imali gips, vrlo \u0107emo \u017eivo razumjeti kakve je muke mogao pro\u017eivljavati \u010dovjek iz Evan\u0111elja &#8220;kome desnica bija\u0161e usahla&#8221; (Lk 6,6). Jo\u0161 nas vi\u0161e me\u0111utim poga\u0111a ono <em>bezumlje<\/em> (Lk 6,11) kojemu je Isus bio izlo\u017een na kraju evan\u0111eoskoga odlomka.<\/p>\n\n\n\n<h3 class=\"wp-block-heading\">Terapija za bolesnoga i za tu\u017eitelje<\/h3>\n\n\n\n<p>\u0160to se zbilo? Na svetom mjestu \u2013 u Sinagogi, u kojoj se Bo\u017eji narod okuplja u zajednicu, u kojoj se slu\u0161a Bo\u017eja rije\u010d i uzdi\u017eu molitve Bogu; u sveti Dan Gospodnji, Rabbi Isus uo\u010dava \u010dovjeka s bolnim hendikepom. A vrsni profesionalni poznavatelji slova Zakona i gorljivi obdr\u017eavatelji s farizejskim srcem daju se na <em>vrebanje<\/em> (Lk 6,7). Ho\u0107e li Isus pru\u017eiti pomo\u0107, ho\u0107e li biti na usluzi \u010dovjeku u njegovoj nevolji? Ho\u0107e li mu \u2013 kako evan\u0111eoski jezik sugerira \u2013 dati odgovaraju\u0107u djelotvornu terapiju (\u03b8\u03b5\u03c1\u03b1\u03c0\u03b5\u03cd\u03c9 Lk 6,7)?<\/p>\n\n\n\n<p>Oni koji po zvanju trebaju biti \u010duvari Bo\u017eje ljubavi prepu\u0161taju se duhu <em>optu\u017eivanja <\/em>(\u03ba\u03b1\u03c4\u03b5\u03b3\u03bf\u03c1\u03ad\u03c9 Lk 6,7) . Bo\u017eansku pouku za \u017eivot izopa\u010duju u sredstvo za zasjedu i napad. Religiju zlorabe za svoje spletke i nadmetanja. Vjera im slu\u017ei za agresiju na \u010dovjeka. O \u010demu je rije\u010d jo\u0161 bolje razumijemo pro\u010ditamo li proglas Isusov, neposredno prije ovoga opisa, koji isti\u010de da je Dan Gospodnji tu radi \u010dovjeka, a ne obratno. I da Sin \u010covje\u010dji ima vlast nad tim svetim Danom po\u010dinka (Lk 6,5).<\/p>\n\n\n\n<p>Srce Kristovo vidi i zna. Isus se okre\u0107e i djeluje u oba smjera: i prema \u010dovjeku usahle desnice (Lk 6,8), i prema svojim istra\u017eiteljima (6,9). Njemu naredba, njima pitanje.<\/p>\n\n\n\n<h3 class=\"wp-block-heading\">Neobi\u010dna biblijska logika<\/h3>\n\n\n\n<p>Mi, kad imamo neki hendikep i ne\u0161to \u0161to nas mu\u010di, po naravi postupamo druga\u010dije. Zaklanjamo, pristojno prikrivamo, ne isti\u010demo. Podnosimo svoju bol. Za\u0161to bi to odmah drugi trebali znati? Kako li \u0107e bli\u017enji gledati na \u010dovjeka iz Evan\u0111elja \u2013 mo\u017eda kao na prokletnika, prema kletvi iz Psalma: &#8220;Nek mi se desnica osu\u0161i!&#8221; (Ps 137,5)?<\/p>\n\n\n\n<p>A Rije\u010d Bo\u017eja ve\u0107 kod Abrahama u isti \u010das, \u010dim ga predstavlja sa Sarom, odmah nagla\u0161ava da nemaju djece (Post 11,30). An\u0111eo, kad pristupa budu\u0107oj Samsonovoj majci, takore\u0107i bezobzirno, odmah, namjesto pozdrava, isti\u010de: &#8220;Ti si nerotkinja!&#8221; (Suci 13,3). U Bo\u017ejoj povijesti kao da upravo nedostatak stoji u sredi\u0161tu duhovnosti i plana spasenja. Je li tako i s ovim \u010dovjekom od kojega Isus tra\u017ei da pred svima okupljenima ustane i stane u sredinu (Lk 6,8)? On slu\u0161a i sura\u0111uje. Tako \u0107e biti i s drugom zapovijedi (Lk 6,10).<\/p>\n\n\n\n<h3 class=\"wp-block-heading\">Bez odgovora<\/h3>\n\n\n\n<p>A na bitno pitanje koje poga\u0111a u sr\u017e: dobrotvor ili zlotvor, spas du\u0161e ili propast (Lk 6,9) \u2013 nema odgovora. Nema dijaloga. Markovo evan\u0111elje ba\u0161 \u0107e istaknuti kako su se zatvorili u nesvetu, paklensku &#8220;\u0161utnju&#8221; (Mk 3,4) \u0161to u Isusovu srcu izaziva i \u017ealost i ljutnju (3,5). Sami su sebe hendikepirali. Globalizacija ravnodu\u0161nosti! \u2013 upozorava na\u0161 Papa Franjo i danas u 21. stolje\u0107u. Oni \u0107e se napokon &#8220;ispuniti bezumljem&#8221; (Lk 6,11) u sveti Dan. Zaglavit \u0107e u svom zatvorenom krugu raspravljanja o tome \u2013 recimo kolokvijalno \u2013 <em>kako da Isusa srede<\/em>.<\/p>\n\n\n\n<h3 class=\"wp-block-heading\">Mo\u0107 za djelovanje<\/h3>\n\n\n\n<p><em>Ruka<\/em> u jeziku Svetog pisma ozna\u010dava vlast i mo\u0107 za djelovanje. Nazna\u010duje sposobnost za poduzimanje. To iz iskustva odmah razumijemo. U hrvatskom jeziku vrlo je sli\u010dno kad isti\u010demo primjerice <em>u \u010dijim je rukama<\/em> neki va\u017ean projekt, ili kada ustvr\u0111ujemo da nam je ne\u0161to po\u0161lo ili nije po\u0161lo <em>za rukom.<\/em> U biblijskoj je povijesti polazi\u0161te i sredi\u0161te <em>Bo\u017eja jaka ruka<\/em>, sna\u017ena, uzvi\u0161ena desnica kojom je <em>izveo svoj narod<\/em> u slobodu (usp. Izl 13,9). Bit \u0107e posve uobi\u010dajeno \u010ditati u o\u010ditom prenesenom zna\u010denju kako Bog svoju rije\u010d objavljuje &#8220;po rukama&#8221; proroka (usp. 2 Kr 17,13).<\/p>\n\n\n\n<p>Na toj pozadini odmah nam je jasno kako <em>osu\u0161ena desnica<\/em> ozna\u010dava \u0161iru sliku. \u010covjek je zgr\u010den, zako\u010den, sputan, oduzet. Obuzela ga je nemo\u0107. \u010cudo koje se zbiva, dar koji dobiva ovaj \u010dovjek u Sinagogi, kada dvaput poslu\u0161ano izvr\u0161ava Kristovu zapovijed i sura\u0111uje s milo\u0161\u0107u, ima teolo\u0161ku dubinu koju potvr\u0111uje evan\u0111eoski opis samoga ozdravljenja: &#8220;ruka mu <em>zdrava<\/em>&#8221; (\u1f00\u03c0\u03bf\u03ba\u03b1\u03c4\u03b9\u03c3\u03b8\u03ac\u03bd\u03c9 Lk 6,10). Ista je to rije\u010d koju primjerice u\u010denici rabe kad pitanju uskrsloga Gospodina ho\u0107e li sada <em>uspostaviti<\/em> kraljevstvo Izraelovo (Dj 1,6). Teologija \u0107e uzeti upravo tu rije\u010d za opis one bla\u017eene sveukupne obnove svega stvorenja u Kristu kojoj se nadamo (\u1f00\u03c0\u03bf\u03ba\u03b1\u03c4\u03ac\u03c3\u03c4\u03b1\u03c3\u03b9\u03c2). Na rije\u010d Kristovu \u010dovjeku je ponovno iz temelja uspostavljena, obnovljena njegova mo\u0107 da djeluje.<\/p>\n\n\n\n<p>Jo\u0161 nam je va\u017enije i dra\u017ee da je prema trpnom glagolskom obliku (\u1f00\u03c0\u03b5\u03ba\u03b1\u03c4\u03b5\u03c3\u03c4\u03ac\u03b8\u03b7) u evan\u0111eoskom jeziku sam Otac nebeski kao subjekt na djelu. \u010covjek, izvr\u0161avaju\u0107i Kristov nalog, blagoslovljeni je objekt O\u010deva zahvata. Kad sura\u0111uje\u0161 s Kristom, Bog sam \u010dudesno i spasonosno djeluje u tebi! Rezultat silan! Evan\u0111elje jasno isti\u010de: \u010dovjek sam mo\u017ee ispru\u017eiti ruku (&#8220;on u\u010dini&#8221; Lk 6,10). Dana mu je njegova samostalnost.<\/p>\n\n\n\n<h3 class=\"wp-block-heading\">Otajstvena Kristova metoda<\/h3>\n\n\n\n<p>Kakva je to Isusova metoda da njegova su\u0107utna duhovna sila tako duboko prodire? Kod raspe\u0107a, na kri\u017eu postat \u0107e bjelodano. On ne vreba podmuklo iz potaje ni ne optu\u017euje. Ne zlorabi Bo\u017eji Zakon, ne okrivljuje, ne osu\u0111uje ni ne izvrgava ruglu. On dopu\u0161ta da njegova bo\u017eanski dobra i bo\u017eanski sna\u017ena ruka bude \u2013 ne tek pone\u0161to zgr\u010dena i povrije\u0111ena, \u2013 nego do kraja izmrcvarena, satrvena, posve oduzeta. Ne od bolesti ili naravne slabo\u0107e, nego od krvni\u010dkoga \u010davla koji ju je bijesno, uz preo\u0161tru bol prikovao uz kri\u017e. Usahla je, krv je istekla.<\/p>\n\n\n\n<p>Misterij Kristova kri\u017ea zna\u010di da je i on, \u0161to se ljudske naravi ti\u010de, prihvatio tu potpunu nemo\u0107 za djelovanje, nasilno obustavljanje pouke, navje\u0161taja i \u010dudesa, premda bija\u0161e u punoj snazi. To je tajna Kraljevstva Bo\u017ejega.<\/p>\n\n\n\n<pre class=\"wp-block-preformatted\">2. izd. 22. 9. 2020.<\/pre>\n\n\n\n<figure class=\"wp-block-embed is-type-video is-provider-youtube wp-block-embed-youtube wp-embed-aspect-16-9 wp-has-aspect-ratio\"><div class=\"wp-block-embed__wrapper\">\n<iframe loading=\"lazy\" title=\"Osu\u0161ena desnica (Lk 6,6-11)\" width=\"580\" height=\"326\" src=\"https:\/\/www.youtube.com\/embed\/8vM0XPx0oMY?feature=oembed\" frameborder=\"0\" allow=\"accelerometer; autoplay; clipboard-write; encrypted-media; gyroscope; picture-in-picture; web-share\" referrerpolicy=\"strict-origin-when-cross-origin\" allowfullscreen><\/iframe>\n<\/div><\/figure>\n\n\n\n<p><a href=\"https:\/\/www.instagram.com\/tv\/CTe5KHXnO6r\/\">https:\/\/www.instagram.com\/tv\/CTe5KHXnO6r\/<\/a><\/p>\n\n\n\n<p><a href=\"https:\/\/www.facebook.com\/100000541337265\/videos\/891188768272210\/\">https:\/\/www.facebook.com\/100000541337265\/videos\/891188768272210\/<\/a><\/p>\n\n\n\n<p class=\"has-text-align-right\">Niko Bili\u0107, SJ<\/p>\n\n\n\n<p><a href=\"https:\/\/amdg.eu\/2014\/08\/molitva-s-covjekom-usahle-ruke\/\" target=\"_blank\" rel=\"noreferrer noopener\">Molitva s \u010dovjekom usahle ruke<\/a><\/p>\n\n\n\n<p><a href=\"https:\/\/amdg.ffrz.hr\/?p=3846\">Usahla ruka i okorjelo srce (Mk 3,1-16)<\/a><\/p>\n\n\n\n<p><a href=\"https:\/\/youtu.be\/vxKZVy74aFY\" target=\"_blank\" rel=\"noreferrer noopener\">Video: \u010covjek usahle ruke<\/a><\/p>\n","protected":false},"excerpt":{"rendered":"<p>Ako smo slomili ruku, i to onu s kojom se svaki \u010das slu\u017eimo, i ako smo imali gips, vrlo \u0107emo \u017eivo razumjeti kakve je muke mogao pro\u017eivljavati \u010dovjek iz Evan\u0111elja &#8220;kome desnica bija\u0161e usahla&#8221; (Lk 6,6). Jo\u0161 nas vi\u0161e me\u0111utim poga\u0111a ono bezumlje (Lk 6,11) kojemu je Isus bio izlo\u017een na kraju evan\u0111eoskoga odlomka. Terapija [&hellip;]<\/p>\n","protected":false},"author":1,"featured_media":0,"comment_status":"closed","ping_status":"closed","sticky":false,"template":"","format":"standard","meta":{"footnotes":""},"categories":[5],"tags":[],"class_list":["post-3481","post","type-post","status-publish","format-standard","hentry","category-duhovnost"],"yoast_head":"<!-- This site is optimized with the Yoast SEO plugin v26.0 - https:\/\/yoast.com\/wordpress\/plugins\/seo\/ -->\n<title>Osu\u0161ena desnica (Lk 6,6-11) - Ad maiorem Dei gloriam<\/title>\n<meta name=\"description\" content=\"\u010covjek, izvr\u0161avaju\u0107i Kristov nalog, blagoslovljeni je objekt O\u010deva zahvata. Kad sura\u0111uje\u0161 s Kristom, Bog sam spasonosno djeluje u tebi!\" \/>\n<meta name=\"robots\" content=\"index, follow, max-snippet:-1, max-image-preview:large, max-video-preview:-1\" \/>\n<link rel=\"canonical\" href=\"https:\/\/amdg.ffrz.hr\/?p=3481\" \/>\n<meta property=\"og:locale\" content=\"hr_HR\" \/>\n<meta property=\"og:type\" content=\"article\" \/>\n<meta property=\"og:title\" content=\"Osu\u0161ena desnica (Lk 6,6-11) - Ad maiorem Dei gloriam\" \/>\n<meta property=\"og:description\" content=\"\u010covjek, izvr\u0161avaju\u0107i Kristov nalog, blagoslovljeni je objekt O\u010deva zahvata. Kad sura\u0111uje\u0161 s Kristom, Bog sam spasonosno djeluje u tebi!\" \/>\n<meta property=\"og:url\" content=\"https:\/\/amdg.ffrz.hr\/?p=3481\" \/>\n<meta property=\"og:site_name\" content=\"Ad maiorem Dei gloriam\" \/>\n<meta property=\"article:publisher\" content=\"https:\/\/www.facebook.com\/paterniko\" \/>\n<meta property=\"article:author\" content=\"https:\/\/www.facebook.com\/paterniko\" \/>\n<meta property=\"article:published_time\" content=\"2020-09-22T08:24:34+00:00\" \/>\n<meta property=\"article:modified_time\" content=\"2022-09-05T05:48:01+00:00\" \/>\n<meta property=\"og:image\" content=\"https:\/\/amdg.ffrz.hr\/wp-content\/uploads\/osusenadesnica-795x1024.jpg\" \/>\n<meta name=\"author\" content=\"Niko Bili\u0107 SJ\" \/>\n<meta name=\"twitter:card\" content=\"summary_large_image\" \/>\n<meta name=\"twitter:label1\" content=\"Napisao\/la\" \/>\n\t<meta name=\"twitter:data1\" content=\"Niko Bili\u0107 SJ\" \/>\n\t<meta name=\"twitter:label2\" content=\"Procijenjeno vrijeme \u010ditanja\" \/>\n\t<meta name=\"twitter:data2\" content=\"6 minuta\" \/>\n<script type=\"application\/ld+json\" class=\"yoast-schema-graph\">{\"@context\":\"https:\/\/schema.org\",\"@graph\":[{\"@type\":\"Article\",\"@id\":\"https:\/\/amdg.ffrz.hr\/?p=3481#article\",\"isPartOf\":{\"@id\":\"https:\/\/amdg.ffrz.hr\/?p=3481\"},\"author\":{\"name\":\"Niko Bili\u0107 SJ\",\"@id\":\"https:\/\/amdg.ffrz.hr\/#\/schema\/person\/a3d4a18838314f7054f7cdc4f4d45f4a\"},\"headline\":\"Osu\u0161ena desnica (Lk 6,6-11)\",\"datePublished\":\"2020-09-22T08:24:34+00:00\",\"dateModified\":\"2022-09-05T05:48:01+00:00\",\"mainEntityOfPage\":{\"@id\":\"https:\/\/amdg.ffrz.hr\/?p=3481\"},\"wordCount\":1033,\"publisher\":{\"@id\":\"https:\/\/amdg.ffrz.hr\/#\/schema\/person\/a3d4a18838314f7054f7cdc4f4d45f4a\"},\"image\":{\"@id\":\"https:\/\/amdg.ffrz.hr\/?p=3481#primaryimage\"},\"thumbnailUrl\":\"https:\/\/amdg.ffrz.hr\/wp-content\/uploads\/osusenadesnica-795x1024.jpg\",\"articleSection\":[\"Duhovnost\"],\"inLanguage\":\"hr\"},{\"@type\":\"WebPage\",\"@id\":\"https:\/\/amdg.ffrz.hr\/?p=3481\",\"url\":\"https:\/\/amdg.ffrz.hr\/?p=3481\",\"name\":\"Osu\u0161ena desnica (Lk 6,6-11) - Ad maiorem Dei gloriam\",\"isPartOf\":{\"@id\":\"https:\/\/amdg.ffrz.hr\/#website\"},\"primaryImageOfPage\":{\"@id\":\"https:\/\/amdg.ffrz.hr\/?p=3481#primaryimage\"},\"image\":{\"@id\":\"https:\/\/amdg.ffrz.hr\/?p=3481#primaryimage\"},\"thumbnailUrl\":\"https:\/\/amdg.ffrz.hr\/wp-content\/uploads\/osusenadesnica-795x1024.jpg\",\"datePublished\":\"2020-09-22T08:24:34+00:00\",\"dateModified\":\"2022-09-05T05:48:01+00:00\",\"description\":\"\u010covjek, izvr\u0161avaju\u0107i Kristov nalog, blagoslovljeni je objekt O\u010deva zahvata. Kad sura\u0111uje\u0161 s Kristom, Bog sam spasonosno djeluje u tebi!\",\"breadcrumb\":{\"@id\":\"https:\/\/amdg.ffrz.hr\/?p=3481#breadcrumb\"},\"inLanguage\":\"hr\",\"potentialAction\":[{\"@type\":\"ReadAction\",\"target\":[\"https:\/\/amdg.ffrz.hr\/?p=3481\"]}]},{\"@type\":\"ImageObject\",\"inLanguage\":\"hr\",\"@id\":\"https:\/\/amdg.ffrz.hr\/?p=3481#primaryimage\",\"url\":\"https:\/\/amdg.ffrz.hr\/wp-content\/uploads\/osusenadesnica.jpg\",\"contentUrl\":\"https:\/\/amdg.ffrz.hr\/wp-content\/uploads\/osusenadesnica.jpg\",\"width\":1075,\"height\":1385},{\"@type\":\"BreadcrumbList\",\"@id\":\"https:\/\/amdg.ffrz.hr\/?p=3481#breadcrumb\",\"itemListElement\":[{\"@type\":\"ListItem\",\"position\":1,\"name\":\"Po\u010detna stranica\",\"item\":\"https:\/\/amdg.ffrz.hr\/\"},{\"@type\":\"ListItem\",\"position\":2,\"name\":\"Osu\u0161ena desnica (Lk 6,6-11)\"}]},{\"@type\":\"WebSite\",\"@id\":\"https:\/\/amdg.ffrz.hr\/#website\",\"url\":\"https:\/\/amdg.ffrz.hr\/\",\"name\":\"Ad maiorem Dei gloriam\",\"description\":\"doc. dr. sc. Niko Bili\u0107:  nastava, duhovnost i cjelo\u017eivotno u\u010denje\",\"publisher\":{\"@id\":\"https:\/\/amdg.ffrz.hr\/#\/schema\/person\/a3d4a18838314f7054f7cdc4f4d45f4a\"},\"potentialAction\":[{\"@type\":\"SearchAction\",\"target\":{\"@type\":\"EntryPoint\",\"urlTemplate\":\"https:\/\/amdg.ffrz.hr\/?s={search_term_string}\"},\"query-input\":{\"@type\":\"PropertyValueSpecification\",\"valueRequired\":true,\"valueName\":\"search_term_string\"}}],\"inLanguage\":\"hr\"},{\"@type\":[\"Person\",\"Organization\"],\"@id\":\"https:\/\/amdg.ffrz.hr\/#\/schema\/person\/a3d4a18838314f7054f7cdc4f4d45f4a\",\"name\":\"Niko Bili\u0107 SJ\",\"image\":{\"@type\":\"ImageObject\",\"inLanguage\":\"hr\",\"@id\":\"https:\/\/amdg.ffrz.hr\/#\/schema\/person\/image\/\",\"url\":\"https:\/\/secure.gravatar.com\/avatar\/14c6ebb29114394312c36c8ab93231d11917870146d266275d4470c0b6c44b88?s=96&d=blank&r=g\",\"contentUrl\":\"https:\/\/secure.gravatar.com\/avatar\/14c6ebb29114394312c36c8ab93231d11917870146d266275d4470c0b6c44b88?s=96&d=blank&r=g\",\"caption\":\"Niko Bili\u0107 SJ\"},\"logo\":{\"@id\":\"https:\/\/amdg.ffrz.hr\/#\/schema\/person\/image\/\"},\"sameAs\":[\"https:\/\/amdg.ffrz.hr\",\"https:\/\/www.facebook.com\/paterniko\",\"https:\/\/www.youtube.com\/user\/paterniko\"]}]}<\/script>\n<!-- \/ Yoast SEO plugin. -->","yoast_head_json":{"title":"Osu\u0161ena desnica (Lk 6,6-11) - Ad maiorem Dei gloriam","description":"\u010covjek, izvr\u0161avaju\u0107i Kristov nalog, blagoslovljeni je objekt O\u010deva zahvata. Kad sura\u0111uje\u0161 s Kristom, Bog sam spasonosno djeluje u tebi!","robots":{"index":"index","follow":"follow","max-snippet":"max-snippet:-1","max-image-preview":"max-image-preview:large","max-video-preview":"max-video-preview:-1"},"canonical":"https:\/\/amdg.ffrz.hr\/?p=3481","og_locale":"hr_HR","og_type":"article","og_title":"Osu\u0161ena desnica (Lk 6,6-11) - Ad maiorem Dei gloriam","og_description":"\u010covjek, izvr\u0161avaju\u0107i Kristov nalog, blagoslovljeni je objekt O\u010deva zahvata. Kad sura\u0111uje\u0161 s Kristom, Bog sam spasonosno djeluje u tebi!","og_url":"https:\/\/amdg.ffrz.hr\/?p=3481","og_site_name":"Ad maiorem Dei gloriam","article_publisher":"https:\/\/www.facebook.com\/paterniko","article_author":"https:\/\/www.facebook.com\/paterniko","article_published_time":"2020-09-22T08:24:34+00:00","article_modified_time":"2022-09-05T05:48:01+00:00","og_image":[{"url":"https:\/\/amdg.ffrz.hr\/wp-content\/uploads\/osusenadesnica-795x1024.jpg","type":"","width":"","height":""}],"author":"Niko Bili\u0107 SJ","twitter_card":"summary_large_image","twitter_misc":{"Napisao\/la":"Niko Bili\u0107 SJ","Procijenjeno vrijeme \u010ditanja":"6 minuta"},"schema":{"@context":"https:\/\/schema.org","@graph":[{"@type":"Article","@id":"https:\/\/amdg.ffrz.hr\/?p=3481#article","isPartOf":{"@id":"https:\/\/amdg.ffrz.hr\/?p=3481"},"author":{"name":"Niko Bili\u0107 SJ","@id":"https:\/\/amdg.ffrz.hr\/#\/schema\/person\/a3d4a18838314f7054f7cdc4f4d45f4a"},"headline":"Osu\u0161ena desnica (Lk 6,6-11)","datePublished":"2020-09-22T08:24:34+00:00","dateModified":"2022-09-05T05:48:01+00:00","mainEntityOfPage":{"@id":"https:\/\/amdg.ffrz.hr\/?p=3481"},"wordCount":1033,"publisher":{"@id":"https:\/\/amdg.ffrz.hr\/#\/schema\/person\/a3d4a18838314f7054f7cdc4f4d45f4a"},"image":{"@id":"https:\/\/amdg.ffrz.hr\/?p=3481#primaryimage"},"thumbnailUrl":"https:\/\/amdg.ffrz.hr\/wp-content\/uploads\/osusenadesnica-795x1024.jpg","articleSection":["Duhovnost"],"inLanguage":"hr"},{"@type":"WebPage","@id":"https:\/\/amdg.ffrz.hr\/?p=3481","url":"https:\/\/amdg.ffrz.hr\/?p=3481","name":"Osu\u0161ena desnica (Lk 6,6-11) - Ad maiorem Dei gloriam","isPartOf":{"@id":"https:\/\/amdg.ffrz.hr\/#website"},"primaryImageOfPage":{"@id":"https:\/\/amdg.ffrz.hr\/?p=3481#primaryimage"},"image":{"@id":"https:\/\/amdg.ffrz.hr\/?p=3481#primaryimage"},"thumbnailUrl":"https:\/\/amdg.ffrz.hr\/wp-content\/uploads\/osusenadesnica-795x1024.jpg","datePublished":"2020-09-22T08:24:34+00:00","dateModified":"2022-09-05T05:48:01+00:00","description":"\u010covjek, izvr\u0161avaju\u0107i Kristov nalog, blagoslovljeni je objekt O\u010deva zahvata. Kad sura\u0111uje\u0161 s Kristom, Bog sam spasonosno djeluje u tebi!","breadcrumb":{"@id":"https:\/\/amdg.ffrz.hr\/?p=3481#breadcrumb"},"inLanguage":"hr","potentialAction":[{"@type":"ReadAction","target":["https:\/\/amdg.ffrz.hr\/?p=3481"]}]},{"@type":"ImageObject","inLanguage":"hr","@id":"https:\/\/amdg.ffrz.hr\/?p=3481#primaryimage","url":"https:\/\/amdg.ffrz.hr\/wp-content\/uploads\/osusenadesnica.jpg","contentUrl":"https:\/\/amdg.ffrz.hr\/wp-content\/uploads\/osusenadesnica.jpg","width":1075,"height":1385},{"@type":"BreadcrumbList","@id":"https:\/\/amdg.ffrz.hr\/?p=3481#breadcrumb","itemListElement":[{"@type":"ListItem","position":1,"name":"Po\u010detna stranica","item":"https:\/\/amdg.ffrz.hr\/"},{"@type":"ListItem","position":2,"name":"Osu\u0161ena desnica (Lk 6,6-11)"}]},{"@type":"WebSite","@id":"https:\/\/amdg.ffrz.hr\/#website","url":"https:\/\/amdg.ffrz.hr\/","name":"Ad maiorem Dei gloriam","description":"doc. dr. sc. Niko Bili\u0107:  nastava, duhovnost i cjelo\u017eivotno u\u010denje","publisher":{"@id":"https:\/\/amdg.ffrz.hr\/#\/schema\/person\/a3d4a18838314f7054f7cdc4f4d45f4a"},"potentialAction":[{"@type":"SearchAction","target":{"@type":"EntryPoint","urlTemplate":"https:\/\/amdg.ffrz.hr\/?s={search_term_string}"},"query-input":{"@type":"PropertyValueSpecification","valueRequired":true,"valueName":"search_term_string"}}],"inLanguage":"hr"},{"@type":["Person","Organization"],"@id":"https:\/\/amdg.ffrz.hr\/#\/schema\/person\/a3d4a18838314f7054f7cdc4f4d45f4a","name":"Niko Bili\u0107 SJ","image":{"@type":"ImageObject","inLanguage":"hr","@id":"https:\/\/amdg.ffrz.hr\/#\/schema\/person\/image\/","url":"https:\/\/secure.gravatar.com\/avatar\/14c6ebb29114394312c36c8ab93231d11917870146d266275d4470c0b6c44b88?s=96&d=blank&r=g","contentUrl":"https:\/\/secure.gravatar.com\/avatar\/14c6ebb29114394312c36c8ab93231d11917870146d266275d4470c0b6c44b88?s=96&d=blank&r=g","caption":"Niko Bili\u0107 SJ"},"logo":{"@id":"https:\/\/amdg.ffrz.hr\/#\/schema\/person\/image\/"},"sameAs":["https:\/\/amdg.ffrz.hr","https:\/\/www.facebook.com\/paterniko","https:\/\/www.youtube.com\/user\/paterniko"]}]}},"_links":{"self":[{"href":"https:\/\/amdg.ffrz.hr\/index.php?rest_route=\/wp\/v2\/posts\/3481","targetHints":{"allow":["GET"]}}],"collection":[{"href":"https:\/\/amdg.ffrz.hr\/index.php?rest_route=\/wp\/v2\/posts"}],"about":[{"href":"https:\/\/amdg.ffrz.hr\/index.php?rest_route=\/wp\/v2\/types\/post"}],"author":[{"embeddable":true,"href":"https:\/\/amdg.ffrz.hr\/index.php?rest_route=\/wp\/v2\/users\/1"}],"replies":[{"embeddable":true,"href":"https:\/\/amdg.ffrz.hr\/index.php?rest_route=%2Fwp%2Fv2%2Fcomments&post=3481"}],"version-history":[{"count":12,"href":"https:\/\/amdg.ffrz.hr\/index.php?rest_route=\/wp\/v2\/posts\/3481\/revisions"}],"predecessor-version":[{"id":5305,"href":"https:\/\/amdg.ffrz.hr\/index.php?rest_route=\/wp\/v2\/posts\/3481\/revisions\/5305"}],"wp:attachment":[{"href":"https:\/\/amdg.ffrz.hr\/index.php?rest_route=%2Fwp%2Fv2%2Fmedia&parent=3481"}],"wp:term":[{"taxonomy":"category","embeddable":true,"href":"https:\/\/amdg.ffrz.hr\/index.php?rest_route=%2Fwp%2Fv2%2Fcategories&post=3481"},{"taxonomy":"post_tag","embeddable":true,"href":"https:\/\/amdg.ffrz.hr\/index.php?rest_route=%2Fwp%2Fv2%2Ftags&post=3481"}],"curies":[{"name":"wp","href":"https:\/\/api.w.org\/{rel}","templated":true}]}}