{"id":3487,"date":"2020-09-22T10:47:52","date_gmt":"2020-09-22T08:47:52","guid":{"rendered":"https:\/\/amdg.ffrz.hr\/?p=3487"},"modified":"2021-09-08T16:08:21","modified_gmt":"2021-09-08T14:08:21","slug":"rodila-se-majka-mesije","status":"publish","type":"post","link":"https:\/\/amdg.ffrz.hr\/?p=3487","title":{"rendered":"Rodila se majka Mesije"},"content":{"rendered":"\n<p>(Mt 1,1-16.18-23, 8. 9., Mala Gospa)<\/p>\n\n\n\n<div class=\"wp-block-image\"><figure class=\"aligncenter size-large\"><a href=\"https:\/\/amdg.ffrz.hr\/wp-content\/uploads\/Santa_Ana_y_la_Virgen.jpg\"><img loading=\"lazy\" decoding=\"async\" width=\"1024\" height=\"733\" src=\"https:\/\/amdg.ffrz.hr\/wp-content\/uploads\/Santa_Ana_y_la_Virgen.jpg\" alt=\"\" class=\"wp-image-3488\" srcset=\"https:\/\/amdg.ffrz.hr\/wp-content\/uploads\/Santa_Ana_y_la_Virgen.jpg 1024w, https:\/\/amdg.ffrz.hr\/wp-content\/uploads\/Santa_Ana_y_la_Virgen-300x215.jpg 300w, https:\/\/amdg.ffrz.hr\/wp-content\/uploads\/Santa_Ana_y_la_Virgen-768x550.jpg 768w\" sizes=\"auto, (max-width: 1024px) 100vw, 1024px\" \/><\/a><\/figure><\/div>\n\n\n\n<blockquote class=\"wp-block-quote is-layout-flow wp-block-quote-is-layout-flow\"><p>Po\u010detak Matejeva evan\u0111elja koji se \u010dita na blagdan Ro\u0111enja Bla\u017eene Djevice Marije govori o za\u010de\u0107u i o ra\u0111anju (Mt 1,1-23). Mala Gospa na\u0161em je glavnom gradu Zagrebu posebice va\u017ena jer u ove dane kre\u0107emo na zavjetno godi\u0161nje hodo\u010da\u0161\u0107e u Mariju Bistricu. Moj Zagrebe, po\u0111i k Majci Kristovoj koju zaziva\u0161 kao svoju Kraljicu i Za\u0161titnicu! Do\u0111ite, do\u0111ite!<\/p><\/blockquote>\n\n\n\n<p class=\"has-drop-cap\">Dana\u0161nje nas poznato Evan\u0111elje podsje\u0107a na po\u010detak Prve Knjige Ljetopisa u Starom zavjetu gdje se punih deset poglavlja ni\u017eu rodoslovlja. Matejevo evan\u0111elje isti\u010de kako Bog strpljivo \u010deka puninu vremena. \u0160esterostruki niz od biblijski savr\u0161enih <em>sedam <\/em>nara\u0161taja povezuje Abrahamov <em>izlazak<\/em> (Mt 1,2) i Kristov dolazak (1,16). Premda se u patrijarhalnom svijetu Istoka u tom nizu ne spominje Marijino ro\u0111enje, na dana\u0161nji se blagdan posebno sje\u0107amo kako nam je ro\u0111endan Bo\u017eji dar. Posvje\u0161\u0107ujemo si kako je svaki \u010dovjek koji je rastao i napredovao, te postao velik pred Bogom i pred ljudima, najprije bio, recimo to tako, &#8220;mali \u010dovjek&#8221;. Zapo\u010deo je \u017eivot kao si\u0107u\u0161ni zametak pod srcem majke, od majke je ro\u0111en. Najprije je bio \u2013 <em>dijete<\/em>. Velika Gospa najprije je bila Mala Gospa. Naravno da se u nizu biblijskih otaca svaki put misli na majku kad god se spominje ra\u0111anje jer ona je pritom na djelu. Osim toga u tom, nazovimo ga, mu\u0161kom popisu, Marija je (Mt 1,16), nakon Tamare (1,3), Rahabe i Rute (1,5) te Urijine \u017eene (1,6), peta po redu. U Starom zavjetu za svaku od \u010detiri strane svijeta po jedna.<\/p>\n\n\n\n<p>Evan\u0111eoska \u0161utnja o Marijinu ro\u0111enju najbolje nam poma\u017ee da jo\u0161 jednom i jo\u0161 bolje shvatimo koliko je va\u017ean onaj najve\u0107i dio Kristova \u017eivota. Skroviti \u017eivot Isusov, koji je toliko u skladu s naravi njegove Majke, sadr\u017ei i ono odsudno mladena\u010dko sazrijevanje, odrastanje kada je bio <em>pokoran<\/em> Josipu i Mariji (Lk 2,51) i <em>napredovao je u mudrosti, dobi i milosti <\/em>(2,52).<\/p>\n\n\n\n<p>Slijedi li svjesno opis u Matejevu evan\u0111elju doga\u0111aj iz drevne povijesti kad je u doba biblijskih Sudaca Samsonova majka posve definirana kao &#8220;Manoahova \u017eena&#8221;, to je njezin identitet (Suci 13,2). Ni ime joj se ne spominje, ali njezine je uloga klju\u010dna. Josip je u mukama da mu zaru\u010dnica, trudna, odlazi u udaljeno Judejsko gorje na tri mjeseca (Lk 1,39). On nadvladava napast da slijedi svoju ljudsku misao o tome da je <em>potajice napusti<\/em> (Mt 1,19) i slu\u0161a \u0161to glasnik Gospodnji zapovijeda (Mt 1,20.24). Zasigurno Josip \u0107e pru\u017eiti Mariji sigurnost, dru\u0161tveni identitet i polo\u017eaj.<\/p>\n\n\n\n<p>Evan\u0111elje na Malu Gospu utjeha je, ohrabrenje i poticaj koji bodri sve nas dana\u0161nje ljude, napose mlade, koji se iz mnogih razloga boje, nesigurni su, odbijaju ili odga\u0111aju sklopiti brak. Bo\u017eja je poruka: <em>Ne boj se uzeti k sebi \u017eenu svoju! Ne boj se primiti u svoj \u017eivot svojega mu\u017ea!<\/em> Ovo je Evan\u0111elje radosna vijest koju odmah razumiju sve majke: ve\u0107 u njezinoj utrobi, od prvoga \u010dasa na djelu je Bo\u017eji Duh (usp. Mt 1,20), novo, drugo, tijelo djeteta razvija se pod njezinim srcem.<\/p>\n\n\n\n<p>Iz cijele povijesti starozavjetnih likova osobito se isti\u010de Ahaz koji je odbio Bo\u017eju ponudu (Iz 7,12), ali je Bog ipak preko Izaije dao svoj znak (Iz 7,14). Usred velesila koje se di\u017eu jedna na drugu u 8. stolje\u0107u prije Krista, Bog kao svoj odgovor navije\u0161ta ro\u0111enje jednoga djeteta.<\/p>\n\n\n\n<p>Je li to u novozavjetnom izvje\u0161taju dio spasonosnoga sna koji Josipu rasvjetljuje kako stvari stoje. An\u0111eo mu tuma\u010di: sve \u0161to se zbilo \u2013 i za\u010de\u0107e pod Duhu Svetom, i tvoje misli, i ro\u0111enje koje \u0107e do\u0107i, i ime koje \u0107e Josip dati \u2013 sve to ispunja \u0161to je Bog davno navijestio (usp. Mt 1,22). Sada je posve jasno. <em>Emanuel<\/em> \u2013 Mesija kojemu \u0107e Josip dati ime nije neki vojni ili politi\u010dki spasilac, nego on je Bog s nama koji nas, svoj narod, izbavlja od na\u0161ih grijeha (Mt 1,21). Ro\u0111enje njegove Majke jest kao zvijezda jutarnja koja najavljuje slavni, spasonosni dan!<\/p>\n\n\n\n<p>Poslu\u0161ajte (Hrvatski katoli\u010dki radio, U svjetlu Bo\u017eje Rije\u010di, 8. 9. 20.)<\/p>\n\n\n\n<figure class=\"wp-block-embed is-type-rich is-provider-soundcloud wp-block-embed-soundcloud\"><div class=\"wp-block-embed__wrapper\">\n<iframe loading=\"lazy\" title=\"U svjetlu Bo\u017eje rije\u010di - 08.09.20. by Hrvatska katoli\u010dka mre\u017ea\" width=\"580\" height=\"400\" scrolling=\"no\" frameborder=\"no\" src=\"https:\/\/w.soundcloud.com\/player\/?visual=true&#038;url=https%3A%2F%2Fapi.soundcloud.com%2Ftracks%2F889596478&#038;show_artwork=true&#038;maxheight=870&#038;maxwidth=580\"><\/iframe>\n<\/div><\/figure>\n\n\n\n<p>vidi: <\/p>\n\n\n\n<figure class=\"wp-block-embed-wordpress wp-block-embed is-type-wp-embed is-provider-hkr\"><div class=\"wp-block-embed__wrapper\">\n<iframe loading=\"lazy\" class=\"wp-embedded-content\" sandbox=\"allow-scripts\" security=\"restricted\" title=\"&#8220;SVAKODNEVNO U 7:45 P. Niko Bili\u0107: Ro\u0111enje Isusove Majke je kao zvijezda jutarnja koja najavljuje slavni, spasonosni dan!&#8221; &#8212; HKR\" src=\"https:\/\/hkr.hkm.hr\/svakodnevno-u-745-p-niko-bilic-rodenje-isusove-majke-je-kao-zvijezda-jutarnja-koja-najavljuje-slavni-spasonosni-dan\/embed\/#?secret=X5uBa1skmS#?secret=K8lnybI0MX\" data-secret=\"K8lnybI0MX\" width=\"580\" height=\"327\" frameborder=\"0\" marginwidth=\"0\" marginheight=\"0\" scrolling=\"no\"><\/iframe>\n<\/div><\/figure>\n","protected":false},"excerpt":{"rendered":"<p>(Mt 1,1-16.18-23, 8. 9., Mala Gospa) Po\u010detak Matejeva evan\u0111elja koji se \u010dita na blagdan Ro\u0111enja Bla\u017eene Djevice Marije govori o za\u010de\u0107u i o ra\u0111anju (Mt 1,1-23). Mala Gospa na\u0161em je glavnom gradu Zagrebu posebice va\u017ena jer u ove dane kre\u0107emo na zavjetno godi\u0161nje hodo\u010da\u0161\u0107e u Mariju Bistricu. Moj Zagrebe, po\u0111i k Majci Kristovoj koju zaziva\u0161 [&hellip;]<\/p>\n","protected":false},"author":1,"featured_media":0,"comment_status":"closed","ping_status":"closed","sticky":false,"template":"","format":"standard","meta":{"footnotes":""},"categories":[5],"tags":[],"class_list":["post-3487","post","type-post","status-publish","format-standard","hentry","category-duhovnost"],"yoast_head":"<!-- This site is optimized with the Yoast SEO plugin v26.0 - https:\/\/yoast.com\/wordpress\/plugins\/seo\/ -->\n<title>Rodila se majka Mesije - Ad maiorem Dei gloriam<\/title>\n<meta name=\"robots\" content=\"index, follow, max-snippet:-1, max-image-preview:large, max-video-preview:-1\" \/>\n<link rel=\"canonical\" href=\"https:\/\/amdg.ffrz.hr\/?p=3487\" \/>\n<meta property=\"og:locale\" content=\"hr_HR\" \/>\n<meta property=\"og:type\" content=\"article\" \/>\n<meta property=\"og:title\" content=\"Rodila se majka Mesije - Ad maiorem Dei gloriam\" \/>\n<meta property=\"og:description\" content=\"(Mt 1,1-16.18-23, 8. 9., Mala Gospa) Po\u010detak Matejeva evan\u0111elja koji se \u010dita na blagdan Ro\u0111enja Bla\u017eene Djevice Marije govori o za\u010de\u0107u i o ra\u0111anju (Mt 1,1-23). Mala Gospa na\u0161em je glavnom gradu Zagrebu posebice va\u017ena jer u ove dane kre\u0107emo na zavjetno godi\u0161nje hodo\u010da\u0161\u0107e u Mariju Bistricu. Moj Zagrebe, po\u0111i k Majci Kristovoj koju zaziva\u0161 [&hellip;]\" \/>\n<meta property=\"og:url\" content=\"https:\/\/amdg.ffrz.hr\/?p=3487\" \/>\n<meta property=\"og:site_name\" content=\"Ad maiorem Dei gloriam\" \/>\n<meta property=\"article:publisher\" content=\"https:\/\/www.facebook.com\/paterniko\" \/>\n<meta property=\"article:author\" content=\"https:\/\/www.facebook.com\/paterniko\" \/>\n<meta property=\"article:published_time\" content=\"2020-09-22T08:47:52+00:00\" \/>\n<meta property=\"article:modified_time\" content=\"2021-09-08T14:08:21+00:00\" \/>\n<meta property=\"og:image\" content=\"https:\/\/amdg.ffrz.hr\/wp-content\/uploads\/Santa_Ana_y_la_Virgen.jpg\" \/>\n<meta name=\"author\" content=\"Niko Bili\u0107 SJ\" \/>\n<meta name=\"twitter:card\" content=\"summary_large_image\" \/>\n<meta name=\"twitter:label1\" content=\"Napisao\/la\" \/>\n\t<meta name=\"twitter:data1\" content=\"Niko Bili\u0107 SJ\" \/>\n\t<meta name=\"twitter:label2\" content=\"Procijenjeno vrijeme \u010ditanja\" \/>\n\t<meta name=\"twitter:data2\" content=\"3 minute\" \/>\n<script type=\"application\/ld+json\" class=\"yoast-schema-graph\">{\"@context\":\"https:\/\/schema.org\",\"@graph\":[{\"@type\":\"Article\",\"@id\":\"https:\/\/amdg.ffrz.hr\/?p=3487#article\",\"isPartOf\":{\"@id\":\"https:\/\/amdg.ffrz.hr\/?p=3487\"},\"author\":{\"name\":\"Niko Bili\u0107 SJ\",\"@id\":\"https:\/\/amdg.ffrz.hr\/#\/schema\/person\/a3d4a18838314f7054f7cdc4f4d45f4a\"},\"headline\":\"Rodila se majka Mesije\",\"datePublished\":\"2020-09-22T08:47:52+00:00\",\"dateModified\":\"2021-09-08T14:08:21+00:00\",\"mainEntityOfPage\":{\"@id\":\"https:\/\/amdg.ffrz.hr\/?p=3487\"},\"wordCount\":709,\"publisher\":{\"@id\":\"https:\/\/amdg.ffrz.hr\/#\/schema\/person\/a3d4a18838314f7054f7cdc4f4d45f4a\"},\"image\":{\"@id\":\"https:\/\/amdg.ffrz.hr\/?p=3487#primaryimage\"},\"thumbnailUrl\":\"https:\/\/amdg.ffrz.hr\/wp-content\/uploads\/Santa_Ana_y_la_Virgen.jpg\",\"articleSection\":[\"Duhovnost\"],\"inLanguage\":\"hr\"},{\"@type\":\"WebPage\",\"@id\":\"https:\/\/amdg.ffrz.hr\/?p=3487\",\"url\":\"https:\/\/amdg.ffrz.hr\/?p=3487\",\"name\":\"Rodila se majka Mesije - Ad maiorem Dei gloriam\",\"isPartOf\":{\"@id\":\"https:\/\/amdg.ffrz.hr\/#website\"},\"primaryImageOfPage\":{\"@id\":\"https:\/\/amdg.ffrz.hr\/?p=3487#primaryimage\"},\"image\":{\"@id\":\"https:\/\/amdg.ffrz.hr\/?p=3487#primaryimage\"},\"thumbnailUrl\":\"https:\/\/amdg.ffrz.hr\/wp-content\/uploads\/Santa_Ana_y_la_Virgen.jpg\",\"datePublished\":\"2020-09-22T08:47:52+00:00\",\"dateModified\":\"2021-09-08T14:08:21+00:00\",\"breadcrumb\":{\"@id\":\"https:\/\/amdg.ffrz.hr\/?p=3487#breadcrumb\"},\"inLanguage\":\"hr\",\"potentialAction\":[{\"@type\":\"ReadAction\",\"target\":[\"https:\/\/amdg.ffrz.hr\/?p=3487\"]}]},{\"@type\":\"ImageObject\",\"inLanguage\":\"hr\",\"@id\":\"https:\/\/amdg.ffrz.hr\/?p=3487#primaryimage\",\"url\":\"https:\/\/amdg.ffrz.hr\/wp-content\/uploads\/Santa_Ana_y_la_Virgen.jpg\",\"contentUrl\":\"https:\/\/amdg.ffrz.hr\/wp-content\/uploads\/Santa_Ana_y_la_Virgen.jpg\",\"width\":1024,\"height\":733},{\"@type\":\"BreadcrumbList\",\"@id\":\"https:\/\/amdg.ffrz.hr\/?p=3487#breadcrumb\",\"itemListElement\":[{\"@type\":\"ListItem\",\"position\":1,\"name\":\"Po\u010detna stranica\",\"item\":\"https:\/\/amdg.ffrz.hr\/\"},{\"@type\":\"ListItem\",\"position\":2,\"name\":\"Rodila se majka Mesije\"}]},{\"@type\":\"WebSite\",\"@id\":\"https:\/\/amdg.ffrz.hr\/#website\",\"url\":\"https:\/\/amdg.ffrz.hr\/\",\"name\":\"Ad maiorem Dei gloriam\",\"description\":\"doc. dr. sc. Niko Bili\u0107:  nastava, duhovnost i cjelo\u017eivotno u\u010denje\",\"publisher\":{\"@id\":\"https:\/\/amdg.ffrz.hr\/#\/schema\/person\/a3d4a18838314f7054f7cdc4f4d45f4a\"},\"potentialAction\":[{\"@type\":\"SearchAction\",\"target\":{\"@type\":\"EntryPoint\",\"urlTemplate\":\"https:\/\/amdg.ffrz.hr\/?s={search_term_string}\"},\"query-input\":{\"@type\":\"PropertyValueSpecification\",\"valueRequired\":true,\"valueName\":\"search_term_string\"}}],\"inLanguage\":\"hr\"},{\"@type\":[\"Person\",\"Organization\"],\"@id\":\"https:\/\/amdg.ffrz.hr\/#\/schema\/person\/a3d4a18838314f7054f7cdc4f4d45f4a\",\"name\":\"Niko Bili\u0107 SJ\",\"image\":{\"@type\":\"ImageObject\",\"inLanguage\":\"hr\",\"@id\":\"https:\/\/amdg.ffrz.hr\/#\/schema\/person\/image\/\",\"url\":\"https:\/\/secure.gravatar.com\/avatar\/14c6ebb29114394312c36c8ab93231d11917870146d266275d4470c0b6c44b88?s=96&d=blank&r=g\",\"contentUrl\":\"https:\/\/secure.gravatar.com\/avatar\/14c6ebb29114394312c36c8ab93231d11917870146d266275d4470c0b6c44b88?s=96&d=blank&r=g\",\"caption\":\"Niko Bili\u0107 SJ\"},\"logo\":{\"@id\":\"https:\/\/amdg.ffrz.hr\/#\/schema\/person\/image\/\"},\"sameAs\":[\"https:\/\/amdg.ffrz.hr\",\"https:\/\/www.facebook.com\/paterniko\",\"https:\/\/www.youtube.com\/user\/paterniko\"]}]}<\/script>\n<!-- \/ Yoast SEO plugin. -->","yoast_head_json":{"title":"Rodila se majka Mesije - Ad maiorem Dei gloriam","robots":{"index":"index","follow":"follow","max-snippet":"max-snippet:-1","max-image-preview":"max-image-preview:large","max-video-preview":"max-video-preview:-1"},"canonical":"https:\/\/amdg.ffrz.hr\/?p=3487","og_locale":"hr_HR","og_type":"article","og_title":"Rodila se majka Mesije - Ad maiorem Dei gloriam","og_description":"(Mt 1,1-16.18-23, 8. 9., Mala Gospa) Po\u010detak Matejeva evan\u0111elja koji se \u010dita na blagdan Ro\u0111enja Bla\u017eene Djevice Marije govori o za\u010de\u0107u i o ra\u0111anju (Mt 1,1-23). Mala Gospa na\u0161em je glavnom gradu Zagrebu posebice va\u017ena jer u ove dane kre\u0107emo na zavjetno godi\u0161nje hodo\u010da\u0161\u0107e u Mariju Bistricu. Moj Zagrebe, po\u0111i k Majci Kristovoj koju zaziva\u0161 [&hellip;]","og_url":"https:\/\/amdg.ffrz.hr\/?p=3487","og_site_name":"Ad maiorem Dei gloriam","article_publisher":"https:\/\/www.facebook.com\/paterniko","article_author":"https:\/\/www.facebook.com\/paterniko","article_published_time":"2020-09-22T08:47:52+00:00","article_modified_time":"2021-09-08T14:08:21+00:00","og_image":[{"url":"https:\/\/amdg.ffrz.hr\/wp-content\/uploads\/Santa_Ana_y_la_Virgen.jpg","type":"","width":"","height":""}],"author":"Niko Bili\u0107 SJ","twitter_card":"summary_large_image","twitter_misc":{"Napisao\/la":"Niko Bili\u0107 SJ","Procijenjeno vrijeme \u010ditanja":"3 minute"},"schema":{"@context":"https:\/\/schema.org","@graph":[{"@type":"Article","@id":"https:\/\/amdg.ffrz.hr\/?p=3487#article","isPartOf":{"@id":"https:\/\/amdg.ffrz.hr\/?p=3487"},"author":{"name":"Niko Bili\u0107 SJ","@id":"https:\/\/amdg.ffrz.hr\/#\/schema\/person\/a3d4a18838314f7054f7cdc4f4d45f4a"},"headline":"Rodila se majka Mesije","datePublished":"2020-09-22T08:47:52+00:00","dateModified":"2021-09-08T14:08:21+00:00","mainEntityOfPage":{"@id":"https:\/\/amdg.ffrz.hr\/?p=3487"},"wordCount":709,"publisher":{"@id":"https:\/\/amdg.ffrz.hr\/#\/schema\/person\/a3d4a18838314f7054f7cdc4f4d45f4a"},"image":{"@id":"https:\/\/amdg.ffrz.hr\/?p=3487#primaryimage"},"thumbnailUrl":"https:\/\/amdg.ffrz.hr\/wp-content\/uploads\/Santa_Ana_y_la_Virgen.jpg","articleSection":["Duhovnost"],"inLanguage":"hr"},{"@type":"WebPage","@id":"https:\/\/amdg.ffrz.hr\/?p=3487","url":"https:\/\/amdg.ffrz.hr\/?p=3487","name":"Rodila se majka Mesije - Ad maiorem Dei gloriam","isPartOf":{"@id":"https:\/\/amdg.ffrz.hr\/#website"},"primaryImageOfPage":{"@id":"https:\/\/amdg.ffrz.hr\/?p=3487#primaryimage"},"image":{"@id":"https:\/\/amdg.ffrz.hr\/?p=3487#primaryimage"},"thumbnailUrl":"https:\/\/amdg.ffrz.hr\/wp-content\/uploads\/Santa_Ana_y_la_Virgen.jpg","datePublished":"2020-09-22T08:47:52+00:00","dateModified":"2021-09-08T14:08:21+00:00","breadcrumb":{"@id":"https:\/\/amdg.ffrz.hr\/?p=3487#breadcrumb"},"inLanguage":"hr","potentialAction":[{"@type":"ReadAction","target":["https:\/\/amdg.ffrz.hr\/?p=3487"]}]},{"@type":"ImageObject","inLanguage":"hr","@id":"https:\/\/amdg.ffrz.hr\/?p=3487#primaryimage","url":"https:\/\/amdg.ffrz.hr\/wp-content\/uploads\/Santa_Ana_y_la_Virgen.jpg","contentUrl":"https:\/\/amdg.ffrz.hr\/wp-content\/uploads\/Santa_Ana_y_la_Virgen.jpg","width":1024,"height":733},{"@type":"BreadcrumbList","@id":"https:\/\/amdg.ffrz.hr\/?p=3487#breadcrumb","itemListElement":[{"@type":"ListItem","position":1,"name":"Po\u010detna stranica","item":"https:\/\/amdg.ffrz.hr\/"},{"@type":"ListItem","position":2,"name":"Rodila se majka Mesije"}]},{"@type":"WebSite","@id":"https:\/\/amdg.ffrz.hr\/#website","url":"https:\/\/amdg.ffrz.hr\/","name":"Ad maiorem Dei gloriam","description":"doc. dr. sc. Niko Bili\u0107:  nastava, duhovnost i cjelo\u017eivotno u\u010denje","publisher":{"@id":"https:\/\/amdg.ffrz.hr\/#\/schema\/person\/a3d4a18838314f7054f7cdc4f4d45f4a"},"potentialAction":[{"@type":"SearchAction","target":{"@type":"EntryPoint","urlTemplate":"https:\/\/amdg.ffrz.hr\/?s={search_term_string}"},"query-input":{"@type":"PropertyValueSpecification","valueRequired":true,"valueName":"search_term_string"}}],"inLanguage":"hr"},{"@type":["Person","Organization"],"@id":"https:\/\/amdg.ffrz.hr\/#\/schema\/person\/a3d4a18838314f7054f7cdc4f4d45f4a","name":"Niko Bili\u0107 SJ","image":{"@type":"ImageObject","inLanguage":"hr","@id":"https:\/\/amdg.ffrz.hr\/#\/schema\/person\/image\/","url":"https:\/\/secure.gravatar.com\/avatar\/14c6ebb29114394312c36c8ab93231d11917870146d266275d4470c0b6c44b88?s=96&d=blank&r=g","contentUrl":"https:\/\/secure.gravatar.com\/avatar\/14c6ebb29114394312c36c8ab93231d11917870146d266275d4470c0b6c44b88?s=96&d=blank&r=g","caption":"Niko Bili\u0107 SJ"},"logo":{"@id":"https:\/\/amdg.ffrz.hr\/#\/schema\/person\/image\/"},"sameAs":["https:\/\/amdg.ffrz.hr","https:\/\/www.facebook.com\/paterniko","https:\/\/www.youtube.com\/user\/paterniko"]}]}},"_links":{"self":[{"href":"https:\/\/amdg.ffrz.hr\/index.php?rest_route=\/wp\/v2\/posts\/3487","targetHints":{"allow":["GET"]}}],"collection":[{"href":"https:\/\/amdg.ffrz.hr\/index.php?rest_route=\/wp\/v2\/posts"}],"about":[{"href":"https:\/\/amdg.ffrz.hr\/index.php?rest_route=\/wp\/v2\/types\/post"}],"author":[{"embeddable":true,"href":"https:\/\/amdg.ffrz.hr\/index.php?rest_route=\/wp\/v2\/users\/1"}],"replies":[{"embeddable":true,"href":"https:\/\/amdg.ffrz.hr\/index.php?rest_route=%2Fwp%2Fv2%2Fcomments&post=3487"}],"version-history":[{"count":3,"href":"https:\/\/amdg.ffrz.hr\/index.php?rest_route=\/wp\/v2\/posts\/3487\/revisions"}],"predecessor-version":[{"id":4792,"href":"https:\/\/amdg.ffrz.hr\/index.php?rest_route=\/wp\/v2\/posts\/3487\/revisions\/4792"}],"wp:attachment":[{"href":"https:\/\/amdg.ffrz.hr\/index.php?rest_route=%2Fwp%2Fv2%2Fmedia&parent=3487"}],"wp:term":[{"taxonomy":"category","embeddable":true,"href":"https:\/\/amdg.ffrz.hr\/index.php?rest_route=%2Fwp%2Fv2%2Fcategories&post=3487"},{"taxonomy":"post_tag","embeddable":true,"href":"https:\/\/amdg.ffrz.hr\/index.php?rest_route=%2Fwp%2Fv2%2Ftags&post=3487"}],"curies":[{"name":"wp","href":"https:\/\/api.w.org\/{rel}","templated":true}]}}