{"id":3516,"date":"2020-09-23T12:37:14","date_gmt":"2020-09-23T10:37:14","guid":{"rendered":"https:\/\/amdg.ffrz.hr\/?p=3516"},"modified":"2022-03-29T11:33:33","modified_gmt":"2022-03-29T09:33:33","slug":"koliko-vrijedi-tvoja-rijec","status":"publish","type":"post","link":"https:\/\/amdg.ffrz.hr\/?p=3516","title":{"rendered":"Koliko vrijedi tvoja rije\u010d (Mt 5,33-37)"},"content":{"rendered":"\n<pre class=\"wp-block-preformatted\">dana\u0161nje Evan\u0111elje: subota 10. tjedna<\/pre>\n\n\n\n<figure class=\"wp-block-image size-large\"><img loading=\"lazy\" decoding=\"async\" width=\"512\" height=\"384\" src=\"https:\/\/amdg.ffrz.hr\/wp-content\/uploads\/jesus-and-the-multitude.jpg\" alt=\"\" class=\"wp-image-3517\" srcset=\"https:\/\/amdg.ffrz.hr\/wp-content\/uploads\/jesus-and-the-multitude.jpg 512w, https:\/\/amdg.ffrz.hr\/wp-content\/uploads\/jesus-and-the-multitude-300x225.jpg 300w\" sizes=\"auto, (max-width: 512px) 100vw, 512px\" \/><\/figure>\n\n\n\n<p>Kako ste zadovoljni sa svojom kosom. Je li vam lijepa frizura, po\u010de\u0161ljana, dotjerana? Jeste li mo\u017eda, kao ja, ve\u0107 primijetili kako vam je kosa dobrano ispala? Kao i toliko puta, Gospodin Isus, dobar U\u010ditelj vra\u0107a nas na na\u0161e svagdanje ljudske stvari koje dobro poznajemo. Samo svojom snagom i voljom ne mogu odrediti koliko \u0107e mi i kada kosa posijediti.<\/p>\n\n\n\n<p>U odlomku iz Matejeva evan\u0111elja (Mt 5,33-37) U\u010ditelj u okviru svojega programatskoga <em>Govora na gori<\/em> pou\u010dava o zakletvi i zavjetovanju, o snazi ljudske rije\u010di. Gospodin i U\u010ditelj o\u010dito uspostavlja bitnu novost i za razliku&nbsp; od &#8220;<em>starih&#8221; <\/em>(Mt 5,33) stvara zajednicu <em>novih<\/em> \u2013 novih ljudi, svojih u\u010denika koji svoj \u017eivot zasnivaju na snazi njegove osobe. Samoga sebe izla\u017ee, ve\u0107 \u010detvrti put u svom govoru ponavlja &#8220;a ja vam ka\u017eem&#8221; (Mt 5,34 usp. 5,22.28.32.39.44).<\/p>\n\n\n\n<p>U\u010ditelj Isus obra\u0107a se izravno cijelom onom silnom svijetu koji je pohrlio za njim iz Galileje, Dekapola, Jeruzalema, Judeje i Transjordanije (Mt 4,25). Ka\u017ee im &#8220;vi&#8221;, u mno\u017eini: &#8220;\u010culi ste.&#8221; (Mt 5,33), &#8220;Ne kunite se!&#8221; (34), &#8220;Va\u0161a rije\u010d&#8221; (37). Ali zatim, nastavlja tradiciju Svetoga pisma, kakvu primjerice dobro pamtimo iz Deset zapovijedi. Jasno pokazuje da Rije\u010d Bo\u017eja stvara zajednicu, ustanovljuje jedinstvo. Uspostavlja dijalog i govori u srce slu\u0161atelju. Dodiruje neposredno njegovu osobu, njegov &#8220;ti&#8221;. Na takav na\u010din Isus ponajprije podsje\u0107a na drevni Zakon: &#8220;Ne budi krivokletnik! Podaj Gospodinu sve ono na \u0161to si se obvezao i prisegnuo!&#8221; (Mt 5,33).<\/p>\n\n\n\n<p>Ne\u0107e li nam odmah dozvati u pamet praoca Jakova koji nakon prvoga susreta s Bogom pola\u017ee zavjet da je spreman prihvatiti u svoj \u0161irini ono \u0161to mu Bog daje i da \u0107e od svega toga desetinu posvetiti Bogu (Post 28,22)? S jo\u0161 ve\u0107im po\u0161tovanjem mislimo na majku Anu koja spremno sina Samuela posve\u0107uje Bogu u slu\u017ebu. Dobila sam ga na dar, ka\u017ee, sada ga dajem na dar (usp. 1 Sam 1,28). Maj\u010dinsko srce zna \u0161to to zna\u010di i kakav je zavjet polo\u017eila (usp. 1 Sam 1,11).<\/p>\n\n\n\n<p>Ve\u0107 Stari zavjet poznaje, evo, veli\u010dinu na\u0161ih ljudskih rije\u010di. S\u00e2m Bog priznaje im vrijednost i dostojanstvo. Kako im je silno zna\u010denje! Kod nas upravo ova svijest najbolji je lijek protiv psovke, te mrske ljage na tkivu na\u0161ega hrvatskoga naroda.<\/p>\n\n\n\n<p>I zaklju\u010dak U\u010ditelja na gori upozorenje je da budemo skromni s rije\u010dima. Odrje\u0161it je Isus u pouci: svaki vi\u0161ak i preobilje rije\u010di dolaze od Sotone (Mt 5,37). Sam je iskusio kako mu je u po\u010detku, nakon produ\u017eena posta u pustinji, Napasnik htio diktirati \u0161to da govori. Poku\u0161ao je svoje rije\u010di staviti u Kristova usta, pozivlju\u0107i: &#8220;Reci!&#8221; (Mt 4,3).<\/p>\n\n\n\n<p>Kao i ina\u010de Marija, majka Isusova, prvorazredan jer uzor. Od prvoga susreta s Bo\u017ejim glasnikom, prije nego govori, ona najprije <em>promi\u0161lja kakav bi to bio pozdrav<\/em> (Lk 1,29). Ve\u0107 tu je na djelu njezino \u017eivo <em>srce<\/em> u kojem \u0107e pohranjivati sve rije\u010di i zbivanja, prebirati ih (usp. Lk 2,19.51).<\/p>\n\n\n\n<p>Koliko Marija pru\u017ea primjer za njegovanje unutarnjega \u010dovjeka dokazuje njezina poznata \u0161utljivost od po\u010detka do kraja Evan\u0111elja. Najprije, na prvu an\u0111elovu rije\u010d ne daje nikakva odgovora. Tako \u0107e to biti i u Betlehemu, kad za njih nema mjesta, i u Egiptu, dok bje\u017ee pred Herodom, pa zatim kad do\u0111e po U\u010ditelja, Sina svoga, kad se bude govorilo da je izvan sebe. Povrh svega pod kri\u017eem ona je bez rije\u010di.<\/p>\n\n\n\n<p>Gabrijel, nakon pozdrava, obilno iznosi Bo\u017eju objavu i obja\u0161njenje u sveukupno osam biblijskih redaka (Lk 1,28.30-33.35-37). A Marija za se uzima tek prostor za potpitanje &#8220;Kako?&#8221; (Lk 1,34) i za kona\u010dan, kratak, a povijesni odgovor: &#8220;Neka mi bude!&#8221; (1,38). Njezina je rije\u010d &#8220;Da!&#8221; Bogu. Skromno, krajnje odmjereno! Vrijedi i u tajni nezabilje\u017eenoga susreta s Uskrslim i u jednodu\u0161noj postojanoj, molitvi s Isusovim u\u010denicima poslije toga.<\/p>\n\n\n\n<p>U pouci o zakletvi Gospodin Isus izravno govori &#8220;ti&#8221; i u svojoj vlastitoj, novoj odredbi (Mt 5,36). Novi \u010dovjek slu\u0161a u izravnom dijalogu. U\u010ditelj prodire izravno do mene, do moje glave. Upozorava pritom na moju vrlo ograni\u010denu mo\u0107. Premda je za drevnu starozavjetnu antropologiju srce sredi\u0161te osobe, sjedi\u0161te pameti i izvori\u0161te rije\u010di, Isus, zanimljivo, isti\u010de glavu. Poga\u0111a izravno ono \u0161to danas iz biologije i medicine svi znamo. Mozak u glavi najslo\u017eeniji je i naj\u010dudesniji Bo\u017eji dar \u010diju veli\u010dinu tek istra\u017eujemo i otkrivamo. Du\u017ean sam s po\u0161tovanjem paziti na svoju glavu. Ne smijem je zlorabiti za napuhane rije\u010di.<\/p>\n\n\n\n<p>Kad nam Gospodin pred o\u010di stavlja sveti grad Jeruzalem (Mt 5,35), kad nam uzdi\u017ee pogled na Bo\u017eje prijestolje i njegovo podno\u017eje, ho\u0107e li nam odmah pred o\u010di staviti proroka Izaiju, koji je u Hramu zastao u \u010duvenu veli\u010danstvenu vi\u0111enju prijestolja na kojemu stoluje Gospodin, bo\u017eanski Kralj (Iz 6,4)? Prijestolje bija\u0161e toliko golemo, silno i <em>uzvi\u0161eno<\/em>, te je samo rub kraljevskoga <em>pla\u0161ta<\/em> bio dovoljan da <em>ispuni<\/em> prostor sveti\u0161ta (Iz 6,1). Isus \u0107e jo\u0161 jednom, u drugom dijelu Evan\u0111elja, kad o istom oprezu sa zakletvom bude u raspri s pismoznancima i farizejima, upozoriti da je nebo prijestolje Bo\u017eje (Mt 23,22).<\/p>\n\n\n\n<p>Izaiji je jasno. Sam svjedo\u010di: &#8220;Vidio sam Gospodina&#8221; (Iz 6,1). U Novom zavjetu te \u0107e rije\u010di postati bla\u017eeno svjedo\u010danstvo o susretu s uskrslim Isusom \u2013 i kod Marije Magdalene (Iv 20,18) i kod apostola koji govori svojemu drugu Tomi (Iv 20,25). Jo\u0161 nam je va\u017enije uo\u010diti kako se Gospodin svojim zabranama vra\u0107a na po\u010detke Pisma. \u0160iri na\u0161 pogled na Bo\u017eje stvaranje. Isus upozorava na nebo (Mt 5,34) i zemlju (35). Izvrstan je to podsjetnik da poslu\u0161amo poziv pape Franje i iznova u 21. stolje\u0107u svom du\u0161om krenemo u po\u0161tovanje i njegovanje svega stvorenja, koje nam Bog iz ljubavi povjerava.<\/p>\n\n\n\n<p class=\"has-text-align-right\">Niko Bili\u0107, SJ<\/p>\n","protected":false},"excerpt":{"rendered":"<p>dana\u0161nje Evan\u0111elje: subota 10. tjedna Kako ste zadovoljni sa svojom kosom. Je li vam lijepa frizura, po\u010de\u0161ljana, dotjerana? Jeste li mo\u017eda, kao ja, ve\u0107 primijetili kako vam je kosa dobrano ispala? Kao i toliko puta, Gospodin Isus, dobar U\u010ditelj vra\u0107a nas na na\u0161e svagdanje ljudske stvari koje dobro poznajemo. Samo svojom snagom i voljom ne [&hellip;]<\/p>\n","protected":false},"author":1,"featured_media":0,"comment_status":"closed","ping_status":"closed","sticky":false,"template":"","format":"standard","meta":{"footnotes":""},"categories":[5],"tags":[],"class_list":["post-3516","post","type-post","status-publish","format-standard","hentry","category-duhovnost"],"yoast_head":"<!-- This site is optimized with the Yoast SEO plugin v26.0 - https:\/\/yoast.com\/wordpress\/plugins\/seo\/ -->\n<title>Koliko vrijedi tvoja rije\u010d (Mt 5,33-37) - Ad maiorem Dei gloriam<\/title>\n<meta name=\"description\" content=\"U\u010ditelj u okviru svojega programatskoga Govora na gori pou\u010dava o zakletvi i o zavjetovanju, o snazi ljudske rije\u010di.\" \/>\n<meta name=\"robots\" content=\"index, follow, max-snippet:-1, max-image-preview:large, max-video-preview:-1\" \/>\n<link rel=\"canonical\" href=\"https:\/\/amdg.ffrz.hr\/?p=3516\" \/>\n<meta property=\"og:locale\" content=\"hr_HR\" \/>\n<meta property=\"og:type\" content=\"article\" \/>\n<meta property=\"og:title\" content=\"Koliko vrijedi tvoja rije\u010d (Mt 5,33-37) - Ad maiorem Dei gloriam\" \/>\n<meta property=\"og:description\" content=\"U\u010ditelj u okviru svojega programatskoga Govora na gori pou\u010dava o zakletvi i o zavjetovanju, o snazi ljudske rije\u010di.\" \/>\n<meta property=\"og:url\" content=\"https:\/\/amdg.ffrz.hr\/?p=3516\" \/>\n<meta property=\"og:site_name\" content=\"Ad maiorem Dei gloriam\" \/>\n<meta property=\"article:publisher\" content=\"https:\/\/www.facebook.com\/paterniko\" \/>\n<meta property=\"article:author\" content=\"https:\/\/www.facebook.com\/paterniko\" \/>\n<meta property=\"article:published_time\" content=\"2020-09-23T10:37:14+00:00\" \/>\n<meta property=\"article:modified_time\" content=\"2022-03-29T09:33:33+00:00\" \/>\n<meta property=\"og:image\" content=\"https:\/\/amdg.ffrz.hr\/wp-content\/uploads\/jesus-and-the-multitude.jpg\" \/>\n<meta name=\"author\" content=\"Niko Bili\u0107 SJ\" \/>\n<meta name=\"twitter:card\" content=\"summary_large_image\" \/>\n<meta name=\"twitter:label1\" content=\"Napisao\/la\" \/>\n\t<meta name=\"twitter:data1\" content=\"Niko Bili\u0107 SJ\" \/>\n\t<meta name=\"twitter:label2\" content=\"Procijenjeno vrijeme \u010ditanja\" \/>\n\t<meta name=\"twitter:data2\" content=\"6 minuta\" \/>\n<script type=\"application\/ld+json\" class=\"yoast-schema-graph\">{\"@context\":\"https:\/\/schema.org\",\"@graph\":[{\"@type\":\"Article\",\"@id\":\"https:\/\/amdg.ffrz.hr\/?p=3516#article\",\"isPartOf\":{\"@id\":\"https:\/\/amdg.ffrz.hr\/?p=3516\"},\"author\":{\"name\":\"Niko Bili\u0107 SJ\",\"@id\":\"https:\/\/amdg.ffrz.hr\/#\/schema\/person\/a3d4a18838314f7054f7cdc4f4d45f4a\"},\"headline\":\"Koliko vrijedi tvoja rije\u010d (Mt 5,33-37)\",\"datePublished\":\"2020-09-23T10:37:14+00:00\",\"dateModified\":\"2022-03-29T09:33:33+00:00\",\"mainEntityOfPage\":{\"@id\":\"https:\/\/amdg.ffrz.hr\/?p=3516\"},\"wordCount\":984,\"publisher\":{\"@id\":\"https:\/\/amdg.ffrz.hr\/#\/schema\/person\/a3d4a18838314f7054f7cdc4f4d45f4a\"},\"image\":{\"@id\":\"https:\/\/amdg.ffrz.hr\/?p=3516#primaryimage\"},\"thumbnailUrl\":\"https:\/\/amdg.ffrz.hr\/wp-content\/uploads\/jesus-and-the-multitude.jpg\",\"articleSection\":[\"Duhovnost\"],\"inLanguage\":\"hr\"},{\"@type\":\"WebPage\",\"@id\":\"https:\/\/amdg.ffrz.hr\/?p=3516\",\"url\":\"https:\/\/amdg.ffrz.hr\/?p=3516\",\"name\":\"Koliko vrijedi tvoja rije\u010d (Mt 5,33-37) - Ad maiorem Dei gloriam\",\"isPartOf\":{\"@id\":\"https:\/\/amdg.ffrz.hr\/#website\"},\"primaryImageOfPage\":{\"@id\":\"https:\/\/amdg.ffrz.hr\/?p=3516#primaryimage\"},\"image\":{\"@id\":\"https:\/\/amdg.ffrz.hr\/?p=3516#primaryimage\"},\"thumbnailUrl\":\"https:\/\/amdg.ffrz.hr\/wp-content\/uploads\/jesus-and-the-multitude.jpg\",\"datePublished\":\"2020-09-23T10:37:14+00:00\",\"dateModified\":\"2022-03-29T09:33:33+00:00\",\"description\":\"U\u010ditelj u okviru svojega programatskoga Govora na gori pou\u010dava o zakletvi i o zavjetovanju, o snazi ljudske rije\u010di.\",\"breadcrumb\":{\"@id\":\"https:\/\/amdg.ffrz.hr\/?p=3516#breadcrumb\"},\"inLanguage\":\"hr\",\"potentialAction\":[{\"@type\":\"ReadAction\",\"target\":[\"https:\/\/amdg.ffrz.hr\/?p=3516\"]}]},{\"@type\":\"ImageObject\",\"inLanguage\":\"hr\",\"@id\":\"https:\/\/amdg.ffrz.hr\/?p=3516#primaryimage\",\"url\":\"https:\/\/amdg.ffrz.hr\/wp-content\/uploads\/jesus-and-the-multitude.jpg\",\"contentUrl\":\"https:\/\/amdg.ffrz.hr\/wp-content\/uploads\/jesus-and-the-multitude.jpg\",\"width\":512,\"height\":384},{\"@type\":\"BreadcrumbList\",\"@id\":\"https:\/\/amdg.ffrz.hr\/?p=3516#breadcrumb\",\"itemListElement\":[{\"@type\":\"ListItem\",\"position\":1,\"name\":\"Po\u010detna stranica\",\"item\":\"https:\/\/amdg.ffrz.hr\/\"},{\"@type\":\"ListItem\",\"position\":2,\"name\":\"Koliko vrijedi tvoja rije\u010d (Mt 5,33-37)\"}]},{\"@type\":\"WebSite\",\"@id\":\"https:\/\/amdg.ffrz.hr\/#website\",\"url\":\"https:\/\/amdg.ffrz.hr\/\",\"name\":\"Ad maiorem Dei gloriam\",\"description\":\"doc. dr. sc. Niko Bili\u0107:  nastava, duhovnost i cjelo\u017eivotno u\u010denje\",\"publisher\":{\"@id\":\"https:\/\/amdg.ffrz.hr\/#\/schema\/person\/a3d4a18838314f7054f7cdc4f4d45f4a\"},\"potentialAction\":[{\"@type\":\"SearchAction\",\"target\":{\"@type\":\"EntryPoint\",\"urlTemplate\":\"https:\/\/amdg.ffrz.hr\/?s={search_term_string}\"},\"query-input\":{\"@type\":\"PropertyValueSpecification\",\"valueRequired\":true,\"valueName\":\"search_term_string\"}}],\"inLanguage\":\"hr\"},{\"@type\":[\"Person\",\"Organization\"],\"@id\":\"https:\/\/amdg.ffrz.hr\/#\/schema\/person\/a3d4a18838314f7054f7cdc4f4d45f4a\",\"name\":\"Niko Bili\u0107 SJ\",\"image\":{\"@type\":\"ImageObject\",\"inLanguage\":\"hr\",\"@id\":\"https:\/\/amdg.ffrz.hr\/#\/schema\/person\/image\/\",\"url\":\"https:\/\/secure.gravatar.com\/avatar\/14c6ebb29114394312c36c8ab93231d11917870146d266275d4470c0b6c44b88?s=96&d=blank&r=g\",\"contentUrl\":\"https:\/\/secure.gravatar.com\/avatar\/14c6ebb29114394312c36c8ab93231d11917870146d266275d4470c0b6c44b88?s=96&d=blank&r=g\",\"caption\":\"Niko Bili\u0107 SJ\"},\"logo\":{\"@id\":\"https:\/\/amdg.ffrz.hr\/#\/schema\/person\/image\/\"},\"sameAs\":[\"https:\/\/amdg.ffrz.hr\",\"https:\/\/www.facebook.com\/paterniko\",\"https:\/\/www.youtube.com\/user\/paterniko\"]}]}<\/script>\n<!-- \/ Yoast SEO plugin. -->","yoast_head_json":{"title":"Koliko vrijedi tvoja rije\u010d (Mt 5,33-37) - Ad maiorem Dei gloriam","description":"U\u010ditelj u okviru svojega programatskoga Govora na gori pou\u010dava o zakletvi i o zavjetovanju, o snazi ljudske rije\u010di.","robots":{"index":"index","follow":"follow","max-snippet":"max-snippet:-1","max-image-preview":"max-image-preview:large","max-video-preview":"max-video-preview:-1"},"canonical":"https:\/\/amdg.ffrz.hr\/?p=3516","og_locale":"hr_HR","og_type":"article","og_title":"Koliko vrijedi tvoja rije\u010d (Mt 5,33-37) - Ad maiorem Dei gloriam","og_description":"U\u010ditelj u okviru svojega programatskoga Govora na gori pou\u010dava o zakletvi i o zavjetovanju, o snazi ljudske rije\u010di.","og_url":"https:\/\/amdg.ffrz.hr\/?p=3516","og_site_name":"Ad maiorem Dei gloriam","article_publisher":"https:\/\/www.facebook.com\/paterniko","article_author":"https:\/\/www.facebook.com\/paterniko","article_published_time":"2020-09-23T10:37:14+00:00","article_modified_time":"2022-03-29T09:33:33+00:00","og_image":[{"url":"https:\/\/amdg.ffrz.hr\/wp-content\/uploads\/jesus-and-the-multitude.jpg","type":"","width":"","height":""}],"author":"Niko Bili\u0107 SJ","twitter_card":"summary_large_image","twitter_misc":{"Napisao\/la":"Niko Bili\u0107 SJ","Procijenjeno vrijeme \u010ditanja":"6 minuta"},"schema":{"@context":"https:\/\/schema.org","@graph":[{"@type":"Article","@id":"https:\/\/amdg.ffrz.hr\/?p=3516#article","isPartOf":{"@id":"https:\/\/amdg.ffrz.hr\/?p=3516"},"author":{"name":"Niko Bili\u0107 SJ","@id":"https:\/\/amdg.ffrz.hr\/#\/schema\/person\/a3d4a18838314f7054f7cdc4f4d45f4a"},"headline":"Koliko vrijedi tvoja rije\u010d (Mt 5,33-37)","datePublished":"2020-09-23T10:37:14+00:00","dateModified":"2022-03-29T09:33:33+00:00","mainEntityOfPage":{"@id":"https:\/\/amdg.ffrz.hr\/?p=3516"},"wordCount":984,"publisher":{"@id":"https:\/\/amdg.ffrz.hr\/#\/schema\/person\/a3d4a18838314f7054f7cdc4f4d45f4a"},"image":{"@id":"https:\/\/amdg.ffrz.hr\/?p=3516#primaryimage"},"thumbnailUrl":"https:\/\/amdg.ffrz.hr\/wp-content\/uploads\/jesus-and-the-multitude.jpg","articleSection":["Duhovnost"],"inLanguage":"hr"},{"@type":"WebPage","@id":"https:\/\/amdg.ffrz.hr\/?p=3516","url":"https:\/\/amdg.ffrz.hr\/?p=3516","name":"Koliko vrijedi tvoja rije\u010d (Mt 5,33-37) - Ad maiorem Dei gloriam","isPartOf":{"@id":"https:\/\/amdg.ffrz.hr\/#website"},"primaryImageOfPage":{"@id":"https:\/\/amdg.ffrz.hr\/?p=3516#primaryimage"},"image":{"@id":"https:\/\/amdg.ffrz.hr\/?p=3516#primaryimage"},"thumbnailUrl":"https:\/\/amdg.ffrz.hr\/wp-content\/uploads\/jesus-and-the-multitude.jpg","datePublished":"2020-09-23T10:37:14+00:00","dateModified":"2022-03-29T09:33:33+00:00","description":"U\u010ditelj u okviru svojega programatskoga Govora na gori pou\u010dava o zakletvi i o zavjetovanju, o snazi ljudske rije\u010di.","breadcrumb":{"@id":"https:\/\/amdg.ffrz.hr\/?p=3516#breadcrumb"},"inLanguage":"hr","potentialAction":[{"@type":"ReadAction","target":["https:\/\/amdg.ffrz.hr\/?p=3516"]}]},{"@type":"ImageObject","inLanguage":"hr","@id":"https:\/\/amdg.ffrz.hr\/?p=3516#primaryimage","url":"https:\/\/amdg.ffrz.hr\/wp-content\/uploads\/jesus-and-the-multitude.jpg","contentUrl":"https:\/\/amdg.ffrz.hr\/wp-content\/uploads\/jesus-and-the-multitude.jpg","width":512,"height":384},{"@type":"BreadcrumbList","@id":"https:\/\/amdg.ffrz.hr\/?p=3516#breadcrumb","itemListElement":[{"@type":"ListItem","position":1,"name":"Po\u010detna stranica","item":"https:\/\/amdg.ffrz.hr\/"},{"@type":"ListItem","position":2,"name":"Koliko vrijedi tvoja rije\u010d (Mt 5,33-37)"}]},{"@type":"WebSite","@id":"https:\/\/amdg.ffrz.hr\/#website","url":"https:\/\/amdg.ffrz.hr\/","name":"Ad maiorem Dei gloriam","description":"doc. dr. sc. Niko Bili\u0107:  nastava, duhovnost i cjelo\u017eivotno u\u010denje","publisher":{"@id":"https:\/\/amdg.ffrz.hr\/#\/schema\/person\/a3d4a18838314f7054f7cdc4f4d45f4a"},"potentialAction":[{"@type":"SearchAction","target":{"@type":"EntryPoint","urlTemplate":"https:\/\/amdg.ffrz.hr\/?s={search_term_string}"},"query-input":{"@type":"PropertyValueSpecification","valueRequired":true,"valueName":"search_term_string"}}],"inLanguage":"hr"},{"@type":["Person","Organization"],"@id":"https:\/\/amdg.ffrz.hr\/#\/schema\/person\/a3d4a18838314f7054f7cdc4f4d45f4a","name":"Niko Bili\u0107 SJ","image":{"@type":"ImageObject","inLanguage":"hr","@id":"https:\/\/amdg.ffrz.hr\/#\/schema\/person\/image\/","url":"https:\/\/secure.gravatar.com\/avatar\/14c6ebb29114394312c36c8ab93231d11917870146d266275d4470c0b6c44b88?s=96&d=blank&r=g","contentUrl":"https:\/\/secure.gravatar.com\/avatar\/14c6ebb29114394312c36c8ab93231d11917870146d266275d4470c0b6c44b88?s=96&d=blank&r=g","caption":"Niko Bili\u0107 SJ"},"logo":{"@id":"https:\/\/amdg.ffrz.hr\/#\/schema\/person\/image\/"},"sameAs":["https:\/\/amdg.ffrz.hr","https:\/\/www.facebook.com\/paterniko","https:\/\/www.youtube.com\/user\/paterniko"]}]}},"_links":{"self":[{"href":"https:\/\/amdg.ffrz.hr\/index.php?rest_route=\/wp\/v2\/posts\/3516","targetHints":{"allow":["GET"]}}],"collection":[{"href":"https:\/\/amdg.ffrz.hr\/index.php?rest_route=\/wp\/v2\/posts"}],"about":[{"href":"https:\/\/amdg.ffrz.hr\/index.php?rest_route=\/wp\/v2\/types\/post"}],"author":[{"embeddable":true,"href":"https:\/\/amdg.ffrz.hr\/index.php?rest_route=\/wp\/v2\/users\/1"}],"replies":[{"embeddable":true,"href":"https:\/\/amdg.ffrz.hr\/index.php?rest_route=%2Fwp%2Fv2%2Fcomments&post=3516"}],"version-history":[{"count":2,"href":"https:\/\/amdg.ffrz.hr\/index.php?rest_route=\/wp\/v2\/posts\/3516\/revisions"}],"predecessor-version":[{"id":5213,"href":"https:\/\/amdg.ffrz.hr\/index.php?rest_route=\/wp\/v2\/posts\/3516\/revisions\/5213"}],"wp:attachment":[{"href":"https:\/\/amdg.ffrz.hr\/index.php?rest_route=%2Fwp%2Fv2%2Fmedia&parent=3516"}],"wp:term":[{"taxonomy":"category","embeddable":true,"href":"https:\/\/amdg.ffrz.hr\/index.php?rest_route=%2Fwp%2Fv2%2Fcategories&post=3516"},{"taxonomy":"post_tag","embeddable":true,"href":"https:\/\/amdg.ffrz.hr\/index.php?rest_route=%2Fwp%2Fv2%2Ftags&post=3516"}],"curies":[{"name":"wp","href":"https:\/\/api.w.org\/{rel}","templated":true}]}}