{"id":3610,"date":"2020-09-26T08:51:02","date_gmt":"2020-09-26T06:51:02","guid":{"rendered":"https:\/\/amdg.ffrz.hr\/?p=3610"},"modified":"2022-03-29T11:25:23","modified_gmt":"2022-03-29T09:25:23","slug":"uskrsne-zene","status":"publish","type":"post","link":"https:\/\/amdg.ffrz.hr\/?p=3610","title":{"rendered":"Uskrsne \u017eene (Mk 16,1-7)"},"content":{"rendered":"\n<pre class=\"wp-block-preformatted\">Vazmeno bdjenje (god. B)<\/pre>\n\n\n\n<div class=\"wp-block-image\"><figure class=\"aligncenter size-large\"><a href=\"https:\/\/amdg.ffrz.hr\/wp-content\/uploads\/Schedoni_Le_Marie_al_sepolcro.jpg\"><img loading=\"lazy\" decoding=\"async\" width=\"1024\" height=\"720\" src=\"https:\/\/amdg.ffrz.hr\/wp-content\/uploads\/Schedoni_Le_Marie_al_sepolcro-1024x720.jpg\" alt=\"\" class=\"wp-image-3608\" srcset=\"https:\/\/amdg.ffrz.hr\/wp-content\/uploads\/Schedoni_Le_Marie_al_sepolcro-1024x720.jpg 1024w, https:\/\/amdg.ffrz.hr\/wp-content\/uploads\/Schedoni_Le_Marie_al_sepolcro-300x211.jpg 300w, https:\/\/amdg.ffrz.hr\/wp-content\/uploads\/Schedoni_Le_Marie_al_sepolcro-768x540.jpg 768w, https:\/\/amdg.ffrz.hr\/wp-content\/uploads\/Schedoni_Le_Marie_al_sepolcro.jpg 1095w\" sizes=\"auto, (max-width: 1024px) 100vw, 1024px\" \/><\/a><figcaption>Bartolomeo Schedoni, \u017dene na Isusovu grobu (Le Marie al sepolcro), 1613.<\/figcaption><\/figure><\/div>\n\n\n\n<p><strong>Markovo evan\u0111elje izvje\u0161\u0107uje o odanim Galilejkama koje su ostale uz Isusa i kad je bio raspet i pokopan, a&nbsp;onda na grobu do\u017eivljavaju iznena\u0111enje i primaju poslanje.<\/strong><\/p>\n\n\n\n<p>Vjerne Galilejke idu do U\u010ditelja \u2013 iste one koje su <em>promatrale<\/em> mu\u010deni\u0161tvo na Golgoti (Mk 15,40). Pobijedile su same sebe i svoju \u017eestoku bol, odano, pune su\u0107uti bile su i <em>kod pokopa<\/em>: vidjele su \u00bbkamo ga pola\u017eu\u00ab (Mk 15,47) \u2013 pi\u0161e Evan\u0111elje. A kad je subotnji mir pro\u0161ao kre\u0107u Galilejke u novi dan. I opet su ulo\u017eile svoj novac. <em>Kupile su<\/em> dragocjene pomasti. <em>Idu pomazati<\/em> tijelo dragog Pokojnika. One ga i na uskrsno jutro \u017eele s ljubavlju poslu\u017eiti kao \u0161to su to ve\u0107 u Galileji sve tamo od po\u010detka \u010dinile (Mk 15,41). \u017dele do pokojnika, do mrtvoga, i s pravom se pitaju \u0161to \u0107e s <em>veoma velikim kamenom<\/em> (Mk 16,4). Vidjele su da ga je Josip Arimatejac \u00bbdokotrljao na grobna vrata\u00ab (Mk 15,46). Mi smo ljudi takvi: idemo za svojim ciljevima, mislimo svoje misli. A Bog sprema iznena\u0111enje nad iznena\u0111enjima.<\/p>\n\n\n\n<p>Magdalena, Marija Jakovljeva i Saloma \u2013 precizno nabraja Markovo evan\u0111elje (Mk 16,1). Iz iskustva znamo da je \u017eenska du\u0161a kadra hitrije prihvatiti novu realnost, okre\u0107e se svagdanjim du\u017enostima. U\u010ditelj je ubijen, mrtav je \u2013 prihva\u0107aju one kobnu stvarnost pa okretnom pame\u0107u i spretnim rukama kre\u0107u izvr\u0161iti propis i obi\u010daj. Kane u\u010diniti ono \u0161to se uvijek tako radilo, ono \u0161to oduvijek vrijedi. Pokojniku treba iskazati po\u010dast. Idu na njegov grob kao \u0161to to i mi danas dragim pokojnima \u010dinimo.<\/p>\n\n\n\n<p>Rano jutro ve\u0107 je u dubinama Starog zavjeta vrijeme susreta s Bogom, vrijeme Objave. I uskrsnim \u017eenama sun\u010dev izlazak donijet \u0107e susret s nebom. <em>Ulaze<\/em> u grob, a izlaze u \u017eivot. Zalaze u grobnu tamu, a gledaju svijetlu <em>bijelu haljinu<\/em>. Tra\u017ee izmu\u010deno, izmasakrirano, mrtvo mu\u010denikovo tijelo bez du\u0161e, a pred njima <em>mladi\u0107<\/em> pun jedrine i \u017eivota \u2013 Bo\u017eji glasnik s Bo\u017ejom porukom (Mk 16,5). Ra\u010dunaju na smrt i \u017eele dovr\u0161iti svoju vjernu slu\u017ebu kako bi se u miru s uspomenama povukle, a susrest \u0107e \u017eivot koji buja i tra\u017ei njihovo zalaganje. U tajnovitu mladi\u0107u, zaogrnutom u bijelu haljinu, susre\u0107u O\u010devu slavu koja je uskrisila Isusa od mrtvih i primaju poslanje.<\/p>\n\n\n\n<p>Zna Bo\u017eji glasnik njihov strah i zato veli: \u00bbNe pla\u0161ite se!\u00ab (Mk 16,6). Poznaje on njihovu potragu: \u017eele na\u0107i <em>Raspetoga<\/em> koji je dopustio da ga mi ljudi <em>odlo\u017eimo<\/em>. \u00bbEno mjesta kamo ga polo\u017ei\u0161e.\u00ab \u2013 pokazuje on. Jo\u0161 tamo u po\u010decima Markova evan\u0111elja farizeji i herodovci odvije\u0107ali su i donijeli odluku da ga pogube (Mk 3,6; usp. 11,18), i potom su izvr\u0161ili svoj naum. <em>\u0160to \u0107e nama Sin Bo\u017eji!?<\/em> \u2013 \u0161uruju zacijelo s klju\u010dnim pitanjem koje opet i opet gori paklenim plamom u povijesti svijeta. Maknuli su ga da mogu u miru nastaviti po svome, po svojim predajama, zanemaruju\u0107i Bo\u017eji zakon (Mk 7,8). Koliko puta smo se mi ljudi dali na besmislen, ali zlokoban pothvat da uklonimo i smaknemo Boga \u017eivoga i da ga zamijenimo svojim \u2013 robovlasni\u010dkim \u2013 idolima. Rezultate poznamo dobro. Na vlastitoj smo ih ko\u017ei iskusili.<\/p>\n\n\n\n<p>Dobre Galilejke na grobu Isusovu do\u017eivjet \u0107e pravo <em>obra\u0107enje<\/em>. Od me\u0111usobna <em>razgovora<\/em> i pitanja o tome tko \u0107e im otkotrljati kamen (Mk 16,3) dolaze do slu\u0161anja Bo\u017eje poruke, radosne vijesti: \u00bbUskrsnu! (r. 6) Vidjet \u0107ete ga (r. 7)!\u00ab. Postaju slu\u0161ateljice Bo\u017eje rije\u010di. Od potrage za Pokojnim dolaze do proglasa o Uskrslome. \u00bbIde pred vama u Galileju!\u00ab radosna je vijest koju su poslane prenijeti u\u010denicima i njihovu novom voditelju (Mk 16,6). Od pomazanja <em>mrtvog<\/em> tijela okre\u0107u se poruci <em>\u017eivim<\/em> ljudima.<\/p>\n\n\n\n<p>Isusov Uskrs zna\u010di \u017eivot Crkve. Petar i drugi Isusovi u\u010denici trebaju krenuti na veliko hodo\u010da\u0161\u0107e koje traje sve do danas. I danas Sveti Otac, nasljednik Petrov vodi vjerne ususret Pobjedniku Isusu. <em>Vidjet \u0107emo ga<\/em> \u2013 u slavi Oca i an\u0111ela Bo\u017ejih kako je sam rekao. Uskrsli Isus ide pred <em>nama<\/em>. Isus koji <em>vi\u0161e ne umire<\/em> potvr\u0111uje na\u0161u iskonsku \u010de\u017enju za vje\u010dnim \u017eivotom (Rim 6,9).<\/p>\n\n\n\n<p>Uskrs nije stanka i spokoj. Ne nalaze Galilejke onoga koga su tra\u017eile. Ne\u0107e ga odmah vidjeti. Odre\u0111ena je to frustriranost koja tra\u017ei akciju! &nbsp;\u00bbNazare\u0107anina tra\u017eite?\u00ab \u2013 to\u010dno poga\u0111a an\u0111eo. Pa gdje je Nazaret? U Galileji! Ondje, odakle ste i vi rodom. U va\u0161em kraju i zavi\u010daju. Grob Isusov mjesto je obra\u0107enja i danas. Treba se vratiti prvoj ljubavi i odanom slu\u017eenju. Ne na vrhuncu slave i mo\u0107i, ne u izvanrednim, upitnim polureligijskim iskustvima, nego tamo \u2013 u Galileji gdje ste odanom du\u0161om slijedile Isusa i poslu\u017eivale ga, <em>ondje \u0107ete ga vidjeti <\/em>\u2013 poruka je iz Kristova groba(Mk 16,7). U va\u0161im ku\u0107ama, u va\u0161im obiteljima, na svojem poslu, u svojim naporima i krizama \u2013 ondje tra\u017eite! Uskrs je poslanje svima nama da krenemo. Po\u0111imo u svoju Galileju, ondje \u0107emo \u2013 tako nebo obe\u0107ava \u2013 vidjeti Isusa.<\/p>\n\n\n\n<p>Dobro sveti teolog Pavao obja\u0161njava: Suukopani smo Kristom (Rim 6,3), kao \u0161to su ove tri uskrsne \u017eene u\u0161le u Isusov grob. Ali odande su poslane. Stari je \u010dovjek umro (Rim 6,6). \u017divimo novim \u2013 darovanim \u2013 \u017eivotom. Vi\u0161e nemamo pravo grije\u0161iti, nego \u017eivjeti Bogu. Na\u0161a djela trebaju biti Kristova djela. Na\u0161e rije\u010di trebaju biti Kristove rije\u010di, njegov pogled \u2013 na\u0161 pogled, na\u0161e srce po njegovu Srcu.<\/p>\n\n\n\n<p>Zanimljivo, zada\u0107a evan\u0111eoskih \u017eena bitno je intelektualna! Petar i drugi u\u010denici \u010duli su da im je Isus na putu do Maslinske gore rekao: \u00bbKad uskrsnem, i\u0107i \u0107u pred vama u Galileju\u00ab (Mk 14,28). Sada ih \u017eene moraju <em>podsjetiti<\/em> na to. \u00bbIde pred vama u Galileju\u2026 kako vam re\u010de\u00ab \u2013 poruka je koju su poslane prenijeti (Mk 16,7). To je i na\u0161 put danas. Crkva budi svoje pam\u0107enje i sje\u0107a se \u0161to nam je Isus rekao kako bismo po njegovim rije\u010dima imali \u017eivot \u2013 \u017eivot koji traje.<\/p>\n\n\n\n<pre class=\"wp-block-preformatted\">15.03.12. - ur. 31.3.13.\n2. izd. 26. 9. 2020.\n<a href=\"http:\/\/www.bib.irb.hr\/1109944\" target=\"_blank\" rel=\"noreferrer noopener\">CROSBI<\/a><\/pre>\n\n\n\n<p class=\"has-text-align-right\">Niko Bili\u0107, SJ<\/p>\n","protected":false},"excerpt":{"rendered":"<p>Vazmeno bdjenje (god. B) Markovo evan\u0111elje izvje\u0161\u0107uje o odanim Galilejkama koje su ostale uz Isusa i kad je bio raspet i pokopan, a&nbsp;onda na grobu do\u017eivljavaju iznena\u0111enje i primaju poslanje. Vjerne Galilejke idu do U\u010ditelja \u2013 iste one koje su promatrale mu\u010deni\u0161tvo na Golgoti (Mk 15,40). Pobijedile su same sebe i svoju \u017eestoku bol, odano, [&hellip;]<\/p>\n","protected":false},"author":1,"featured_media":0,"comment_status":"closed","ping_status":"closed","sticky":false,"template":"","format":"standard","meta":{"footnotes":""},"categories":[5,6],"tags":[],"class_list":["post-3610","post","type-post","status-publish","format-standard","hentry","category-duhovnost","category-nastava"],"yoast_head":"<!-- This site is optimized with the Yoast SEO plugin v26.0 - https:\/\/yoast.com\/wordpress\/plugins\/seo\/ -->\n<title>Uskrsne \u017eene (Mk 16,1-7) - Ad maiorem Dei gloriam<\/title>\n<meta name=\"description\" content=\"Markovo evan\u0111elje izvje\u0161\u0107uje o odanim Galilejkama koje su ostale uz Isusa i kad je bio raspet, a onda na grobu primaju poslanje.\" \/>\n<meta name=\"robots\" content=\"index, follow, max-snippet:-1, max-image-preview:large, max-video-preview:-1\" \/>\n<link rel=\"canonical\" href=\"https:\/\/amdg.ffrz.hr\/?p=3610\" \/>\n<meta property=\"og:locale\" content=\"hr_HR\" \/>\n<meta property=\"og:type\" content=\"article\" \/>\n<meta property=\"og:title\" content=\"Uskrsne \u017eene (Mk 16,1-7) - Ad maiorem Dei gloriam\" \/>\n<meta property=\"og:description\" content=\"Markovo evan\u0111elje izvje\u0161\u0107uje o odanim Galilejkama koje su ostale uz Isusa i kad je bio raspet, a onda na grobu primaju poslanje.\" \/>\n<meta property=\"og:url\" content=\"https:\/\/amdg.ffrz.hr\/?p=3610\" \/>\n<meta property=\"og:site_name\" content=\"Ad maiorem Dei gloriam\" \/>\n<meta property=\"article:publisher\" content=\"https:\/\/www.facebook.com\/paterniko\" \/>\n<meta property=\"article:author\" content=\"https:\/\/www.facebook.com\/paterniko\" \/>\n<meta property=\"article:published_time\" content=\"2020-09-26T06:51:02+00:00\" \/>\n<meta property=\"article:modified_time\" content=\"2022-03-29T09:25:23+00:00\" \/>\n<meta property=\"og:image\" content=\"https:\/\/amdg.ffrz.hr\/wp-content\/uploads\/Schedoni_Le_Marie_al_sepolcro-1024x720.jpg\" \/>\n<meta name=\"author\" content=\"Niko Bili\u0107 SJ\" \/>\n<meta name=\"twitter:card\" content=\"summary_large_image\" \/>\n<meta name=\"twitter:label1\" content=\"Napisao\/la\" \/>\n\t<meta name=\"twitter:data1\" content=\"Niko Bili\u0107 SJ\" \/>\n\t<meta name=\"twitter:label2\" content=\"Procijenjeno vrijeme \u010ditanja\" \/>\n\t<meta name=\"twitter:data2\" content=\"6 minuta\" \/>\n<script type=\"application\/ld+json\" class=\"yoast-schema-graph\">{\"@context\":\"https:\/\/schema.org\",\"@graph\":[{\"@type\":\"Article\",\"@id\":\"https:\/\/amdg.ffrz.hr\/?p=3610#article\",\"isPartOf\":{\"@id\":\"https:\/\/amdg.ffrz.hr\/?p=3610\"},\"author\":{\"name\":\"Niko Bili\u0107 SJ\",\"@id\":\"https:\/\/amdg.ffrz.hr\/#\/schema\/person\/a3d4a18838314f7054f7cdc4f4d45f4a\"},\"headline\":\"Uskrsne \u017eene (Mk 16,1-7)\",\"datePublished\":\"2020-09-26T06:51:02+00:00\",\"dateModified\":\"2022-03-29T09:25:23+00:00\",\"mainEntityOfPage\":{\"@id\":\"https:\/\/amdg.ffrz.hr\/?p=3610\"},\"wordCount\":1021,\"publisher\":{\"@id\":\"https:\/\/amdg.ffrz.hr\/#\/schema\/person\/a3d4a18838314f7054f7cdc4f4d45f4a\"},\"image\":{\"@id\":\"https:\/\/amdg.ffrz.hr\/?p=3610#primaryimage\"},\"thumbnailUrl\":\"https:\/\/amdg.ffrz.hr\/wp-content\/uploads\/Schedoni_Le_Marie_al_sepolcro-1024x720.jpg\",\"articleSection\":[\"Duhovnost\",\"Nastava\"],\"inLanguage\":\"hr\"},{\"@type\":\"WebPage\",\"@id\":\"https:\/\/amdg.ffrz.hr\/?p=3610\",\"url\":\"https:\/\/amdg.ffrz.hr\/?p=3610\",\"name\":\"Uskrsne \u017eene (Mk 16,1-7) - Ad maiorem Dei gloriam\",\"isPartOf\":{\"@id\":\"https:\/\/amdg.ffrz.hr\/#website\"},\"primaryImageOfPage\":{\"@id\":\"https:\/\/amdg.ffrz.hr\/?p=3610#primaryimage\"},\"image\":{\"@id\":\"https:\/\/amdg.ffrz.hr\/?p=3610#primaryimage\"},\"thumbnailUrl\":\"https:\/\/amdg.ffrz.hr\/wp-content\/uploads\/Schedoni_Le_Marie_al_sepolcro-1024x720.jpg\",\"datePublished\":\"2020-09-26T06:51:02+00:00\",\"dateModified\":\"2022-03-29T09:25:23+00:00\",\"description\":\"Markovo evan\u0111elje izvje\u0161\u0107uje o odanim Galilejkama koje su ostale uz Isusa i kad je bio raspet, a onda na grobu primaju poslanje.\",\"breadcrumb\":{\"@id\":\"https:\/\/amdg.ffrz.hr\/?p=3610#breadcrumb\"},\"inLanguage\":\"hr\",\"potentialAction\":[{\"@type\":\"ReadAction\",\"target\":[\"https:\/\/amdg.ffrz.hr\/?p=3610\"]}]},{\"@type\":\"ImageObject\",\"inLanguage\":\"hr\",\"@id\":\"https:\/\/amdg.ffrz.hr\/?p=3610#primaryimage\",\"url\":\"https:\/\/amdg.ffrz.hr\/wp-content\/uploads\/Schedoni_Le_Marie_al_sepolcro.jpg\",\"contentUrl\":\"https:\/\/amdg.ffrz.hr\/wp-content\/uploads\/Schedoni_Le_Marie_al_sepolcro.jpg\",\"width\":1095,\"height\":770},{\"@type\":\"BreadcrumbList\",\"@id\":\"https:\/\/amdg.ffrz.hr\/?p=3610#breadcrumb\",\"itemListElement\":[{\"@type\":\"ListItem\",\"position\":1,\"name\":\"Po\u010detna stranica\",\"item\":\"https:\/\/amdg.ffrz.hr\/\"},{\"@type\":\"ListItem\",\"position\":2,\"name\":\"Uskrsne \u017eene (Mk 16,1-7)\"}]},{\"@type\":\"WebSite\",\"@id\":\"https:\/\/amdg.ffrz.hr\/#website\",\"url\":\"https:\/\/amdg.ffrz.hr\/\",\"name\":\"Ad maiorem Dei gloriam\",\"description\":\"doc. dr. sc. Niko Bili\u0107:  nastava, duhovnost i cjelo\u017eivotno u\u010denje\",\"publisher\":{\"@id\":\"https:\/\/amdg.ffrz.hr\/#\/schema\/person\/a3d4a18838314f7054f7cdc4f4d45f4a\"},\"potentialAction\":[{\"@type\":\"SearchAction\",\"target\":{\"@type\":\"EntryPoint\",\"urlTemplate\":\"https:\/\/amdg.ffrz.hr\/?s={search_term_string}\"},\"query-input\":{\"@type\":\"PropertyValueSpecification\",\"valueRequired\":true,\"valueName\":\"search_term_string\"}}],\"inLanguage\":\"hr\"},{\"@type\":[\"Person\",\"Organization\"],\"@id\":\"https:\/\/amdg.ffrz.hr\/#\/schema\/person\/a3d4a18838314f7054f7cdc4f4d45f4a\",\"name\":\"Niko Bili\u0107 SJ\",\"image\":{\"@type\":\"ImageObject\",\"inLanguage\":\"hr\",\"@id\":\"https:\/\/amdg.ffrz.hr\/#\/schema\/person\/image\/\",\"url\":\"https:\/\/secure.gravatar.com\/avatar\/14c6ebb29114394312c36c8ab93231d11917870146d266275d4470c0b6c44b88?s=96&d=blank&r=g\",\"contentUrl\":\"https:\/\/secure.gravatar.com\/avatar\/14c6ebb29114394312c36c8ab93231d11917870146d266275d4470c0b6c44b88?s=96&d=blank&r=g\",\"caption\":\"Niko Bili\u0107 SJ\"},\"logo\":{\"@id\":\"https:\/\/amdg.ffrz.hr\/#\/schema\/person\/image\/\"},\"sameAs\":[\"https:\/\/amdg.ffrz.hr\",\"https:\/\/www.facebook.com\/paterniko\",\"https:\/\/www.youtube.com\/user\/paterniko\"]}]}<\/script>\n<!-- \/ Yoast SEO plugin. -->","yoast_head_json":{"title":"Uskrsne \u017eene (Mk 16,1-7) - Ad maiorem Dei gloriam","description":"Markovo evan\u0111elje izvje\u0161\u0107uje o odanim Galilejkama koje su ostale uz Isusa i kad je bio raspet, a onda na grobu primaju poslanje.","robots":{"index":"index","follow":"follow","max-snippet":"max-snippet:-1","max-image-preview":"max-image-preview:large","max-video-preview":"max-video-preview:-1"},"canonical":"https:\/\/amdg.ffrz.hr\/?p=3610","og_locale":"hr_HR","og_type":"article","og_title":"Uskrsne \u017eene (Mk 16,1-7) - Ad maiorem Dei gloriam","og_description":"Markovo evan\u0111elje izvje\u0161\u0107uje o odanim Galilejkama koje su ostale uz Isusa i kad je bio raspet, a onda na grobu primaju poslanje.","og_url":"https:\/\/amdg.ffrz.hr\/?p=3610","og_site_name":"Ad maiorem Dei gloriam","article_publisher":"https:\/\/www.facebook.com\/paterniko","article_author":"https:\/\/www.facebook.com\/paterniko","article_published_time":"2020-09-26T06:51:02+00:00","article_modified_time":"2022-03-29T09:25:23+00:00","og_image":[{"url":"https:\/\/amdg.ffrz.hr\/wp-content\/uploads\/Schedoni_Le_Marie_al_sepolcro-1024x720.jpg","type":"","width":"","height":""}],"author":"Niko Bili\u0107 SJ","twitter_card":"summary_large_image","twitter_misc":{"Napisao\/la":"Niko Bili\u0107 SJ","Procijenjeno vrijeme \u010ditanja":"6 minuta"},"schema":{"@context":"https:\/\/schema.org","@graph":[{"@type":"Article","@id":"https:\/\/amdg.ffrz.hr\/?p=3610#article","isPartOf":{"@id":"https:\/\/amdg.ffrz.hr\/?p=3610"},"author":{"name":"Niko Bili\u0107 SJ","@id":"https:\/\/amdg.ffrz.hr\/#\/schema\/person\/a3d4a18838314f7054f7cdc4f4d45f4a"},"headline":"Uskrsne \u017eene (Mk 16,1-7)","datePublished":"2020-09-26T06:51:02+00:00","dateModified":"2022-03-29T09:25:23+00:00","mainEntityOfPage":{"@id":"https:\/\/amdg.ffrz.hr\/?p=3610"},"wordCount":1021,"publisher":{"@id":"https:\/\/amdg.ffrz.hr\/#\/schema\/person\/a3d4a18838314f7054f7cdc4f4d45f4a"},"image":{"@id":"https:\/\/amdg.ffrz.hr\/?p=3610#primaryimage"},"thumbnailUrl":"https:\/\/amdg.ffrz.hr\/wp-content\/uploads\/Schedoni_Le_Marie_al_sepolcro-1024x720.jpg","articleSection":["Duhovnost","Nastava"],"inLanguage":"hr"},{"@type":"WebPage","@id":"https:\/\/amdg.ffrz.hr\/?p=3610","url":"https:\/\/amdg.ffrz.hr\/?p=3610","name":"Uskrsne \u017eene (Mk 16,1-7) - Ad maiorem Dei gloriam","isPartOf":{"@id":"https:\/\/amdg.ffrz.hr\/#website"},"primaryImageOfPage":{"@id":"https:\/\/amdg.ffrz.hr\/?p=3610#primaryimage"},"image":{"@id":"https:\/\/amdg.ffrz.hr\/?p=3610#primaryimage"},"thumbnailUrl":"https:\/\/amdg.ffrz.hr\/wp-content\/uploads\/Schedoni_Le_Marie_al_sepolcro-1024x720.jpg","datePublished":"2020-09-26T06:51:02+00:00","dateModified":"2022-03-29T09:25:23+00:00","description":"Markovo evan\u0111elje izvje\u0161\u0107uje o odanim Galilejkama koje su ostale uz Isusa i kad je bio raspet, a onda na grobu primaju poslanje.","breadcrumb":{"@id":"https:\/\/amdg.ffrz.hr\/?p=3610#breadcrumb"},"inLanguage":"hr","potentialAction":[{"@type":"ReadAction","target":["https:\/\/amdg.ffrz.hr\/?p=3610"]}]},{"@type":"ImageObject","inLanguage":"hr","@id":"https:\/\/amdg.ffrz.hr\/?p=3610#primaryimage","url":"https:\/\/amdg.ffrz.hr\/wp-content\/uploads\/Schedoni_Le_Marie_al_sepolcro.jpg","contentUrl":"https:\/\/amdg.ffrz.hr\/wp-content\/uploads\/Schedoni_Le_Marie_al_sepolcro.jpg","width":1095,"height":770},{"@type":"BreadcrumbList","@id":"https:\/\/amdg.ffrz.hr\/?p=3610#breadcrumb","itemListElement":[{"@type":"ListItem","position":1,"name":"Po\u010detna stranica","item":"https:\/\/amdg.ffrz.hr\/"},{"@type":"ListItem","position":2,"name":"Uskrsne \u017eene (Mk 16,1-7)"}]},{"@type":"WebSite","@id":"https:\/\/amdg.ffrz.hr\/#website","url":"https:\/\/amdg.ffrz.hr\/","name":"Ad maiorem Dei gloriam","description":"doc. dr. sc. Niko Bili\u0107:  nastava, duhovnost i cjelo\u017eivotno u\u010denje","publisher":{"@id":"https:\/\/amdg.ffrz.hr\/#\/schema\/person\/a3d4a18838314f7054f7cdc4f4d45f4a"},"potentialAction":[{"@type":"SearchAction","target":{"@type":"EntryPoint","urlTemplate":"https:\/\/amdg.ffrz.hr\/?s={search_term_string}"},"query-input":{"@type":"PropertyValueSpecification","valueRequired":true,"valueName":"search_term_string"}}],"inLanguage":"hr"},{"@type":["Person","Organization"],"@id":"https:\/\/amdg.ffrz.hr\/#\/schema\/person\/a3d4a18838314f7054f7cdc4f4d45f4a","name":"Niko Bili\u0107 SJ","image":{"@type":"ImageObject","inLanguage":"hr","@id":"https:\/\/amdg.ffrz.hr\/#\/schema\/person\/image\/","url":"https:\/\/secure.gravatar.com\/avatar\/14c6ebb29114394312c36c8ab93231d11917870146d266275d4470c0b6c44b88?s=96&d=blank&r=g","contentUrl":"https:\/\/secure.gravatar.com\/avatar\/14c6ebb29114394312c36c8ab93231d11917870146d266275d4470c0b6c44b88?s=96&d=blank&r=g","caption":"Niko Bili\u0107 SJ"},"logo":{"@id":"https:\/\/amdg.ffrz.hr\/#\/schema\/person\/image\/"},"sameAs":["https:\/\/amdg.ffrz.hr","https:\/\/www.facebook.com\/paterniko","https:\/\/www.youtube.com\/user\/paterniko"]}]}},"_links":{"self":[{"href":"https:\/\/amdg.ffrz.hr\/index.php?rest_route=\/wp\/v2\/posts\/3610","targetHints":{"allow":["GET"]}}],"collection":[{"href":"https:\/\/amdg.ffrz.hr\/index.php?rest_route=\/wp\/v2\/posts"}],"about":[{"href":"https:\/\/amdg.ffrz.hr\/index.php?rest_route=\/wp\/v2\/types\/post"}],"author":[{"embeddable":true,"href":"https:\/\/amdg.ffrz.hr\/index.php?rest_route=\/wp\/v2\/users\/1"}],"replies":[{"embeddable":true,"href":"https:\/\/amdg.ffrz.hr\/index.php?rest_route=%2Fwp%2Fv2%2Fcomments&post=3610"}],"version-history":[{"count":5,"href":"https:\/\/amdg.ffrz.hr\/index.php?rest_route=\/wp\/v2\/posts\/3610\/revisions"}],"predecessor-version":[{"id":5210,"href":"https:\/\/amdg.ffrz.hr\/index.php?rest_route=\/wp\/v2\/posts\/3610\/revisions\/5210"}],"wp:attachment":[{"href":"https:\/\/amdg.ffrz.hr\/index.php?rest_route=%2Fwp%2Fv2%2Fmedia&parent=3610"}],"wp:term":[{"taxonomy":"category","embeddable":true,"href":"https:\/\/amdg.ffrz.hr\/index.php?rest_route=%2Fwp%2Fv2%2Fcategories&post=3610"},{"taxonomy":"post_tag","embeddable":true,"href":"https:\/\/amdg.ffrz.hr\/index.php?rest_route=%2Fwp%2Fv2%2Ftags&post=3610"}],"curies":[{"name":"wp","href":"https:\/\/api.w.org\/{rel}","templated":true}]}}