{"id":5980,"date":"2023-05-09T11:03:01","date_gmt":"2023-05-09T09:03:01","guid":{"rendered":"https:\/\/amdg.ffrz.hr\/?p=5980"},"modified":"2023-05-09T11:03:25","modified_gmt":"2023-05-09T09:03:25","slug":"zivo-srce-ez-36-22-28","status":"publish","type":"post","link":"https:\/\/amdg.ffrz.hr\/?p=5980","title":{"rendered":"\u201e\u017divo srce\u201c (Ez 36, 22 \u2013 28)"},"content":{"rendered":"\n<h4 class=\"wp-block-heading\">Josip Sari\u0107<\/h4>\n\n\n\n<p><a href=\"https:\/\/amdg.ffrz.hr\/fti_proroci\/JSaric_zivosrce.pdf\" target=\"_blank\" rel=\"noreferrer noopener\">\u201e\u017divo srce\u201c (Ez 36, 22 \u2013 28) PDF<\/a> * <a href=\"https:\/\/amdg.ffrz.hr\/fti_proroci\/JSaric_zivosrce.docx\">.docx<\/a><\/p>\n\n\n\n<p>Nalazimo se u poglavlju koje govori o gorama Izraelskim. Ovo proro\u0161tvo najavljuje ponovnu pobjedu Izraelskih gora nad Edomskim. Prorok Ezekiel je prorok Duha. Bog mu daje nalog i on ide, hrani se Bo\u017ejom rije\u010dju, slu\u0161a je i ona postaje sadr\u017eaj u prorokovu srcu. Prorok proni\u010de duhom. On donosi radosno proro\u0161tvo ali i proro\u0161tvo koje kori grijehe naroda. Jahve zna \u0161to \u010dini i sam ispravlja gre\u0161ku svoga naroda koji je oskvrnuo njegovo ime. Posve\u0107uje svoje ime da poka\u017ee narodu svome, koji o\u010dito ne vidi tu va\u017enost, i znat \u0107e narod, ka\u017ee Jahve Bog, da je njegovo ime sveto. Jer Jahve je svet i samo ga on mo\u017ee posvetiti.<\/p>\n\n\n\n<p>Bog ima interes da posveti svoje ime, veliko i sveto, ali ne samo to, nego \u0107e i svome narodu dati ne\u0161to od sebe, od svoga dostojanstva, od svoje svetosti, a to je njegov vlastiti Duh kojega \u0107e udahnuti i novo srce koje \u0107e usaditi u nas. Kao da nam Jahve na taj na\u010din govori: bez moje intervencije, bez mog udjela u va\u0161em \u017eivotu ne\u0107ete spoznati svetost moga imena. Kada Duh svoj udahnem u vas, onda \u0107ete hoditi mojim stazama, slu\u0161at \u0107ete me, jer Duh \u0107e vas voditi. Zamjenit \u0107e Jahve srce kameno svoga naroda i dati nam novo srce, srce od mesa, \u017eivo srce, srce \u017eivota, koje nas pokre\u0107e i vodi k Bogu.<\/p>\n\n\n\n<p>Nije slu\u010dajno da Jahve koristi simbol kamena (Ez 36,26) da opi\u0161e u kakvom se stanju nalazi njegov narod. Kamen je simbol smrti, mrtvila, be\u017eivotnosti. On je be\u0161\u0107utan, ne vidi, ne \u010duje, ne osje\u0107a. Od kamena se rade la\u017eni bogovi. Bog \u017eeli svom narodu dati novo srce od mesa koje je sredi\u0161te i izvor \u017eivota. Upravo po tom srcu, Bog \u017eeli da ga izbliza upoznamo i slijedimo, ali i da ga drugi po nama upoznaju. Kada \u010ditamo tekst imamo osje\u0107aj da Jahve Bog progovara svakome osobno (Ez 36,22-28). Govor nije upu\u0107en nekoj tre\u0107oj skupini, nego upravo nama koji \u010ditamo. \u201eVas\u201c, \u201eva\u0161e\u201c, \u201emoj narod\u201c, \u201eva\u0161 Bog\u201c, rije\u010di su izravno upu\u0107ene \u010ditatelju ali i svim svjetskim narodima \u0161to ih je stvorio.<\/p>\n\n\n\n<p>\u201eZnat \u0107e narodi da sam ja Gospodin\u201c (Ez 36,23) bilje\u017ei prorok. Upotreba imenice <em>goj<\/em> upu\u0107uje na tu\u0111e narode, pogane, koji jo\u0161 nisu upoznali Boga. Daju\u0107i nam novo srce, srce \u017eivo i nov duh, kao da Bog \u017eeli u\u010diniti sve narode svjedocima svoje svetosti koji \u0107e raznositi po svem svijetu radosnu vijest o svetom imenu Bo\u017ejemu. Oni \u0107e biti njegov narod, a Jahve njihov Bog (36,28). Bog nas poziva da ga upoznamo izbliza, daje nam poslanje, govori nam \u0161to \u0107emo biti i kako \u0107emo postati njegovi svjedoci.<\/p>\n\n\n\n<p>Vidimo i potpunu prorokovu predanost Bogu. Slu\u0161aju\u0107i ga, gledamo njegov lik ali jasno prepoznajemo Rije\u010d Bo\u017eju. Uvi\u0111amo kako Bog, malo po malo, mijenja \u010dovjeka na najdubljoj razini. Ta promjena vodi do samoga sredi\u0161ta, do \u010distog srca, a u srcu prebiva Bog sam! \u201ePo\u0161kropit \u0107u vas, o\u010distit \u0107u vas od svega, dat \u0107u vam novo srce i nov duh udahnut \u0107u u vas\u201c (36,25-26). Tako Bog sklapa savez i \u010dovjek ulazi u zajedni\u0161tvo s njime. Postaje dio nas i mi dio njegove svetost.<\/p>\n\n\n\n<p>Bo\u017eji Duh i \u017eivo srce koje nam daje \u010dine nas sposobnim da vr\u0161imo njegovu volju. Da ponovo \u010dujemo, vidimo, \u017eivimo i osje\u0107amo da smo pripadnici Bo\u017ejeg naroda. Narod koji slijedi svog Boga i \u010dvrsto nogama hoda po zemlji otaca svojih, srcem i duhom uperenim u nebo gdje pripadamo, a to jest stvar srca.<\/p>\n","protected":false},"excerpt":{"rendered":"<p>Josip Sari\u0107 \u201e\u017divo srce\u201c (Ez 36, 22 \u2013 28) PDF * .docx Nalazimo se u poglavlju koje govori o gorama Izraelskim. Ovo proro\u0161tvo najavljuje ponovnu pobjedu Izraelskih gora nad Edomskim. Prorok Ezekiel je prorok Duha. Bog mu daje nalog i on ide, hrani se Bo\u017ejom rije\u010dju, slu\u0161a je i ona postaje sadr\u017eaj u prorokovu srcu. [&hellip;]<\/p>\n","protected":false},"author":1,"featured_media":0,"comment_status":"closed","ping_status":"closed","sticky":false,"template":"","format":"standard","meta":{"footnotes":""},"categories":[6],"tags":[],"class_list":["post-5980","post","type-post","status-publish","format-standard","hentry","category-nastava"],"yoast_head":"<!-- This site is optimized with the Yoast SEO plugin v26.0 - https:\/\/yoast.com\/wordpress\/plugins\/seo\/ -->\n<title>\u201e\u017divo srce\u201c (Ez 36, 22 \u2013 28) - Ad maiorem Dei gloriam<\/title>\n<meta name=\"robots\" content=\"index, follow, max-snippet:-1, max-image-preview:large, max-video-preview:-1\" \/>\n<link rel=\"canonical\" href=\"https:\/\/amdg.ffrz.hr\/?p=5980\" \/>\n<meta property=\"og:locale\" content=\"hr_HR\" \/>\n<meta property=\"og:type\" content=\"article\" \/>\n<meta property=\"og:title\" content=\"\u201e\u017divo srce\u201c (Ez 36, 22 \u2013 28) - Ad maiorem Dei gloriam\" \/>\n<meta property=\"og:description\" content=\"Josip Sari\u0107 \u201e\u017divo srce\u201c (Ez 36, 22 \u2013 28) PDF * .docx Nalazimo se u poglavlju koje govori o gorama Izraelskim. Ovo proro\u0161tvo najavljuje ponovnu pobjedu Izraelskih gora nad Edomskim. Prorok Ezekiel je prorok Duha. Bog mu daje nalog i on ide, hrani se Bo\u017ejom rije\u010dju, slu\u0161a je i ona postaje sadr\u017eaj u prorokovu srcu. [&hellip;]\" \/>\n<meta property=\"og:url\" content=\"https:\/\/amdg.ffrz.hr\/?p=5980\" \/>\n<meta property=\"og:site_name\" content=\"Ad maiorem Dei gloriam\" \/>\n<meta property=\"article:publisher\" content=\"https:\/\/www.facebook.com\/paterniko\" \/>\n<meta property=\"article:author\" content=\"https:\/\/www.facebook.com\/paterniko\" \/>\n<meta property=\"article:published_time\" content=\"2023-05-09T09:03:01+00:00\" \/>\n<meta property=\"article:modified_time\" content=\"2023-05-09T09:03:25+00:00\" \/>\n<meta name=\"author\" content=\"Niko Bili\u0107 SJ\" \/>\n<meta name=\"twitter:card\" content=\"summary_large_image\" \/>\n<meta name=\"twitter:label1\" content=\"Napisao\/la\" \/>\n\t<meta name=\"twitter:data1\" content=\"Niko Bili\u0107 SJ\" \/>\n\t<meta name=\"twitter:label2\" content=\"Procijenjeno vrijeme \u010ditanja\" \/>\n\t<meta name=\"twitter:data2\" content=\"4 minute\" \/>\n<script type=\"application\/ld+json\" class=\"yoast-schema-graph\">{\"@context\":\"https:\/\/schema.org\",\"@graph\":[{\"@type\":\"Article\",\"@id\":\"https:\/\/amdg.ffrz.hr\/?p=5980#article\",\"isPartOf\":{\"@id\":\"https:\/\/amdg.ffrz.hr\/?p=5980\"},\"author\":{\"name\":\"Niko Bili\u0107 SJ\",\"@id\":\"https:\/\/amdg.ffrz.hr\/#\/schema\/person\/a3d4a18838314f7054f7cdc4f4d45f4a\"},\"headline\":\"\u201e\u017divo srce\u201c (Ez 36, 22 \u2013 28)\",\"datePublished\":\"2023-05-09T09:03:01+00:00\",\"dateModified\":\"2023-05-09T09:03:25+00:00\",\"mainEntityOfPage\":{\"@id\":\"https:\/\/amdg.ffrz.hr\/?p=5980\"},\"wordCount\":618,\"publisher\":{\"@id\":\"https:\/\/amdg.ffrz.hr\/#\/schema\/person\/a3d4a18838314f7054f7cdc4f4d45f4a\"},\"articleSection\":[\"Nastava\"],\"inLanguage\":\"hr\"},{\"@type\":\"WebPage\",\"@id\":\"https:\/\/amdg.ffrz.hr\/?p=5980\",\"url\":\"https:\/\/amdg.ffrz.hr\/?p=5980\",\"name\":\"\u201e\u017divo srce\u201c (Ez 36, 22 \u2013 28) - Ad maiorem Dei gloriam\",\"isPartOf\":{\"@id\":\"https:\/\/amdg.ffrz.hr\/#website\"},\"datePublished\":\"2023-05-09T09:03:01+00:00\",\"dateModified\":\"2023-05-09T09:03:25+00:00\",\"breadcrumb\":{\"@id\":\"https:\/\/amdg.ffrz.hr\/?p=5980#breadcrumb\"},\"inLanguage\":\"hr\",\"potentialAction\":[{\"@type\":\"ReadAction\",\"target\":[\"https:\/\/amdg.ffrz.hr\/?p=5980\"]}]},{\"@type\":\"BreadcrumbList\",\"@id\":\"https:\/\/amdg.ffrz.hr\/?p=5980#breadcrumb\",\"itemListElement\":[{\"@type\":\"ListItem\",\"position\":1,\"name\":\"Po\u010detna stranica\",\"item\":\"https:\/\/amdg.ffrz.hr\/\"},{\"@type\":\"ListItem\",\"position\":2,\"name\":\"\u201e\u017divo srce\u201c (Ez 36, 22 \u2013 28)\"}]},{\"@type\":\"WebSite\",\"@id\":\"https:\/\/amdg.ffrz.hr\/#website\",\"url\":\"https:\/\/amdg.ffrz.hr\/\",\"name\":\"Ad maiorem Dei gloriam\",\"description\":\"doc. dr. sc. Niko Bili\u0107:  nastava, duhovnost i cjelo\u017eivotno u\u010denje\",\"publisher\":{\"@id\":\"https:\/\/amdg.ffrz.hr\/#\/schema\/person\/a3d4a18838314f7054f7cdc4f4d45f4a\"},\"potentialAction\":[{\"@type\":\"SearchAction\",\"target\":{\"@type\":\"EntryPoint\",\"urlTemplate\":\"https:\/\/amdg.ffrz.hr\/?s={search_term_string}\"},\"query-input\":{\"@type\":\"PropertyValueSpecification\",\"valueRequired\":true,\"valueName\":\"search_term_string\"}}],\"inLanguage\":\"hr\"},{\"@type\":[\"Person\",\"Organization\"],\"@id\":\"https:\/\/amdg.ffrz.hr\/#\/schema\/person\/a3d4a18838314f7054f7cdc4f4d45f4a\",\"name\":\"Niko Bili\u0107 SJ\",\"image\":{\"@type\":\"ImageObject\",\"inLanguage\":\"hr\",\"@id\":\"https:\/\/amdg.ffrz.hr\/#\/schema\/person\/image\/\",\"url\":\"https:\/\/secure.gravatar.com\/avatar\/14c6ebb29114394312c36c8ab93231d11917870146d266275d4470c0b6c44b88?s=96&d=blank&r=g\",\"contentUrl\":\"https:\/\/secure.gravatar.com\/avatar\/14c6ebb29114394312c36c8ab93231d11917870146d266275d4470c0b6c44b88?s=96&d=blank&r=g\",\"caption\":\"Niko Bili\u0107 SJ\"},\"logo\":{\"@id\":\"https:\/\/amdg.ffrz.hr\/#\/schema\/person\/image\/\"},\"sameAs\":[\"https:\/\/amdg.ffrz.hr\",\"https:\/\/www.facebook.com\/paterniko\",\"https:\/\/www.youtube.com\/user\/paterniko\"]}]}<\/script>\n<!-- \/ Yoast SEO plugin. -->","yoast_head_json":{"title":"\u201e\u017divo srce\u201c (Ez 36, 22 \u2013 28) - Ad maiorem Dei gloriam","robots":{"index":"index","follow":"follow","max-snippet":"max-snippet:-1","max-image-preview":"max-image-preview:large","max-video-preview":"max-video-preview:-1"},"canonical":"https:\/\/amdg.ffrz.hr\/?p=5980","og_locale":"hr_HR","og_type":"article","og_title":"\u201e\u017divo srce\u201c (Ez 36, 22 \u2013 28) - Ad maiorem Dei gloriam","og_description":"Josip Sari\u0107 \u201e\u017divo srce\u201c (Ez 36, 22 \u2013 28) PDF * .docx Nalazimo se u poglavlju koje govori o gorama Izraelskim. Ovo proro\u0161tvo najavljuje ponovnu pobjedu Izraelskih gora nad Edomskim. Prorok Ezekiel je prorok Duha. Bog mu daje nalog i on ide, hrani se Bo\u017ejom rije\u010dju, slu\u0161a je i ona postaje sadr\u017eaj u prorokovu srcu. [&hellip;]","og_url":"https:\/\/amdg.ffrz.hr\/?p=5980","og_site_name":"Ad maiorem Dei gloriam","article_publisher":"https:\/\/www.facebook.com\/paterniko","article_author":"https:\/\/www.facebook.com\/paterniko","article_published_time":"2023-05-09T09:03:01+00:00","article_modified_time":"2023-05-09T09:03:25+00:00","author":"Niko Bili\u0107 SJ","twitter_card":"summary_large_image","twitter_misc":{"Napisao\/la":"Niko Bili\u0107 SJ","Procijenjeno vrijeme \u010ditanja":"4 minute"},"schema":{"@context":"https:\/\/schema.org","@graph":[{"@type":"Article","@id":"https:\/\/amdg.ffrz.hr\/?p=5980#article","isPartOf":{"@id":"https:\/\/amdg.ffrz.hr\/?p=5980"},"author":{"name":"Niko Bili\u0107 SJ","@id":"https:\/\/amdg.ffrz.hr\/#\/schema\/person\/a3d4a18838314f7054f7cdc4f4d45f4a"},"headline":"\u201e\u017divo srce\u201c (Ez 36, 22 \u2013 28)","datePublished":"2023-05-09T09:03:01+00:00","dateModified":"2023-05-09T09:03:25+00:00","mainEntityOfPage":{"@id":"https:\/\/amdg.ffrz.hr\/?p=5980"},"wordCount":618,"publisher":{"@id":"https:\/\/amdg.ffrz.hr\/#\/schema\/person\/a3d4a18838314f7054f7cdc4f4d45f4a"},"articleSection":["Nastava"],"inLanguage":"hr"},{"@type":"WebPage","@id":"https:\/\/amdg.ffrz.hr\/?p=5980","url":"https:\/\/amdg.ffrz.hr\/?p=5980","name":"\u201e\u017divo srce\u201c (Ez 36, 22 \u2013 28) - Ad maiorem Dei gloriam","isPartOf":{"@id":"https:\/\/amdg.ffrz.hr\/#website"},"datePublished":"2023-05-09T09:03:01+00:00","dateModified":"2023-05-09T09:03:25+00:00","breadcrumb":{"@id":"https:\/\/amdg.ffrz.hr\/?p=5980#breadcrumb"},"inLanguage":"hr","potentialAction":[{"@type":"ReadAction","target":["https:\/\/amdg.ffrz.hr\/?p=5980"]}]},{"@type":"BreadcrumbList","@id":"https:\/\/amdg.ffrz.hr\/?p=5980#breadcrumb","itemListElement":[{"@type":"ListItem","position":1,"name":"Po\u010detna stranica","item":"https:\/\/amdg.ffrz.hr\/"},{"@type":"ListItem","position":2,"name":"\u201e\u017divo srce\u201c (Ez 36, 22 \u2013 28)"}]},{"@type":"WebSite","@id":"https:\/\/amdg.ffrz.hr\/#website","url":"https:\/\/amdg.ffrz.hr\/","name":"Ad maiorem Dei gloriam","description":"doc. dr. sc. Niko Bili\u0107:  nastava, duhovnost i cjelo\u017eivotno u\u010denje","publisher":{"@id":"https:\/\/amdg.ffrz.hr\/#\/schema\/person\/a3d4a18838314f7054f7cdc4f4d45f4a"},"potentialAction":[{"@type":"SearchAction","target":{"@type":"EntryPoint","urlTemplate":"https:\/\/amdg.ffrz.hr\/?s={search_term_string}"},"query-input":{"@type":"PropertyValueSpecification","valueRequired":true,"valueName":"search_term_string"}}],"inLanguage":"hr"},{"@type":["Person","Organization"],"@id":"https:\/\/amdg.ffrz.hr\/#\/schema\/person\/a3d4a18838314f7054f7cdc4f4d45f4a","name":"Niko Bili\u0107 SJ","image":{"@type":"ImageObject","inLanguage":"hr","@id":"https:\/\/amdg.ffrz.hr\/#\/schema\/person\/image\/","url":"https:\/\/secure.gravatar.com\/avatar\/14c6ebb29114394312c36c8ab93231d11917870146d266275d4470c0b6c44b88?s=96&d=blank&r=g","contentUrl":"https:\/\/secure.gravatar.com\/avatar\/14c6ebb29114394312c36c8ab93231d11917870146d266275d4470c0b6c44b88?s=96&d=blank&r=g","caption":"Niko Bili\u0107 SJ"},"logo":{"@id":"https:\/\/amdg.ffrz.hr\/#\/schema\/person\/image\/"},"sameAs":["https:\/\/amdg.ffrz.hr","https:\/\/www.facebook.com\/paterniko","https:\/\/www.youtube.com\/user\/paterniko"]}]}},"_links":{"self":[{"href":"https:\/\/amdg.ffrz.hr\/index.php?rest_route=\/wp\/v2\/posts\/5980","targetHints":{"allow":["GET"]}}],"collection":[{"href":"https:\/\/amdg.ffrz.hr\/index.php?rest_route=\/wp\/v2\/posts"}],"about":[{"href":"https:\/\/amdg.ffrz.hr\/index.php?rest_route=\/wp\/v2\/types\/post"}],"author":[{"embeddable":true,"href":"https:\/\/amdg.ffrz.hr\/index.php?rest_route=\/wp\/v2\/users\/1"}],"replies":[{"embeddable":true,"href":"https:\/\/amdg.ffrz.hr\/index.php?rest_route=%2Fwp%2Fv2%2Fcomments&post=5980"}],"version-history":[{"count":1,"href":"https:\/\/amdg.ffrz.hr\/index.php?rest_route=\/wp\/v2\/posts\/5980\/revisions"}],"predecessor-version":[{"id":5984,"href":"https:\/\/amdg.ffrz.hr\/index.php?rest_route=\/wp\/v2\/posts\/5980\/revisions\/5984"}],"wp:attachment":[{"href":"https:\/\/amdg.ffrz.hr\/index.php?rest_route=%2Fwp%2Fv2%2Fmedia&parent=5980"}],"wp:term":[{"taxonomy":"category","embeddable":true,"href":"https:\/\/amdg.ffrz.hr\/index.php?rest_route=%2Fwp%2Fv2%2Fcategories&post=5980"},{"taxonomy":"post_tag","embeddable":true,"href":"https:\/\/amdg.ffrz.hr\/index.php?rest_route=%2Fwp%2Fv2%2Ftags&post=5980"}],"curies":[{"name":"wp","href":"https:\/\/api.w.org\/{rel}","templated":true}]}}