{"id":858,"date":"2018-04-10T12:16:52","date_gmt":"2018-04-10T10:16:52","guid":{"rendered":"https:\/\/amdg.ffrz.hr\/?p=858"},"modified":"2018-07-12T09:32:54","modified_gmt":"2018-07-12T07:32:54","slug":"isusovo-uskrsnuce-temelj-dubinskoga-obracenja","status":"publish","type":"post","link":"https:\/\/amdg.ffrz.hr\/?p=858","title":{"rendered":"Isusovo uskrsnu\u0107e &#8211; temelj dubinskoga obra\u0107enja"},"content":{"rendered":"<p><img loading=\"lazy\" decoding=\"async\" class=\"alignleft\" src=\"https:\/\/amdg.ffrz.hr\/duhvj\/scj2017\/grbDruzbeSCJ.jpg\" width=\"252\" height=\"247\" \/><em><strong>Obratite se i vjerujte evan\u0111elju! (Mk 1,15)<\/strong><\/em><\/p>\n<p>Duhovne vje\u017ebe<\/p>\n<p><em><strong><a href=\"https:\/\/www.sestre-scj.hr\/\">Dru\u017ebe Sestara Presvetoga Srca Isusova<\/a><\/strong><\/em><\/p>\n<p>Domus Laurana, Lovran, 2. do 8. travnja 2018.<\/p>\n<p>ponedjeljak, 2.4. u 20:00<\/p>\n<p style=\"padding-left: 30px;\"><a href=\"https:\/\/amdg.eu\/2014\/06\/zaziv-duha-svetoga\/\">Po\u0161alji Duha svojega &#8211; Molitva redovnika i redovnica<\/a><\/p>\n<p><a href=\"https:\/\/amdg.ffrz.hr\/duhvj\/scj2018\/01ana.pdf\">PDF<\/a> * <a href=\"https:\/\/amdg.ffrz.hr\/duhvj\/scj2018\/01ana.ppt\">Novo lice majke Ane &#8211; 1 Sam 1s (.ppt)<\/a> * <a href=\"https:\/\/amdg.eu\/2013\/11\/plodonosan-zavjet\/\">Plodonosan zavjet majke Ane<\/a> * <a href=\"https:\/\/amdg.ffrz.hr\/ana.htm\">Ana, majka velikoga proroka<\/a> *\u00a0 <a href=\"https:\/\/amdg.eu\/2012\/06\/molitva-samuelove-majke-ane\/\">Molitva sa Samuelovom majkom Anom<\/a><\/p>\n<p>utorak, 3.4.<\/p>\n<p style=\"padding-left: 30px;\"><a href=\"https:\/\/vjeronauk.net\/?page_id=920\">Do\u0111i, Du\u0161e presveti<\/a> * <a href=\"https:\/\/amdg.eu\/2012\/09\/molitva-za-lice\/\">Molitva za lice<\/a><\/p>\n<p><a href=\"https:\/\/amdg.ffrz.hr\/duhvj\/scj2018\/02slikaBozja.pdf\">PDF<\/a> * <a href=\"https:\/\/amdg.ffrz.hr\/duhvj\/scj2018\/02slikaBozja.ppt\">Na sliku Bo\u017eju &#8211; izvorni nacrt \u010dovjeka u Svetom pismu (.ppt)<\/a> *\u00a0<a title=\"\u010covjekovo poslanje\" href=\"https:\/\/amdg.eu\/2012\/02\/covjekovo-poslanje\/\">Na sliku Bo\u017eju<\/a> * <a title=\"Permalink to Tajna kr\u0161\u0107anske plodnosti (Iv 15,1-8)\" href=\"https:\/\/amdg.eu\/2012\/03\/tajna-krscanske-plodnosti\/\" rel=\"bookmark\">Tajna kr\u0161\u0107anske plodnosti (Iv 15,1-8)<\/a> * <a href=\"https:\/\/amdg.eu\/2012\/09\/molitva-novostvorenoga-covjeka\/\">Molitva s novostvorenim \u010dovjekom<\/a><\/p>\n<p><a href=\"https:\/\/amdg.eu\/2012\/04\/glasnica-radosti-2\/\">Sedam stupnjeva u obra\u0107enju Marije Magdalene<\/a><\/p>\n<p style=\"padding-left: 30px;\"><a href=\"https:\/\/amdg.ffrz.hr\/musica\/note\/dodjigospodine.pdf\">Do\u0111i, Gospodine Isuse (.pdf)<\/a><\/p>\n<p><a href=\"https:\/\/amdg.ffrz.hr\/duhvj\/scj2018\/03post22.pdf\">PDF<\/a> * <a href=\"https:\/\/amdg.ffrz.hr\/duhvj\/scj2018\/03post22.ppt\">Abraham u \u0161koli bogoslu\u017eja (.ppt)<\/a> * <a href=\"https:\/\/amdg.eu\/2014\/05\/molitva-s-abrahamom\/\">Molitva s Abrahamom kad je bio na ku\u0161nji<\/a><\/p>\n<p>srijeda, 4.4.<\/p>\n<p style=\"padding-left: 30px;\"><a href=\"https:\/\/amdg.ffrz.hr\/?p=843\">Molitva za ruke<\/a> * <a href=\"https:\/\/amdg.ffrz.hr\/musica\/note\/dodjiisusenas.pdf\">Do\u0111i, Isuse na\u0161 (.pdf)<\/a><\/p>\n<p><a href=\"https:\/\/amdg.ffrz.hr\/duhvj\/scj2018\/04jakov_Post35.pdf\">PDF<\/a> * <a href=\"https:\/\/amdg.ffrz.hr\/duhvj\/scj2018\/04jakov_Post35.ppt\">Praotac Jakov opet u domovini (.ppt)<\/a> * <a title=\"Praotac Jakov opet u domovini (Post 35)\" href=\"https:\/\/amdg.eu\/2013\/12\/praotac-jakov-opet-u-domovini\/\">Praotac Jakov opet u domovini (Post 35,1-15)<\/a> *\u00a0 <a href=\"https:\/\/amdg.eu\/2012\/07\/molitva-patrijarha-jakova\/\">Molitva s patrijarhom Jakovom<\/a><\/p>\n<p><a href=\"https:\/\/amdg.eu\/2012\/10\/put-u-emaus\/\">Obra\u0107enje na putu u Emaus i natrag<\/a><\/p>\n<p>Pokorni\u010dko slavlje:<br \/>\n<a href=\"https:\/\/amdg.eu\/2013\/04\/zivo-srce\/\">\u017divo srce<\/a> * <a href=\"https:\/\/amdg.ffrz.hr\/musica\/note\/ps103hr_barahi.pdf\">Psalam 103 &#8211; Barahi naf\u0161i (.pdf)<\/a><\/p>\n<p><a href=\"https:\/\/amdg.ffrz.hr\/duhvj\/scj2018\/05preljubnica_Iv8.pdf\">PDF<\/a> * <a href=\"https:\/\/amdg.ffrz.hr\/duhvj\/scj2018\/05preljubnica_Iv8.ppt\">Veliko pomirenje &#8211; Svjetlo svijeta pred mrakom grijeha (.ppt)<\/a> * <a title=\"Isus \u2013 svjetlo svijeta (Iv 8,1\u201312)\" href=\"https:\/\/amdg.eu\/2012\/03\/isus-svjetlo-svijeta\/\">Isus \u2013 svjetlo svijeta (Iv 8,1-12)<\/a> *\u00a0<a title=\"Permalink to Opro\u0161tenje u hramu\" href=\"https:\/\/amdg.eu\/2012\/03\/oprostenje-u-hramu\/\" rel=\"bookmark\">Opro\u0161tenje u hramu<\/a> *\u00a0 <a href=\"https:\/\/amdg.eu\/2012\/07\/molitve-optuzene-preljubnice\/\">Molitva s optu\u017eenom<\/a><\/p>\n<p>\u010detvrtak, 5.4.<\/p>\n<p style=\"padding-left: 30px;\"><a href=\"https:\/\/amdg.eu\/2012\/09\/molitva-za-oci\/\">Molitva za o\u010di<\/a> * <a href=\"https:\/\/amdg.ffrz.hr\/musica\/note\/ps95D.pdf\">Uskrsnu (Ps 95) .pdf<\/a><\/p>\n<p><a href=\"https:\/\/amdg.ffrz.hr\/duhvj\/scj2018\/06mirjam.pdf\">PDF<\/a> * <a href=\"https:\/\/amdg.ffrz.hr\/duhvj\/scj2018\/06mirjam.ppt\">Mirjam &#8211; proro\u010dica i predvoditeljica (.ppt)<\/a> * <a href=\"https:\/\/amdg.ffrz.hr\/mirjam.php\">Mirjam, proro\u010dica<\/a> * <a href=\"https:\/\/amdg.eu\/2012\/07\/molitva-prorocice-mirjam\/\"> Molitva s proro\u010dicom Mirjam<\/a><\/p>\n<p><a href=\"https:\/\/amdg.eu\/2012\/02\/ucitelj-je-uskrsnuo\/\">Uskrsli Isus nije samo duh, nego \u010dovjek (Lk 24,35-48)<\/a><\/p>\n<p style=\"padding-left: 30px;\"><a href=\"https:\/\/amdg.eu\/2012\/09\/molitva-za-srce\/\">Molitva za srce<\/a> * <a href=\"https:\/\/amdg.ffrz.hr\/musica\/note\/ps8HRV.pdf\">Divno ime (Ps 8) .pdf<\/a><\/p>\n<p><a href=\"https:\/\/amdg.ffrz.hr\/duhvj\/scj2018\/07mojsije_izl34.pdf\">PDF<\/a> * <a href=\"https:\/\/amdg.ffrz.hr\/duhvj\/scj2018\/07mojsije_izl34.ppt\">Mojsijeva druga prilika &#8211; Iskusni voditelj naroda u Bo\u017ejoj \u0161koli (.ppt)<\/a> * <a title=\"Mojsijeva druga prilika\" href=\"https:\/\/amdg.eu\/2012\/06\/mojsijeva-druga-prilika\/\">Mojsijeva druga prilika (Izl 34)<\/a> * <a href=\"https:\/\/amdg.eu\/2016\/04\/molitva-s-mojsijem\/\">Molitva s Mojsijem<\/a><\/p>\n<p>petak, 6.4.<\/p>\n<p style=\"padding-left: 30px;\"><a href=\"https:\/\/amdg.ffrz.hr\/musica\/note\/ps67hr.pdf\">Uskrsnu Isus (Ps 67) .pdf<\/a><\/p>\n<p><a href=\"https:\/\/amdg.ffrz.hr\/duhvj\/scj2018\/08ps51.pdf\">PDF<\/a> * <a href=\"https:\/\/amdg.ffrz.hr\/duhvj\/scj2018\/08ps51.ppt\">Kralj &#8211; raskajani grje\u0161nik. Grijeh i obra\u0107enje u Ps 51 (.ppt)<\/a> * <a title=\"Permalink to Grijeh i opro\u0161tenje u Ps 51\" href=\"https:\/\/amdg.eu\/2013\/10\/grijeh-i-oprostenje-u-ps-51\/\" rel=\"bookmark\">Grijeh i opro\u0161tenje u Ps 51<\/a> * <a href=\"https:\/\/amdg.eu\/2015\/11\/molitva-s-kraljem-davidom\/\">Molitva s kraljem Davidom<\/a><\/p>\n<p style=\"padding-left: 30px;\"><a href=\"https:\/\/amdg.ffrz.hr\/musica\/note\/ps87hr.pdf\">Vijek hvaljen Bog (.pdf)<\/a><\/p>\n<p><a href=\"https:\/\/amdg.ffrz.hr\/duhvj\/scj2018\/09estera.pdf\">PDF<\/a> * <a href=\"https:\/\/amdg.ffrz.hr\/duhvj\/scj2018\/09estera.ppt\">Zagovornica Estera &#8211; molitva perzijske kraljice (.ppt)<\/a> *\u00a0<a title=\"Permalink to Velika molitva kraljice Estere\" href=\"https:\/\/amdg.eu\/2013\/05\/velika-molitva-kraljice-estere\/\" rel=\"bookmark\">Velika molitva kraljice Estere<\/a> * <a href=\"https:\/\/amdg.eu\/2015\/07\/molitva-s-kraljicom-esterom-2\/\">Molitva s kraljicom Esterom<\/a><\/p>\n<p>subota, 7.4.<\/p>\n<p style=\"padding-left: 30px;\"><a href=\"https:\/\/amdg.ffrz.hr\/musica\/note\/ps24.pdf\">Uskrsnu Gospodin &#8211; Ps 24 (.pdf)<\/a>\u00a0 * <a href=\"https:\/\/amdg.ffrz.hr\/musica\/note\/Sluzite2.pdf\">Slu\u017eite Gospodinu &#8211; Ps 100 (.pdf)<\/a><\/p>\n<p><a href=\"https:\/\/amdg.ffrz.hr\/duhvj\/scj2018\/10usahla.pdf\">PDF<\/a> * <a href=\"https:\/\/amdg.ffrz.hr\/duhvj\/scj2018\/10usahla.ppt\">Usahla ruka i okorjelo srce &#8211; Isus lije\u010di u sinagogi (.ppt)<\/a> * <a href=\"https:\/\/amdg.eu\/2014\/08\/molitva-s-covjekom-usahle-ruke\/\">Molitva s \u010dovjekom usahle ruke<\/a><\/p>\n<p style=\"padding-left: 30px;\"><a href=\"https:\/\/amdg.eu\/2012\/09\/molitva-za-kraljeznicu\/\">Molitva za kralje\u017enicu<\/a> * <a href=\"https:\/\/amdg.ffrz.hr\/musica\/note\/avemariaD2.pdf\">Ave Maria (.pdf)<\/a><\/p>\n<p><a href=\"https:\/\/amdg.ffrz.hr\/duhvj\/scj2018\/11lidija.pdf\">PDF<\/a> * <a href=\"https:\/\/amdg.ffrz.hr\/duhvj\/scj2018\/11lidija.ppt\">Lidija, europska vjernica, i redovnica danas (.ppt)<\/a> * <a href=\"https:\/\/amdg.eu\/2016\/04\/lidija-europska-vjernica\/\">Lidija, europska vjernica<\/a> * <a href=\"https:\/\/amdg.eu\/2014\/02\/poceci-europske-crkve\/\">Po\u010deci europske Crkve<\/a>\u00a0 * <a href=\"https:\/\/amdg.eu\/2015\/07\/molitva-s-lidijom-europskom-vjernicom\/\">Molitva s Lidijom<\/a><\/p>\n<p><a href=\"https:\/\/amdg.ffrz.hr\/duhvj\/scj2018\/incordejesu.jpg\"><img loading=\"lazy\" decoding=\"async\" class=\"aligncenter size-medium\" src=\"https:\/\/amdg.ffrz.hr\/duhvj\/scj2018\/incordejesu.jpg\" width=\"419\" height=\"419\" \/><\/a><\/p>\n<p>&nbsp;<\/p>\n<p>&nbsp;<\/p>\n","protected":false},"excerpt":{"rendered":"<p>Obratite se i vjerujte evan\u0111elju! (Mk 1,15) Duhovne vje\u017ebe Dru\u017ebe Sestara Presvetoga Srca Isusova Domus Laurana, Lovran, 2. do 8. travnja 2018. ponedjeljak, 2.4. u 20:00 Po\u0161alji Duha svojega &#8211; Molitva redovnika i redovnica PDF * Novo lice majke Ane &#8211; 1 Sam 1s (.ppt) * Plodonosan zavjet majke Ane * Ana, majka velikoga proroka [&hellip;]<\/p>\n","protected":false},"author":1,"featured_media":0,"comment_status":"closed","ping_status":"closed","sticky":false,"template":"","format":"standard","meta":{"footnotes":""},"categories":[5],"tags":[],"class_list":["post-858","post","type-post","status-publish","format-standard","hentry","category-duhovnost"],"yoast_head":"<!-- This site is optimized with the Yoast SEO plugin v26.0 - https:\/\/yoast.com\/wordpress\/plugins\/seo\/ -->\n<title>Isusovo uskrsnu\u0107e - temelj dubinskoga obra\u0107enja - Ad maiorem Dei gloriam<\/title>\n<meta name=\"robots\" content=\"index, follow, max-snippet:-1, max-image-preview:large, max-video-preview:-1\" \/>\n<link rel=\"canonical\" href=\"https:\/\/amdg.ffrz.hr\/?p=858\" \/>\n<meta property=\"og:locale\" content=\"hr_HR\" \/>\n<meta property=\"og:type\" content=\"article\" \/>\n<meta property=\"og:title\" content=\"Isusovo uskrsnu\u0107e - temelj dubinskoga obra\u0107enja - Ad maiorem Dei gloriam\" \/>\n<meta property=\"og:description\" content=\"Obratite se i vjerujte evan\u0111elju! (Mk 1,15) Duhovne vje\u017ebe Dru\u017ebe Sestara Presvetoga Srca Isusova Domus Laurana, Lovran, 2. do 8. travnja 2018. ponedjeljak, 2.4. u 20:00 Po\u0161alji Duha svojega &#8211; Molitva redovnika i redovnica PDF * Novo lice majke Ane &#8211; 1 Sam 1s (.ppt) * Plodonosan zavjet majke Ane * Ana, majka velikoga proroka [&hellip;]\" \/>\n<meta property=\"og:url\" content=\"https:\/\/amdg.ffrz.hr\/?p=858\" \/>\n<meta property=\"og:site_name\" content=\"Ad maiorem Dei gloriam\" \/>\n<meta property=\"article:publisher\" content=\"https:\/\/www.facebook.com\/paterniko\" \/>\n<meta property=\"article:author\" content=\"https:\/\/www.facebook.com\/paterniko\" \/>\n<meta property=\"article:published_time\" content=\"2018-04-10T10:16:52+00:00\" \/>\n<meta property=\"article:modified_time\" content=\"2018-07-12T07:32:54+00:00\" \/>\n<meta property=\"og:image\" content=\"https:\/\/amdg.ffrz.hr\/duhvj\/scj2017\/grbDruzbeSCJ.jpg\" \/>\n<meta name=\"author\" content=\"Niko Bili\u0107 SJ\" \/>\n<meta name=\"twitter:card\" content=\"summary_large_image\" \/>\n<meta name=\"twitter:label1\" content=\"Napisao\/la\" \/>\n\t<meta name=\"twitter:data1\" content=\"Niko Bili\u0107 SJ\" \/>\n\t<meta name=\"twitter:label2\" content=\"Procijenjeno vrijeme \u010ditanja\" \/>\n\t<meta name=\"twitter:data2\" content=\"2 minute\" \/>\n<script type=\"application\/ld+json\" class=\"yoast-schema-graph\">{\"@context\":\"https:\/\/schema.org\",\"@graph\":[{\"@type\":\"Article\",\"@id\":\"https:\/\/amdg.ffrz.hr\/?p=858#article\",\"isPartOf\":{\"@id\":\"https:\/\/amdg.ffrz.hr\/?p=858\"},\"author\":{\"name\":\"Niko Bili\u0107 SJ\",\"@id\":\"https:\/\/amdg.ffrz.hr\/#\/schema\/person\/a3d4a18838314f7054f7cdc4f4d45f4a\"},\"headline\":\"Isusovo uskrsnu\u0107e &#8211; temelj dubinskoga obra\u0107enja\",\"datePublished\":\"2018-04-10T10:16:52+00:00\",\"dateModified\":\"2018-07-12T07:32:54+00:00\",\"mainEntityOfPage\":{\"@id\":\"https:\/\/amdg.ffrz.hr\/?p=858\"},\"wordCount\":360,\"publisher\":{\"@id\":\"https:\/\/amdg.ffrz.hr\/#\/schema\/person\/a3d4a18838314f7054f7cdc4f4d45f4a\"},\"image\":{\"@id\":\"https:\/\/amdg.ffrz.hr\/?p=858#primaryimage\"},\"thumbnailUrl\":\"https:\/\/amdg.ffrz.hr\/duhvj\/scj2017\/grbDruzbeSCJ.jpg\",\"articleSection\":[\"Duhovnost\"],\"inLanguage\":\"hr\"},{\"@type\":\"WebPage\",\"@id\":\"https:\/\/amdg.ffrz.hr\/?p=858\",\"url\":\"https:\/\/amdg.ffrz.hr\/?p=858\",\"name\":\"Isusovo uskrsnu\u0107e - temelj dubinskoga obra\u0107enja - Ad maiorem Dei gloriam\",\"isPartOf\":{\"@id\":\"https:\/\/amdg.ffrz.hr\/#website\"},\"primaryImageOfPage\":{\"@id\":\"https:\/\/amdg.ffrz.hr\/?p=858#primaryimage\"},\"image\":{\"@id\":\"https:\/\/amdg.ffrz.hr\/?p=858#primaryimage\"},\"thumbnailUrl\":\"https:\/\/amdg.ffrz.hr\/duhvj\/scj2017\/grbDruzbeSCJ.jpg\",\"datePublished\":\"2018-04-10T10:16:52+00:00\",\"dateModified\":\"2018-07-12T07:32:54+00:00\",\"breadcrumb\":{\"@id\":\"https:\/\/amdg.ffrz.hr\/?p=858#breadcrumb\"},\"inLanguage\":\"hr\",\"potentialAction\":[{\"@type\":\"ReadAction\",\"target\":[\"https:\/\/amdg.ffrz.hr\/?p=858\"]}]},{\"@type\":\"ImageObject\",\"inLanguage\":\"hr\",\"@id\":\"https:\/\/amdg.ffrz.hr\/?p=858#primaryimage\",\"url\":\"https:\/\/amdg.ffrz.hr\/duhvj\/scj2017\/grbDruzbeSCJ.jpg\",\"contentUrl\":\"https:\/\/amdg.ffrz.hr\/duhvj\/scj2017\/grbDruzbeSCJ.jpg\"},{\"@type\":\"BreadcrumbList\",\"@id\":\"https:\/\/amdg.ffrz.hr\/?p=858#breadcrumb\",\"itemListElement\":[{\"@type\":\"ListItem\",\"position\":1,\"name\":\"Po\u010detna stranica\",\"item\":\"https:\/\/amdg.ffrz.hr\/\"},{\"@type\":\"ListItem\",\"position\":2,\"name\":\"Isusovo uskrsnu\u0107e &#8211; temelj dubinskoga obra\u0107enja\"}]},{\"@type\":\"WebSite\",\"@id\":\"https:\/\/amdg.ffrz.hr\/#website\",\"url\":\"https:\/\/amdg.ffrz.hr\/\",\"name\":\"Ad maiorem Dei gloriam\",\"description\":\"doc. dr. sc. Niko Bili\u0107:  nastava, duhovnost i cjelo\u017eivotno u\u010denje\",\"publisher\":{\"@id\":\"https:\/\/amdg.ffrz.hr\/#\/schema\/person\/a3d4a18838314f7054f7cdc4f4d45f4a\"},\"potentialAction\":[{\"@type\":\"SearchAction\",\"target\":{\"@type\":\"EntryPoint\",\"urlTemplate\":\"https:\/\/amdg.ffrz.hr\/?s={search_term_string}\"},\"query-input\":{\"@type\":\"PropertyValueSpecification\",\"valueRequired\":true,\"valueName\":\"search_term_string\"}}],\"inLanguage\":\"hr\"},{\"@type\":[\"Person\",\"Organization\"],\"@id\":\"https:\/\/amdg.ffrz.hr\/#\/schema\/person\/a3d4a18838314f7054f7cdc4f4d45f4a\",\"name\":\"Niko Bili\u0107 SJ\",\"image\":{\"@type\":\"ImageObject\",\"inLanguage\":\"hr\",\"@id\":\"https:\/\/amdg.ffrz.hr\/#\/schema\/person\/image\/\",\"url\":\"https:\/\/secure.gravatar.com\/avatar\/14c6ebb29114394312c36c8ab93231d11917870146d266275d4470c0b6c44b88?s=96&d=blank&r=g\",\"contentUrl\":\"https:\/\/secure.gravatar.com\/avatar\/14c6ebb29114394312c36c8ab93231d11917870146d266275d4470c0b6c44b88?s=96&d=blank&r=g\",\"caption\":\"Niko Bili\u0107 SJ\"},\"logo\":{\"@id\":\"https:\/\/amdg.ffrz.hr\/#\/schema\/person\/image\/\"},\"sameAs\":[\"https:\/\/amdg.ffrz.hr\",\"https:\/\/www.facebook.com\/paterniko\",\"https:\/\/www.youtube.com\/user\/paterniko\"]}]}<\/script>\n<!-- \/ Yoast SEO plugin. -->","yoast_head_json":{"title":"Isusovo uskrsnu\u0107e - temelj dubinskoga obra\u0107enja - Ad maiorem Dei gloriam","robots":{"index":"index","follow":"follow","max-snippet":"max-snippet:-1","max-image-preview":"max-image-preview:large","max-video-preview":"max-video-preview:-1"},"canonical":"https:\/\/amdg.ffrz.hr\/?p=858","og_locale":"hr_HR","og_type":"article","og_title":"Isusovo uskrsnu\u0107e - temelj dubinskoga obra\u0107enja - Ad maiorem Dei gloriam","og_description":"Obratite se i vjerujte evan\u0111elju! (Mk 1,15) Duhovne vje\u017ebe Dru\u017ebe Sestara Presvetoga Srca Isusova Domus Laurana, Lovran, 2. do 8. travnja 2018. ponedjeljak, 2.4. u 20:00 Po\u0161alji Duha svojega &#8211; Molitva redovnika i redovnica PDF * Novo lice majke Ane &#8211; 1 Sam 1s (.ppt) * Plodonosan zavjet majke Ane * Ana, majka velikoga proroka [&hellip;]","og_url":"https:\/\/amdg.ffrz.hr\/?p=858","og_site_name":"Ad maiorem Dei gloriam","article_publisher":"https:\/\/www.facebook.com\/paterniko","article_author":"https:\/\/www.facebook.com\/paterniko","article_published_time":"2018-04-10T10:16:52+00:00","article_modified_time":"2018-07-12T07:32:54+00:00","og_image":[{"url":"https:\/\/amdg.ffrz.hr\/duhvj\/scj2017\/grbDruzbeSCJ.jpg","type":"","width":"","height":""}],"author":"Niko Bili\u0107 SJ","twitter_card":"summary_large_image","twitter_misc":{"Napisao\/la":"Niko Bili\u0107 SJ","Procijenjeno vrijeme \u010ditanja":"2 minute"},"schema":{"@context":"https:\/\/schema.org","@graph":[{"@type":"Article","@id":"https:\/\/amdg.ffrz.hr\/?p=858#article","isPartOf":{"@id":"https:\/\/amdg.ffrz.hr\/?p=858"},"author":{"name":"Niko Bili\u0107 SJ","@id":"https:\/\/amdg.ffrz.hr\/#\/schema\/person\/a3d4a18838314f7054f7cdc4f4d45f4a"},"headline":"Isusovo uskrsnu\u0107e &#8211; temelj dubinskoga obra\u0107enja","datePublished":"2018-04-10T10:16:52+00:00","dateModified":"2018-07-12T07:32:54+00:00","mainEntityOfPage":{"@id":"https:\/\/amdg.ffrz.hr\/?p=858"},"wordCount":360,"publisher":{"@id":"https:\/\/amdg.ffrz.hr\/#\/schema\/person\/a3d4a18838314f7054f7cdc4f4d45f4a"},"image":{"@id":"https:\/\/amdg.ffrz.hr\/?p=858#primaryimage"},"thumbnailUrl":"https:\/\/amdg.ffrz.hr\/duhvj\/scj2017\/grbDruzbeSCJ.jpg","articleSection":["Duhovnost"],"inLanguage":"hr"},{"@type":"WebPage","@id":"https:\/\/amdg.ffrz.hr\/?p=858","url":"https:\/\/amdg.ffrz.hr\/?p=858","name":"Isusovo uskrsnu\u0107e - temelj dubinskoga obra\u0107enja - Ad maiorem Dei gloriam","isPartOf":{"@id":"https:\/\/amdg.ffrz.hr\/#website"},"primaryImageOfPage":{"@id":"https:\/\/amdg.ffrz.hr\/?p=858#primaryimage"},"image":{"@id":"https:\/\/amdg.ffrz.hr\/?p=858#primaryimage"},"thumbnailUrl":"https:\/\/amdg.ffrz.hr\/duhvj\/scj2017\/grbDruzbeSCJ.jpg","datePublished":"2018-04-10T10:16:52+00:00","dateModified":"2018-07-12T07:32:54+00:00","breadcrumb":{"@id":"https:\/\/amdg.ffrz.hr\/?p=858#breadcrumb"},"inLanguage":"hr","potentialAction":[{"@type":"ReadAction","target":["https:\/\/amdg.ffrz.hr\/?p=858"]}]},{"@type":"ImageObject","inLanguage":"hr","@id":"https:\/\/amdg.ffrz.hr\/?p=858#primaryimage","url":"https:\/\/amdg.ffrz.hr\/duhvj\/scj2017\/grbDruzbeSCJ.jpg","contentUrl":"https:\/\/amdg.ffrz.hr\/duhvj\/scj2017\/grbDruzbeSCJ.jpg"},{"@type":"BreadcrumbList","@id":"https:\/\/amdg.ffrz.hr\/?p=858#breadcrumb","itemListElement":[{"@type":"ListItem","position":1,"name":"Po\u010detna stranica","item":"https:\/\/amdg.ffrz.hr\/"},{"@type":"ListItem","position":2,"name":"Isusovo uskrsnu\u0107e &#8211; temelj dubinskoga obra\u0107enja"}]},{"@type":"WebSite","@id":"https:\/\/amdg.ffrz.hr\/#website","url":"https:\/\/amdg.ffrz.hr\/","name":"Ad maiorem Dei gloriam","description":"doc. dr. sc. Niko Bili\u0107:  nastava, duhovnost i cjelo\u017eivotno u\u010denje","publisher":{"@id":"https:\/\/amdg.ffrz.hr\/#\/schema\/person\/a3d4a18838314f7054f7cdc4f4d45f4a"},"potentialAction":[{"@type":"SearchAction","target":{"@type":"EntryPoint","urlTemplate":"https:\/\/amdg.ffrz.hr\/?s={search_term_string}"},"query-input":{"@type":"PropertyValueSpecification","valueRequired":true,"valueName":"search_term_string"}}],"inLanguage":"hr"},{"@type":["Person","Organization"],"@id":"https:\/\/amdg.ffrz.hr\/#\/schema\/person\/a3d4a18838314f7054f7cdc4f4d45f4a","name":"Niko Bili\u0107 SJ","image":{"@type":"ImageObject","inLanguage":"hr","@id":"https:\/\/amdg.ffrz.hr\/#\/schema\/person\/image\/","url":"https:\/\/secure.gravatar.com\/avatar\/14c6ebb29114394312c36c8ab93231d11917870146d266275d4470c0b6c44b88?s=96&d=blank&r=g","contentUrl":"https:\/\/secure.gravatar.com\/avatar\/14c6ebb29114394312c36c8ab93231d11917870146d266275d4470c0b6c44b88?s=96&d=blank&r=g","caption":"Niko Bili\u0107 SJ"},"logo":{"@id":"https:\/\/amdg.ffrz.hr\/#\/schema\/person\/image\/"},"sameAs":["https:\/\/amdg.ffrz.hr","https:\/\/www.facebook.com\/paterniko","https:\/\/www.youtube.com\/user\/paterniko"]}]}},"_links":{"self":[{"href":"https:\/\/amdg.ffrz.hr\/index.php?rest_route=\/wp\/v2\/posts\/858","targetHints":{"allow":["GET"]}}],"collection":[{"href":"https:\/\/amdg.ffrz.hr\/index.php?rest_route=\/wp\/v2\/posts"}],"about":[{"href":"https:\/\/amdg.ffrz.hr\/index.php?rest_route=\/wp\/v2\/types\/post"}],"author":[{"embeddable":true,"href":"https:\/\/amdg.ffrz.hr\/index.php?rest_route=\/wp\/v2\/users\/1"}],"replies":[{"embeddable":true,"href":"https:\/\/amdg.ffrz.hr\/index.php?rest_route=%2Fwp%2Fv2%2Fcomments&post=858"}],"version-history":[{"count":12,"href":"https:\/\/amdg.ffrz.hr\/index.php?rest_route=\/wp\/v2\/posts\/858\/revisions"}],"predecessor-version":[{"id":1048,"href":"https:\/\/amdg.ffrz.hr\/index.php?rest_route=\/wp\/v2\/posts\/858\/revisions\/1048"}],"wp:attachment":[{"href":"https:\/\/amdg.ffrz.hr\/index.php?rest_route=%2Fwp%2Fv2%2Fmedia&parent=858"}],"wp:term":[{"taxonomy":"category","embeddable":true,"href":"https:\/\/amdg.ffrz.hr\/index.php?rest_route=%2Fwp%2Fv2%2Fcategories&post=858"},{"taxonomy":"post_tag","embeddable":true,"href":"https:\/\/amdg.ffrz.hr\/index.php?rest_route=%2Fwp%2Fv2%2Ftags&post=858"}],"curies":[{"name":"wp","href":"https:\/\/api.w.org\/{rel}","templated":true}]}}